{"id":539224,"date":"2025-11-17T01:11:12","date_gmt":"2025-11-17T01:11:12","guid":{"rendered":"https:\/\/www.europesays.com\/fr\/539224\/"},"modified":"2025-11-17T01:11:12","modified_gmt":"2025-11-17T01:11:12","slug":"les-etats-unis-vont-designer-comme-terroriste-un-cartel-qui-serait-dirige-par-maduro","status":"publish","type":"post","link":"https:\/\/www.europesays.com\/fr\/539224\/","title":{"rendered":"Les \u00c9tats-Unis vont d\u00e9signer comme terroriste un cartel qui serait \u00ab\u00a0dirig\u00e9 par Maduro\u00a0\u00bb"},"content":{"rendered":"<p class=\"lead textModule textModule--type-lead \" style=\"\">(Washington) Les \u00c9tats-Unis pr\u00e9voient de classer comme groupe terroriste \u00e9tranger un suppos\u00e9 cartel dirig\u00e9 selon eux par le pr\u00e9sident v\u00e9n\u00e9zu\u00e9lien Nicolas Maduro, a annonc\u00e9 dimanche le secr\u00e9taire d\u2019\u00c9tat Marco Rubio, en pleine crise entre les deux pays. <\/p>\n<p>                    Publi\u00e9 \u00e0 18\u00a0h\u00a041<\/p>\n<p>    <a class=\"print\" href=\"https:\/\/www.lapresse.ca\/international\/2025-11-16\/javascript:window.print();\" title=\"Imprimer la page\" rel=\"nofollow noopener\" target=\"_blank\"><\/p>\n<p>        <img loading=\"lazy\" decoding=\"async\" width=\"16\" height=\"18\" src=\"https:\/\/www.europesays.com\/fr\/wp-content\/uploads\/2025\/04\/share-icon.png\" alt=\"Partager\"\/><\/p>\n<p class=\"paragraph textModule textModule--type-paragraph \" style=\"\">\u00ab\u00a0Le Cartel de los Soles (Cartel des Soleils, NDLR), ainsi que d\u2019autres organisations terroristes \u00e9trang\u00e8res d\u00e9sign\u00e9es dont Tren de Aragua et le Cartel de Sinaloa, sont responsables de violences terroristes dans notre h\u00e9misph\u00e8re et de trafic de drogue vers les \u00c9tats-Unis et l\u2019Europe\u00a0\u00bb, a d\u00e9clar\u00e9 M.\u00a0Rubio dans un communiqu\u00e9. <\/p>\n<p class=\"paragraph textModule textModule--type-paragraph \" style=\"\">Il a \u00e9galement r\u00e9it\u00e9r\u00e9 une affirmation am\u00e9ricaine selon laquelle le Cartel de los Soles serait dirig\u00e9 par Nicolas Maduro et d\u2019autres hauts fonctionnaires \u00ab\u00a0qui ont corrompu l\u2019arm\u00e9e, les services de renseignement, le pouvoir l\u00e9gislatif et le pouvoir judiciaire du Venezuela\u00a0\u00bb. <\/p>\n<p class=\"paragraph textModule textModule--type-paragraph \" style=\"\">Des experts ont remis en cause l\u2019existence de cette organisation en tant que cartel, d\u00e9crivant plut\u00f4t un syst\u00e8me de corruption profitant de la criminalit\u00e9 organis\u00e9e. <\/p>\n<p class=\"epigraph textModule textModule--type-epigraph \" style=\"\">Cette annonce de M.\u00a0Rubio intervient apr\u00e8s l\u2019arriv\u00e9e dimanche d\u2019un nouveau porte-avions am\u00e9ricain en mer des Cara\u00efbes, o\u00f9 Washington maintient une importante pr\u00e9sence militaire depuis ao\u00fbt, officiellement pour lutter contre le trafic de drogue \u00e0 destination des \u00c9tats-Unis. <\/p>\n<p class=\"paragraph textModule textModule--type-paragraph \" style=\"\">Le Venezuela accuse Washington de prendre pr\u00e9texte du narcotrafic \u00ab\u00a0pour imposer un changement de r\u00e9gime\u00a0\u00bb \u00e0 Caracas et s\u2019emparer de son p\u00e9trole. <\/p>\n<p class=\"paragraph textModule textModule--type-paragraph \" style=\"\">\u00ab\u00a0Ni Maduro ni ses acolytes ne repr\u00e9sentent le gouvernement l\u00e9gitime du Venezuela\u00a0\u00bb, a affirm\u00e9 dimanche Marco Rubio.\u00a0\u00a0<\/p>\n<p class=\"paragraph textModule textModule--type-paragraph \" style=\"\">Il a ajout\u00e9 que les \u00c9tats-Unis \u00ab\u00a0continueront \u00e0 utiliser tous les outils disponibles pour prot\u00e9ger leurs int\u00e9r\u00eats en mati\u00e8re de s\u00e9curit\u00e9 nationale et priver les narco-terroristes de financements et de ressources\u00a0\u00bb.\u00a0\u00a0<\/p>\n<p class=\"paragraph textModule textModule--type-paragraph \" style=\"\">Les \u00c9tats-Unis ont men\u00e9 depuis septembre une vingtaine de frappes dans les Cara\u00efbes et le Pacifique contre des embarcations qu\u2019ils accusent \u2013 sans pr\u00e9senter de preuves \u2013 de transporter de la drogue, faisant au moins 83\u00a0victimes. <\/p>\n<p class=\"paragraph textModule textModule--type-paragraph \" style=\"\">Donald Trump, qui a autoris\u00e9 des op\u00e9rations clandestines de la CIA au Venezuela, a donn\u00e9 des indications contradictoires sur sa strat\u00e9gie, \u00e9voquant par moments des frappes sur le sol v\u00e9n\u00e9zu\u00e9lien et des jours compt\u00e9s pour Nicolas Maduro \u00e0 la pr\u00e9sidence, mais \u00e9cartant aussi l\u2019id\u00e9e d\u2019une guerre. <\/p>\n","protected":false},"excerpt":{"rendered":"(Washington) Les \u00c9tats-Unis pr\u00e9voient de classer comme groupe terroriste \u00e9tranger un suppos\u00e9 cartel dirig\u00e9 selon eux par le&hellip;\n","protected":false},"author":2,"featured_media":539225,"comment_status":"","ping_status":"","sticky":false,"template":"","format":"standard","meta":{"footnotes":""},"categories":[1589],"tags":[11,73,1866,12,1864,1865,1863,308],"class_list":{"0":"post-539224","1":"post","2":"type-post","3":"status-publish","4":"format-standard","5":"has-post-thumbnail","7":"category-etats-unis","8":"tag-actualites","9":"tag-etats-unis","10":"tag-etats-unis-damerique","11":"tag-news","12":"tag-united-states","13":"tag-united-states-of-america","14":"tag-us","15":"tag-usa"},"share_on_mastodon":{"url":"https:\/\/pubeurope.com\/@fr\/115562380599315315","error":""},"_links":{"self":[{"href":"https:\/\/www.europesays.com\/fr\/wp-json\/wp\/v2\/posts\/539224","targetHints":{"allow":["GET"]}}],"collection":[{"href":"https:\/\/www.europesays.com\/fr\/wp-json\/wp\/v2\/posts"}],"about":[{"href":"https:\/\/www.europesays.com\/fr\/wp-json\/wp\/v2\/types\/post"}],"author":[{"embeddable":true,"href":"https:\/\/www.europesays.com\/fr\/wp-json\/wp\/v2\/users\/2"}],"replies":[{"embeddable":true,"href":"https:\/\/www.europesays.com\/fr\/wp-json\/wp\/v2\/comments?post=539224"}],"version-history":[{"count":0,"href":"https:\/\/www.europesays.com\/fr\/wp-json\/wp\/v2\/posts\/539224\/revisions"}],"wp:featuredmedia":[{"embeddable":true,"href":"https:\/\/www.europesays.com\/fr\/wp-json\/wp\/v2\/media\/539225"}],"wp:attachment":[{"href":"https:\/\/www.europesays.com\/fr\/wp-json\/wp\/v2\/media?parent=539224"}],"wp:term":[{"taxonomy":"category","embeddable":true,"href":"https:\/\/www.europesays.com\/fr\/wp-json\/wp\/v2\/categories?post=539224"},{"taxonomy":"post_tag","embeddable":true,"href":"https:\/\/www.europesays.com\/fr\/wp-json\/wp\/v2\/tags?post=539224"}],"curies":[{"name":"wp","href":"https:\/\/api.w.org\/{rel}","templated":true}]}}