{"id":53923,"date":"2025-04-26T08:21:08","date_gmt":"2025-04-26T08:21:08","guid":{"rendered":"https:\/\/www.europesays.com\/fr\/53923\/"},"modified":"2025-04-26T08:21:08","modified_gmt":"2025-04-26T08:21:08","slug":"donner-de-la-visibilite-au-talent-de-jeunes-realisateurs-le-festival-toulon-tout-court-a-destination-des-etudiants-fait-son-retour","status":"publish","type":"post","link":"https:\/\/www.europesays.com\/fr\/53923\/","title":{"rendered":"\u00ab\u00a0Donner de la visibilit\u00e9 au talent de jeunes r\u00e9alisateurs\u00a0\u00bb: le festival \u00ab\u00a0Toulon tout court\u00a0\u00bb \u00e0 destination des \u00e9tudiants fait son retour"},"content":{"rendered":"<p>L\u2019\u00e9v\u00e9nement n\u2019est pas nouveau \u00e0 Toulon. Apr\u00e8s dix ans d\u2019existence, le festival Toulon tout court est de retour et c\u00e9l\u00e8bre son anniversaire. Devenue incontournable, la manifestation vise \u00e0 mettre en valeur les courts-m\u00e9trages r\u00e9alis\u00e9s par des \u00e9tudiants.<\/p>\n<p>\u00ab\u00a0Aujourd\u2019hui encore, l\u2019objectif reste le m\u00eame: donner de la visibilit\u00e9 au talent de jeunes r\u00e9alisateurs, promouvoir la culture cin\u00e9matographique aupr\u00e8s du plus grand nombre et encourager la cr\u00e9ation artistique \u00ab\u00a0, explique Salom\u00e9, l\u2019une des six \u00e9tudiants en BUT M\u00e9tiers du Multim\u00e9dia et de l\u2019Internet (MMI), en charge de l\u2019organisation du festival cette ann\u00e9e. \u00a0\u00bb Nous avons pour mission de recueillir des courts-m\u00e9trages d\u2019\u00e9tudiants de la France enti\u00e8re et de les diffuser \u00e0 l\u2019occasion du festival organis\u00e9 le 14 mai prochain. L\u2019\u00e9v\u00e9nement se tiendra, comme \u00e0 son habitude, au sein de l\u2019universit\u00e9 de Toulon \u00ab\u00a0.<\/p>\n<p>Pour les \u00e9tudiants qui souhaitent envoyer leurs films, une condition est \u00e0 respecter: \u00a0\u00bb que la dur\u00e9e soit de 3 \u00e0 26 minutes. La date limite de d\u00e9p\u00f4t est fix\u00e9e au 30 avril. Aujourd\u2019hui, nous en avons re\u00e7u une dizaine. Nous esp\u00e9rons en diffuser une vingtaine le 14 mai (1) \u00ab\u00a0.<\/p>\n<p>\u00c0 l\u2019issue des projections, quatre prix seront remis: celui de l\u2019animation, de la fiction, du jury et du public. L\u2019occasion pour les participants d\u2019\u00e9changer avec des r\u00e9alisateurs et des professionnels du milieu de l\u2019audiovisuel, afin d\u2019avoir des retours sur leurs r\u00e9alisations. \u00ab\u00a0C\u2019est une opportunit\u00e9 unique pour les amateurs d\u2019audiovisuel d\u2019accro\u00eetre leur visibilit\u00e9\u00a0\u00bb, conclut-on du c\u00f4t\u00e9 de l\u2019organisation.<\/p>\n<p>\u00a0<\/p>\n<p>1. Pour d\u00e9poser votre candidature, contactez l\u2019adresse suivante: contact@toulontoutcourt.fr<\/p>\n","protected":false},"excerpt":{"rendered":"L\u2019\u00e9v\u00e9nement n\u2019est pas nouveau \u00e0 Toulon. Apr\u00e8s dix ans d\u2019existence, le festival Toulon tout court est de retour&hellip;\n","protected":false},"author":2,"featured_media":53924,"comment_status":"","ping_status":"","sticky":false,"template":"","format":"standard","meta":{"footnotes":""},"categories":[9619],"tags":[1111,11,1777,674,1011,27,12,882,25,2310,3366],"class_list":{"0":"post-53923","1":"post","2":"type-post","3":"status-publish","4":"format-standard","5":"has-post-thumbnail","7":"category-toulon","8":"tag-actu","9":"tag-actualites","10":"tag-eu","11":"tag-europe","12":"tag-fr","13":"tag-france","14":"tag-news","15":"tag-provence-alpes-cote-dazur","16":"tag-republique-francaise","17":"tag-toulon","18":"tag-vie-locale"},"share_on_mastodon":{"url":"https:\/\/pubeurope.com\/@fr\/114403297607318570","error":""},"_links":{"self":[{"href":"https:\/\/www.europesays.com\/fr\/wp-json\/wp\/v2\/posts\/53923","targetHints":{"allow":["GET"]}}],"collection":[{"href":"https:\/\/www.europesays.com\/fr\/wp-json\/wp\/v2\/posts"}],"about":[{"href":"https:\/\/www.europesays.com\/fr\/wp-json\/wp\/v2\/types\/post"}],"author":[{"embeddable":true,"href":"https:\/\/www.europesays.com\/fr\/wp-json\/wp\/v2\/users\/2"}],"replies":[{"embeddable":true,"href":"https:\/\/www.europesays.com\/fr\/wp-json\/wp\/v2\/comments?post=53923"}],"version-history":[{"count":0,"href":"https:\/\/www.europesays.com\/fr\/wp-json\/wp\/v2\/posts\/53923\/revisions"}],"wp:featuredmedia":[{"embeddable":true,"href":"https:\/\/www.europesays.com\/fr\/wp-json\/wp\/v2\/media\/53924"}],"wp:attachment":[{"href":"https:\/\/www.europesays.com\/fr\/wp-json\/wp\/v2\/media?parent=53923"}],"wp:term":[{"taxonomy":"category","embeddable":true,"href":"https:\/\/www.europesays.com\/fr\/wp-json\/wp\/v2\/categories?post=53923"},{"taxonomy":"post_tag","embeddable":true,"href":"https:\/\/www.europesays.com\/fr\/wp-json\/wp\/v2\/tags?post=53923"}],"curies":[{"name":"wp","href":"https:\/\/api.w.org\/{rel}","templated":true}]}}