{"id":539240,"date":"2025-11-17T01:22:23","date_gmt":"2025-11-17T01:22:23","guid":{"rendered":"https:\/\/www.europesays.com\/fr\/539240\/"},"modified":"2025-11-17T01:22:23","modified_gmt":"2025-11-17T01:22:23","slug":"swiatek-bat-lee-et-qualifie-la-pologne-pour-les-bjk-cup-qualifiers","status":"publish","type":"post","link":"https:\/\/www.europesays.com\/fr\/539240\/","title":{"rendered":"Swiatek bat Lee et qualifie la Pologne pour les BJK Cup Qualifiers"},"content":{"rendered":"<p>                <img decoding=\"async\" src=\"https:\/\/www.europesays.com\/fr\/wp-content\/uploads\/2025\/11\/iBtz.jpg\" fetchpriority=\"high\" alt=\"Swiatek bat Lee et qualifie la Pologne pour les BJK Cup Qualifiers\"\/><\/p>\n<p>Apr\u00e8s une victoire facile ce vendredi contre Elyse Tse ce vendredi en 45 minutes, Iga Swiatek a battu ce dimanche la roumaine Gabriela Lee sur le score de 6-0, 6-1 en 1h02 de jeu.<\/p>\n<p><strong>Gr\u00e2ce \u00e0 cette victoire, la Pologne sort victorieuse de son groupe compos\u00e9 de la Roumanie et de la Nouvelle-Z\u00e9lande.<\/strong><\/p>\n<p>Elle jouera la phase de qualifications de la Billie Jean King Cup en 2026 pour tenter de d\u00e9crocher une place pour les Finals de fin d&rsquo;ann\u00e9e.<\/p>\n","protected":false},"excerpt":{"rendered":"Apr\u00e8s une victoire facile ce vendredi contre Elyse Tse ce vendredi en 45 minutes, Iga Swiatek a battu&hellip;\n","protected":false},"author":2,"featured_media":539241,"comment_status":"","ping_status":"","sticky":false,"template":"","format":"standard","meta":{"footnotes":""},"categories":[1415],"tags":[1011,27,60,1467],"class_list":{"0":"post-539240","1":"post","2":"type-post","3":"status-publish","4":"format-standard","5":"has-post-thumbnail","7":"category-tennis","8":"tag-fr","9":"tag-france","10":"tag-sports","11":"tag-tennis"},"share_on_mastodon":{"url":"https:\/\/pubeurope.com\/@fr\/115562424507892950","error":""},"_links":{"self":[{"href":"https:\/\/www.europesays.com\/fr\/wp-json\/wp\/v2\/posts\/539240","targetHints":{"allow":["GET"]}}],"collection":[{"href":"https:\/\/www.europesays.com\/fr\/wp-json\/wp\/v2\/posts"}],"about":[{"href":"https:\/\/www.europesays.com\/fr\/wp-json\/wp\/v2\/types\/post"}],"author":[{"embeddable":true,"href":"https:\/\/www.europesays.com\/fr\/wp-json\/wp\/v2\/users\/2"}],"replies":[{"embeddable":true,"href":"https:\/\/www.europesays.com\/fr\/wp-json\/wp\/v2\/comments?post=539240"}],"version-history":[{"count":0,"href":"https:\/\/www.europesays.com\/fr\/wp-json\/wp\/v2\/posts\/539240\/revisions"}],"wp:featuredmedia":[{"embeddable":true,"href":"https:\/\/www.europesays.com\/fr\/wp-json\/wp\/v2\/media\/539241"}],"wp:attachment":[{"href":"https:\/\/www.europesays.com\/fr\/wp-json\/wp\/v2\/media?parent=539240"}],"wp:term":[{"taxonomy":"category","embeddable":true,"href":"https:\/\/www.europesays.com\/fr\/wp-json\/wp\/v2\/categories?post=539240"},{"taxonomy":"post_tag","embeddable":true,"href":"https:\/\/www.europesays.com\/fr\/wp-json\/wp\/v2\/tags?post=539240"}],"curies":[{"name":"wp","href":"https:\/\/api.w.org\/{rel}","templated":true}]}}