{"id":539254,"date":"2025-11-17T01:33:16","date_gmt":"2025-11-17T01:33:16","guid":{"rendered":"https:\/\/www.europesays.com\/fr\/539254\/"},"modified":"2025-11-17T01:33:16","modified_gmt":"2025-11-17T01:33:16","slug":"pedro-pascal-horrifie-par-un-detail-du-film-quil-ne-refera-jamais","status":"publish","type":"post","link":"https:\/\/www.europesays.com\/fr\/539254\/","title":{"rendered":"Pedro Pascal \u00ab\u00a0horrifi\u00e9\u00a0\u00bb par un d\u00e9tail du film qu&rsquo;il ne \u00ab\u00a0refera jamais\u00a0\u00bb"},"content":{"rendered":"<p class=\"app_entry_lead\">\n                                            <a title=\"\u00a0\u00a9\u00a0LILO\/SIPA (publi\u00e9e le 13\/11\/2025)\" href=\"https:\/\/img-4.linternaute.com\/BlKhxRNz6Ra-fod2J1FJgsB37mw=\/1240x\/smart\/e8cbed1205d947b783f04c306979b999\/ccmcms-linternaute\/82677403.jpg\" class=\"fancy\" target=\"_blank\" rel=\"noopener\"><br \/>\n                            <img decoding=\"async\" alt=\"Wonder Woman 1984\u00a0: Pedro Pascal &quot;horrifi\u00e9&quot; par un d\u00e9tail du film qu'il ne &quot;refera jamais&quot;\" src=\"https:\/\/www.europesays.com\/fr\/wp-content\/uploads\/2025\/11\/82677403.jpg\" width=\"&quot;540&quot;\" height=\"&quot;360&quot;\"\/><br \/>\n                        <\/a><br \/>\n                                        \u00ab\u00a0Wonder Woman 1984\u00a0\u00bb est le deuxi\u00e8me \u00e9pisode des aventures de Diana Prince avec Gal Gadot. Pedro Pascal y incarne le grand m\u00e9chant, mais reste \u00ab\u00a0choqu\u00e9\u00a0\u00bb par un d\u00e9tail.\n                <\/p>\n<p>                <a class=\"tv-broadcast__channel-logo\" title=\"TF1\" href=\"https:\/\/www.linternaute.com\/television\/programme-tf1\/\" target=\"_blank\" rel=\"noopener\"><br \/>\n                    <img decoding=\"async\" alt=\"TF1\" src=\"https:\/\/www.europesays.com\/fr\/wp-content\/uploads\/2025\/06\/192.png\"\/><br \/>\n                <\/a><\/p>\n<p>\n                        TF1<br \/>\n                        Dimanche 16 novembre \u00e0 21h10\n                    <\/p>\n<p>\n                        4\/3 | Interdit aux moins de 10 ans\n                    <\/p>\n<p>Sommaire<\/p>\n<p>Sorti en 2020, en pleine pand\u00e9mie de Covid-19,\u00a0Wonder Woman 1984\u00a0est un film d&rsquo;action qui voit <a href=\"https:\/\/www.linternaute.fr\/cinema\/biographie\/1774402-gal-gadot-biographie-courte-dates-citations\/\" title=\"Gal Gadot\" target=\"_blank\" rel=\"noopener\">Gal Gadot<\/a> interpr\u00e9t\u00e9 pour la seconde (et derni\u00e8re fois) la super-h\u00e9ro\u00efne au lasso dans un film solo r\u00e9alis\u00e9 par Patty Jenkins. Le long-m\u00e9trage est un \u00e9chec critique et populaire (pas \u00e9tonnant, puisqu&rsquo;il est sorti directement en streaming aux US, dans un nombre r\u00e9duit de salles \u00e0 travers le monde pour les autres pays), malgr\u00e9 un joli casting : Gal Gadot est rejoint par Kristen Wiig, Chris Pine et Pedro Pascal, qui incarne le grand m\u00e9chant, Maxwell Lord.<\/p>\n<p>Dans une vid\u00e9o\u00a0Agree to Disagree\u00a0pour le m\u00e9dia\u00a0LADbible&rsquo;s, Pedro Pascal est revenu sur un d\u00e9tail bien particulier du film\u00a0Wonder Woman 1984\u00a0: sa pilosit\u00e9 faciale, qu&rsquo;il juge \u00ab\u00a0vraiment naze\u00a0\u00bb. \u00ab\u00a0Si je devais tout raser, j&rsquo;aurais vraiment l&rsquo;air affreux.\u00a0Je suis totalement contre le fait d&rsquo;\u00eatre ras\u00e9 de pr\u00e8s.\u00a0\u00bb R\u00e9sultat, il n&rsquo;est pas fan par son physique dans le long-m\u00e9trage : \u00ab\u00a0J&rsquo;\u00e9tais horrifi\u00e9 par ma t\u00eate dans Wonder Woman 1984. J&rsquo;ai ador\u00e9 le film, mais j&rsquo;\u00e9tais tellement choqu\u00e9 par mon apparence que je ne l&rsquo;ai jamais refait. Je le referai uniquement si c&rsquo;est vraiment indispensable.\u00a0\u00bb<\/p>\n<p>Fiche film<\/p>\n<p>Imagin\u00e9e en 1941\u00a0par Charles Moulton, Wonder Woman est une super-h\u00e9ro\u00efne issue de l&rsquo;univers DC Comics. La princesse Diana qui fait partie d&rsquo;une tribu d&rsquo;amazones est dot\u00e9e de plusieurs pouvoirs et d&rsquo;accessoires magiques comme son fameux lasso et des bracelets \u00e0 l&rsquo;\u00e9preuve des balles. Elle accomplit de nombreuses missions notamment avec d&rsquo;autres justiciers comme Superman et Batman. Apr\u00e8s une s\u00e9rie TV culte des ann\u00e9es 1970, une premi\u00e8re adaptation au cin\u00e9ma avec Gal Gadot est sortie en 2017\u00a0et a remport\u00e9 un joli succ\u00e8s. Sa suite,\u00a0Wonder Woman 1984, est un \u00e9chec.<\/p>\n<p><a id=\"synopsis\" name=\"synopsis\"><strong>Synopsis<\/strong><\/a> &#8211; Apr\u00e8s un premier \u00e9pisode situ\u00e9 durant la Premi\u00e8re Guerre mondiale, Wonder Woman 1984\u00a0se d\u00e9roulera, comme son titre l&rsquo;indique, dans les ann\u00e9es 1980.\u00a0La super-h\u00e9ro\u00efne va devoir affronter deux nouveaux ennemis, Max Lord et Cheetah.\u00a0<\/p>\n<p>Que signifie le 1984 du titre Wonder Woman 2 ?<\/p>\n<p>Dans un podcast du site <a href=\"https:\/\/deadline.com\/2019\/05\/patty-jenkins-wonder-woman-1984-i-am-the-night-crew-call-podcast-1202620415\/\" target=\"_blank\" rel=\"noopener\">Deadline<\/a>\u00a0avant la sortie du film, la r\u00e9alisatrice Patty Jenkins \u00e9voquait\u00a0la suite des aventures de Diana Prince, intitul\u00e9 Wonder Woman 1984. Alors que le premier volet se d\u00e9roulait durant la Premi\u00e8re Guerre Mondiale, la suite aura lieu en 1984 comme l&rsquo;indique son titre.\u00a0Mais peut-on s&rsquo;attendre \u00e0 ce que les th\u00e8mes \u00e9voqu\u00e9s dans Wonder Woman 2 soient li\u00e9s au chef d&rsquo;oeuvre d&rsquo;anticipation de <a href=\"https:\/\/www.linternaute.fr\/biographie\/litterature\/1775072-george-orwell-biographie-courte-dates-citations\/\" title=\"George Orwell\" target=\"_blank\" rel=\"noopener\">George Orwell<\/a> 1984 ?\u00a0<\/p>\n<p>Patty Jenkins r\u00e9pondait alors sans trop en dire : \u00ab\u00a0Sinc\u00e8rement, je ne peux pas vous en parler.\u00a0Tout ce que je peux vous dire c&rsquo;est que l&rsquo;ann\u00e9e 1984 en elle-m\u00eame est \u00e0 la fois tr\u00e8s \u00e9vocatrice de ce qui se passe dans ce film et fait \u00e9cho \u00e0 ce qui se passe de nos jours.\u00a0J&rsquo;ai choisi 1984 pour une raison tr\u00e8s sp\u00e9cifique : c&rsquo;\u00e9tait l&rsquo;apog\u00e9e du succ\u00e8s des ann\u00e9es 1980 \u00e0 mon sens.\u00a0C&rsquo;\u00e9tait avant que les march\u00e9s commencent \u00e0 se crisper dans la suite des ann\u00e9es 80, c&rsquo;\u00e9tait le\u00a0top du top.\u00a0Et il y a quelque chose dans l&rsquo;exc\u00e8s de cette p\u00e9riode qui est tr\u00e8s li\u00e9e \u00e0 notre situation dans le monde en ce moment. Le film se passe cette ann\u00e9e l\u00e0 pour une raison.\u00a0C&rsquo;est tout ce que je dirais.\u00a0\u00bb<\/p>\n","protected":false},"excerpt":{"rendered":"\u00ab\u00a0Wonder Woman 1984\u00a0\u00bb est le deuxi\u00e8me \u00e9pisode des aventures de Diana Prince avec Gal Gadot. Pedro Pascal y&hellip;\n","protected":false},"author":2,"featured_media":539255,"comment_status":"","ping_status":"","sticky":false,"template":"","format":"standard","meta":{"footnotes":""},"categories":[1354],"tags":[65798,51761,58,59,64548,1346,51763,1011,27,12909,1360,51767,12915],"class_list":{"0":"post-539254","1":"post","2":"type-post","3":"status-publish","4":"format-standard","5":"has-post-thumbnail","7":"category-films","8":"tag-cms-linternaute-1799231","9":"tag-controller-content","10":"tag-divertissement","11":"tag-entertainment","12":"tag-film-d-action","13":"tag-films","14":"tag-format-papier","15":"tag-fr","16":"tag-france","17":"tag-gal-gadot","18":"tag-movies","19":"tag-parallaxeinfeed","20":"tag-wonder-woman"},"share_on_mastodon":{"url":"https:\/\/pubeurope.com\/@fr\/115562467274646228","error":""},"_links":{"self":[{"href":"https:\/\/www.europesays.com\/fr\/wp-json\/wp\/v2\/posts\/539254","targetHints":{"allow":["GET"]}}],"collection":[{"href":"https:\/\/www.europesays.com\/fr\/wp-json\/wp\/v2\/posts"}],"about":[{"href":"https:\/\/www.europesays.com\/fr\/wp-json\/wp\/v2\/types\/post"}],"author":[{"embeddable":true,"href":"https:\/\/www.europesays.com\/fr\/wp-json\/wp\/v2\/users\/2"}],"replies":[{"embeddable":true,"href":"https:\/\/www.europesays.com\/fr\/wp-json\/wp\/v2\/comments?post=539254"}],"version-history":[{"count":0,"href":"https:\/\/www.europesays.com\/fr\/wp-json\/wp\/v2\/posts\/539254\/revisions"}],"wp:featuredmedia":[{"embeddable":true,"href":"https:\/\/www.europesays.com\/fr\/wp-json\/wp\/v2\/media\/539255"}],"wp:attachment":[{"href":"https:\/\/www.europesays.com\/fr\/wp-json\/wp\/v2\/media?parent=539254"}],"wp:term":[{"taxonomy":"category","embeddable":true,"href":"https:\/\/www.europesays.com\/fr\/wp-json\/wp\/v2\/categories?post=539254"},{"taxonomy":"post_tag","embeddable":true,"href":"https:\/\/www.europesays.com\/fr\/wp-json\/wp\/v2\/tags?post=539254"}],"curies":[{"name":"wp","href":"https:\/\/api.w.org\/{rel}","templated":true}]}}