{"id":539256,"date":"2025-11-17T01:34:11","date_gmt":"2025-11-17T01:34:11","guid":{"rendered":"https:\/\/www.europesays.com\/fr\/539256\/"},"modified":"2025-11-17T01:34:11","modified_gmt":"2025-11-17T01:34:11","slug":"pourquoi-le-wegovy-ou-le-mounjaro-ne-sont-pas-des-remedes-miracles","status":"publish","type":"post","link":"https:\/\/www.europesays.com\/fr\/539256\/","title":{"rendered":"Pourquoi le Wegovy ou le Mounjaro ne sont pas des rem\u00e8des miracles"},"content":{"rendered":"<p>Les nouveaux traitements comme l\u2019Ozempic suscitent l\u2019espoir, mais ils ne sauraient \u00e0 eux seuls enrayer une \u00e9pid\u00e9mie aux causes profondes et multiples, temp\u00e8rent les chercheurs Alexandre Duparc, Olivier Lairez Philippe Terral (universit\u00e9 de Toulouse) et Tania Pachef (universit\u00e9 de Picardie Jules Verne).<\/p>\n<p>La lutte contre l\u2019ob\u00e9sit\u00e9 est l\u2019un des enjeux majeurs de la m\u00e9decine du XXIe\u00a0si\u00e8cle. Cette maladie chronique, aux nombreuses complications physiques, psychologiques et sociales a vu sa pr\u00e9valence mondiale doubler entre\u00a01990 et\u00a02022, date \u00e0 laquelle elle touche, selon l\u2019Organisation mondiale de la sant\u00e9 (OMS), plus d\u2019un milliard de personnes (<a href=\"https:\/\/www.who.int\/fr\/news-room\/fact-sheets\/detail\/obesity-and-overweight\" rel=\"nofollow noopener\" target=\"_blank\" class=\"c-link c-link--is-underlined\">880\u00a0millions d\u2019adultes et 160\u00a0millions d\u2019enfants<\/a>).<\/p>\n<p>La France n\u2019est pas \u00e9pargn\u00e9e. On consid\u00e8re qu\u2019environ 8\u00a0millions de Fran\u00e7aises et de Fran\u00e7ais sont actuellement concern\u00e9s par l\u2019ob\u00e9sit\u00e9. Sa <a href=\"https:\/\/www.ined.fr\/fr\/lexique\/prevalence-d-une-maladie\/\" rel=\"nofollow noopener\" target=\"_blank\" class=\"c-link c-link--is-underlined\">pr\u00e9valence<\/a> est pass\u00e9e de <a href=\"https:\/\/presse.inserm.fr\/obesite-et-surpoids-pres-dun-francais-sur-deux-concerne-etat-des-lieux-prevention-et-solutions-therapeutiques\/66542\/\" rel=\"nofollow noopener\" target=\"_blank\" class=\"c-link c-link--is-underlined\">8,5\u00a0% en\u00a01997 \u00e0 15\u00a0% en\u00a02012, puis 17\u00a0% en\u00a02020<\/a> et cette tendance va se poursuivre <a href=\"https:\/\/sante.gouv.fr\/IMG\/pdf\/rapport_laville.pdf#page=13\" rel=\"nofollow noopener\" target=\"_blank\" class=\"c-link c-link--is-underlined\">dans les ann\u00e9es \u00e0 venir.<\/a><\/p>\n<p><\/p>\n<p>R\u00e9cemment, de nouveaux m\u00e9dicaments \u2013 <a href=\"https:\/\/www.20minutes.fr\/sante\/4114315-20241008-wegovy-patients-eligibles-efficacite-prix-sait-traitement-contre-obesite\" class=\"c-link c-link--is-underlined\" rel=\"nofollow noopener\" target=\"_blank\">les analogues de l\u2019hormone intestinale glucagon-like peptide-1 (GLP-1)<\/a> \u2013 ont int\u00e9gr\u00e9 l\u2019arsenal th\u00e9rapeutique, suscitant de nouveaux espoirs. Cependant, ils ne permettront pas \u00e0 eux seuls de vaincre l\u2019ob\u00e9sit\u00e9. Explications.<\/p>\n<p>De nouvelles mol\u00e9cules efficaces<\/p>\n<p>L\u2019OMS d\u00e9finit le surpoids et l\u2019ob\u00e9sit\u00e9 comme une <a href=\"https:\/\/www.who.int\/health-topics\/obesity#tab=tab_1\" rel=\"nofollow noopener\" target=\"_blank\" class=\"c-link c-link--is-underlined\">accumulation anormale ou excessive de graisse<\/a>, pr\u00e9sentant un risque pour la sant\u00e9. Une personne est consid\u00e9r\u00e9e comme en surpoids si son indice de masse corporelle (IMC) est sup\u00e9rieur \u00e0 25, et comme ob\u00e8se si celui-ci d\u00e9passe 30.<\/p>\n<p>Historiquement, la prise en charge th\u00e9rapeutique de cette maladie s\u2019est structur\u00e9e autour d\u2019une approche pluridisciplinaire et globale alliant conseils d\u2019hygi\u00e8ne de vie (activit\u00e9 physique, alimentation), suivi psychologique, pr\u00e9vention et traitement des complications. Pour les cas les plus s\u00e9v\u00e8res, le recours \u00e0 la <a href=\"https:\/\/www.inserm.fr\/c-est-quoi\/couper-caler-cest-quoi-la-chirurgie-bariatrique\/\" rel=\"nofollow noopener\" target=\"_blank\" class=\"c-link c-link--is-underlined\">chirurgie bariatrique<\/a> peut \u00eatre envisag\u00e9.<\/p>\n<p>Les th\u00e9rapeutiques m\u00e9dicamenteuses sont longtemps rest\u00e9es en retrait. On se souvient de l\u2019\u00e9chec du dexfenfluramine (nom commercial Isomeride, autoris\u00e9 en France de\u00a01985 \u00e0\u00a01997), puis du benfluorex (nom commercial Mediator, autoris\u00e9 de\u00a01976 \u00e0\u00a02009). Tous deux ont \u00e9t\u00e9 retir\u00e9s du march\u00e9 en raison de leurs effets secondaires aux cons\u00e9quences dramatiques, notamment cardiaques (d\u00e9gradation des valves cardiaques) et pulmonaires (hypertension art\u00e9rielle pulmonaire). Le Mediator reste <a href=\"https:\/\/www.20minutes.fr\/dossier\/mediator\" class=\"c-link c-link--is-underlined\" rel=\"nofollow noopener\" target=\"_blank\">associ\u00e9 \u00e0 l\u2019un des plus retentissants scandales sanitaires des derni\u00e8res d\u00e9cennies<\/a>.<\/p>\n<p>Depuis peu, une nouvelle classe de mol\u00e9cules est \u00e0 la disposition du corps m\u00e9dical pour lutter contre l\u2019ob\u00e9sit\u00e9\u00a0: les analogues du peptide glucagon-like 1 (GLP-1). Cette petite hormone permet d\u2019augmenter la production d\u2019insuline, et donc de mieux absorber le glucose. Elle a un effet central b\u00e9n\u00e9fique sur la sati\u00e9t\u00e9 et retarde la vidange gastrique (le vidage de l\u2019estomac). Parmi ces nouveaux m\u00e9dicaments figurent le liraglutide (commercialis\u00e9 sous les noms Saxenda pour l\u2019ob\u00e9sit\u00e9 ou Victoza pour le diab\u00e8te), le s\u00e9maglutide (noms commerciaux Wegovy pour l\u2019ob\u00e9sit\u00e9 ou Ozempic pour le diab\u00e8te) et le tirz\u00e9patide (Mounjaro).<\/p>\n<p>Prescrites sous forme d\u2019injections hebdomadaires, ces mol\u00e9cules \u00e9taient d\u00e9j\u00e0 indiqu\u00e9es en routine dans la prise en charge du diab\u00e8te de type 2. Plusieurs essais cliniques de grande envergure chez les sujets ob\u00e8ses ou en surpoids mais indemnes de diab\u00e8te ont d\u00e9montr\u00e9 l\u2019efficacit\u00e9 de ces m\u00e9dicaments en compl\u00e9ment d\u2019une prise en charge alliant di\u00e9t\u00e9tique et activit\u00e9 physique. Le b\u00e9n\u00e9fice semble d\u00e9passer la seule perte de poids, puisqu\u2019on constate \u00e9galement une am\u00e9lioration de certains param\u00e8tres cardiovasculaires et m\u00e9taboliques.<\/p>\n<p>L\u2019autorisation de mise sur le march\u00e9 permet actuellement de les prescrire en compl\u00e9ment d\u2019un r\u00e9gime hypocalorique et d\u2019une augmentation de l\u2019activit\u00e9 physique, chez l\u2019adulte ayant un <a href=\"https:\/\/www.ameli.fr\/assure\/sante\/themes\/surpoids-obesite-adulte\/calcul-imc-bilan-medical\" rel=\"nofollow noopener\" target=\"_blank\" class=\"c-link c-link--is-underlined\">indice de masse corporelle <\/a>sup\u00e9rieur \u00e0 30\u00a0kg\/m2 ou sup\u00e9rieur \u00e0 27 en cas de co-morbidit\u00e9 li\u00e9e au poids. Toutefois, l\u2019Assurance maladie ne les rembourse pas.<\/p>\n<p>Ces traitements, qui apparaissent comme simples, efficaces et moins invasifs que la chirurgie, ont soulev\u00e9 un enthousiasme l\u00e9gitime. Il est cependant illusoire d\u2019imaginer que le combat contre l\u2019ob\u00e9sit\u00e9 puisse se r\u00e9duire \u00e0 l\u2019injection hebdomadaire d\u2019un m\u00e9dicament. En effet, les causes de l\u2019ob\u00e9sit\u00e9 et du surpoids sont multifactorielles, et d\u00e9passent la probl\u00e9matique du seul d\u00e9s\u00e9quilibre entre apports et d\u00e9penses caloriques.<\/p>\n<p>Ob\u00e9sit\u00e9, surpoids\u00a0: des multiples causes<\/p>\n<p>Les travaux de recherche ont r\u00e9v\u00e9l\u00e9 que les risques de surpoids et d\u2019ob\u00e9sit\u00e9 <a href=\"https:\/\/pubmed.ncbi.nlm.nih.gov\/39159652\/\" rel=\"nofollow noopener\" target=\"_blank\" class=\"c-link c-link--is-underlined\">d\u00e9pendent de plusieurs d\u00e9terminants<\/a>\u00a0: des facteurs g\u00e9n\u00e9tiques (et \u00e9pig\u00e9n\u00e9tiques), endocriniens (autrement dit, hormonaux), m\u00e9dicamenteux (certains traitements augmentent le risque), psychologiques, sociologiques ou encore environnementaux.<\/p>\n<p>Concernant ce dernier point, on sait aujourd\u2019hui que de nombreuses substances omnipr\u00e9sentes dans l\u2019environnement sont class\u00e9es comme ob\u00e9sog\u00e8nes. Elles peuvent perturber notre m\u00e9tabolisme hormonal (perturbateurs endocriniens), <a href=\"https:\/\/pubmed.ncbi.nlm.nih.gov\/25066177\/\" rel=\"nofollow noopener\" target=\"_blank\" class=\"c-link c-link--is-underlined\">modifier notre microbiote intestinal<\/a>, ou agir \u00e0 l\u2019\u00e9chelle g\u00e9n\u00e9tique et \u00e9pig\u00e9n\u00e9tique.<\/p>\n<p>Dans ce contexte, le concept d\u2019exposome, d\u00e9fini comme \u00ab\u00a0l\u2019ensemble des expositions environnementales au cours de la vie, y compris les facteurs li\u00e9s au mode de vie, d\u00e8s la p\u00e9riode pr\u00e9natale\u00a0\u00bb, prend tout son sens.<\/p>\n<p>Dans certains cas, les effets des d\u00e9terminants impliqu\u00e9s dans l\u2019ob\u00e9sit\u00e9 peuvent rester latents pendant de nombreuses ann\u00e9es, et les cons\u00e9quences ne s\u2019exprimer que tardivement, voire aux g\u00e9n\u00e9rations suivantes. Le di\u00e9thylstilbestrol (plus connu sous son nom commercial Distilb\u00e8ne) est un exemple embl\u00e9matique de ces effets m\u00e9taboliques transg\u00e9n\u00e9rationnels, non seulement en mati\u00e8re de surpoids et d\u2019ob\u00e9sit\u00e9, mais \u00e9galement en ce qui concerne le risque de cancers.<\/p>\n<p>C\u2019est pour rendre compte de ces ph\u00e9nom\u00e8nes causaux que le <a href=\"https:\/\/inserm.hal.science\/inserm-00712586\" rel=\"nofollow noopener\" target=\"_blank\" class=\"c-link c-link--is-underlined\">concept de developmental origins of health and disease (DOHaD)<\/a> \u2013 origines d\u00e9veloppementales de la sant\u00e9 et des maladies \u2013 a \u00e9t\u00e9 forg\u00e9.<\/p>\n<p>Une fois expos\u00e9e la complexit\u00e9 de l\u2019ob\u00e9sit\u00e9, il appara\u00eet donc \u00e9vident que les cibles sur lesquelles agissent les analogues du GLP-1 (production d\u2019insuline, sati\u00e9t\u00e9) sont loin d\u2019\u00eatre les seules impliqu\u00e9es dans la maladie.<\/p>\n<p>Par ailleurs, on constate que les sources d\u2019ob\u00e9sit\u00e9 ont, pour la plupart, des cons\u00e9quences n\u00e9gatives sur la sant\u00e9 qui vont au-del\u00e0 de la seule prise de poids. Ainsi, la consommation excessive de sucres raffin\u00e9s, d\u2019<a href=\"https:\/\/theconversation.com\/les-aliments-ultra-transformes-sont-aussi-associes-a-un-risque-accru-de-maladies-cardiovasculaires-119038\" target=\"_blank\" class=\"c-link c-link--is-underlined\" rel=\"nofollow noopener\">aliments ultratransform\u00e9s<\/a>, de viande rouge, de charcuterie, le manque de fibres, l\u2019exposition \u00e0 des toxiques, ou encore la s\u00e9dentarit\u00e9 sont autant de facteurs de risques de sant\u00e9 d\u00e9grad\u00e9e.<\/p>\n<p>Des mol\u00e9cules qui ne font pas de miracles<\/p>\n<p>Les analogues du GLP-1 ne peuvent pas \u00ab\u00a0gu\u00e9rir\u00a0\u00bb l\u2019ob\u00e9sit\u00e9. Ce n\u2019est d\u2019ailleurs pas ce que pr\u00e9tendent les auteurs des \u00e9tudes qui en ont test\u00e9 l\u2019efficacit\u00e9. Selon les r\u00e9sultats de l\u2019\u00e9tude <a href=\"https:\/\/pubmed.ncbi.nlm.nih.gov\/33625476\/\" rel=\"nofollow noopener\" target=\"_blank\" class=\"c-link c-link--is-underlined\">STEP3<\/a>, la perte de poids sous s\u00e9maglutide est de 15\u00a0% apr\u00e8s 68 semaines de traitement (contre 5\u00a0% dans le groupe placebo). Si l\u2019on consid\u00e8re le profil \u00ab\u00a0type\u00a0\u00bb des patients inclus dans cette \u00e9tude, soit des individus ayant un IMC moyen \u00e0 37 (ce qui correspond \u00e0 un poids de 100\u00a0kg pour une taille de 1m65), une perte de poids de 15\u00a0% les m\u00e8nera \u00e0 un IMC \u00e0 31. Ils passeront alors d\u2019une ob\u00e9sit\u00e9 s\u00e9v\u00e8re \u00e0 une ob\u00e9sit\u00e9 mod\u00e9r\u00e9e. Si le gain en termes de sant\u00e9 est consid\u00e9rable, ces sujets pr\u00e9senteront encore un surrisque m\u00e9dical significatif.<\/p>\n<p>Il convient \u00e9galement de se questionner sur la tol\u00e9rance du traitement, ainsi que sur son observance chez des patients dont les ordonnances peuvent \u00eatre tr\u00e8s longues du fait des polypathologies. Par ailleurs, le maintien de l\u2019efficacit\u00e9 au long cours reste \u00e0 d\u00e9terminer, a fortiori si l\u2019ensemble des facteurs causaux n\u2019est pas \u00e9radiqu\u00e9.<\/p>\n<p><a href=\"https:\/\/www.20minutes.fr\/dossier\/medicament\" class=\"c-link c-btn c-btn--primary\" rel=\"nofollow noopener\" target=\"_blank\">Notre dossier sur les m\u00e9dicaments<\/a><\/p>\n<p>Se posent aussi les probl\u00e9matiques de la prise de poids \u00e0 l\u2019arr\u00eat du traitement, ainsi que de la sarcop\u00e9nie, c\u2019est-\u00e0-dire la perte musculaire, qualitative ou quantitative. En effet, une perte de poids ne se r\u00e9sume jamais seulement \u00e0 une perte de masse graisseuse, mais s\u2019accompagne \u00e9galement d\u2019une perte de masse maigre, notamment musculaire. Ce ph\u00e9nom\u00e8ne <a href=\"https:\/\/pubmed.ncbi.nlm.nih.gov\/38687506\/\" rel=\"nofollow noopener\" target=\"_blank\" class=\"c-link c-link--is-underlined\">pourrait \u00eatre pr\u00e9venu ou compens\u00e9 gr\u00e2ce \u00e0 l\u2019exercice physique.<\/a><\/p>\n<p>L\u2019importance de la pr\u00e9vention<\/p>\n<p>\u00c0 ce jour, les analogues du GLP-1 sont envisag\u00e9s comme traitement de l\u2019ob\u00e9sit\u00e9 une fois que celle-ci est install\u00e9e. Il s\u2019agit donc d\u2019une approche curative. Les articles scientifiques partent du principe que les mesures de pr\u00e9vention, dites \u00ab\u00a0hygi\u00e9nodi\u00e9t\u00e9tiques\u00a0\u00bb sont insuffisantes alors que les modalit\u00e9s d\u2019\u00e9laboration de ces mesures ne sont que rarement questionn\u00e9es, pas plus que la possibilit\u00e9 de s\u2019attaquer aux nombreux facteurs qui entravent leur mise en pratique.<\/p>\n<p>Les conseils adress\u00e9s au grand public sont en effet essentiellement diffus\u00e9s sous forme de messages ou d\u2019injonctions \u00e0 modifier les comportements individuels. Ils font donc implicitement reposer la responsabilit\u00e9 sur chacun et chacune, et sont, en ce sens, potentiellement culpabilisants. Parall\u00e8lement, ils passent le plus souvent sous silence les autres facteurs causaux qui structurent notre exposition globale.<\/p>\n<p>Parmi les facteurs qui entravent la pr\u00e9vention, citons\u00a0:<\/p>\n<ul>\n<li>la facilit\u00e9 d\u2019acc\u00e8s \u00e0 des aliments favorisant l\u2019ob\u00e9sit\u00e9 (sucr\u00e9s, sal\u00e9s, ultratransform\u00e9s), bon march\u00e9, vant\u00e9s par la publicit\u00e9, peu r\u00e9gul\u00e9s et peu tax\u00e9s alors que leur caract\u00e8re n\u00e9faste est av\u00e9r\u00e9\u00a0;<\/li>\n<li>l\u2019obstruction \u00e0 la g\u00e9n\u00e9ralisation d\u2019outils pourtant largement valid\u00e9s tels que le Nutri-Score, illustrant le fait que la question sanitaire passe g\u00e9n\u00e9ralement apr\u00e8s les int\u00e9r\u00eats \u00e9conomiques, tant \u00e0 l\u2019\u00e9chelle fran\u00e7aise qu\u2019europ\u00e9enne\u00a0;<\/li>\n<li>le contexte environnemental d\u00e9favorable, exposant les individus \u00e0 de multiples polluants. Nombre d\u2019entre eux favorisent l\u2019ob\u00e9sit\u00e9, notamment via des m\u00e9canismes hormonaux\u00a0;<\/li>\n<li>les manquements des politiques d\u2019am\u00e9nagement du territoire qui devraient promouvoir les mobilit\u00e9s actives et l\u2019acc\u00e8s aux infrastructures d\u2019activit\u00e9s physiques et sportives sur l\u2019ensemble du territoire (urbain, semi-urbain et rural) et lutter ainsi contre la s\u00e9dentarit\u00e9 et le manque d\u2019activit\u00e9 physique\u00a0;<\/li>\n<li>l\u2019impact des d\u00e9terminants socio-\u00e9conomiques ou psychologiques qui rendent difficilement applicables les comportements vertueux en termes d\u2019alimentation et d\u2019activit\u00e9 physique.<\/li>\n<\/ul>\n<p>Rappelons le poids des in\u00e9galit\u00e9s (socio-\u00e9conomiques, de genre, ethno-raciales, territoriales\u2026) dans la sant\u00e9 en g\u00e9n\u00e9ral et particuli\u00e8rement dans les questions touchant \u00e0 l\u2019ob\u00e9sit\u00e9. En France, <a href=\"https:\/\/drees.solidarites-sante.gouv.fr\/sites\/default\/files\/2022-09\/DD102EMB.pdf\" rel=\"nofollow noopener\" target=\"_blank\" class=\"c-link c-link--is-underlined\">17\u00a0% des individus dont le niveau de vie est inf\u00e9rieur au premier quart de la distribution<\/a> sont ob\u00e8ses contre 10\u00a0% pour ceux dont le niveau de vie appartient au quartile de niveau de vie sup\u00e9rieur.<\/p>\n<p>L\u2019augmentation de la pauvret\u00e9, de la pr\u00e9carit\u00e9 et le creusement des in\u00e9galit\u00e9s sociales sont \u00e0 ce titre inqui\u00e9tants, car ils ne peuvent que d\u00e9grader les conditions de sant\u00e9 des populations les plus d\u00e9favoris\u00e9es.<\/p>\n<p>Pr\u00e9venir co\u00fbterait moins cher que gu\u00e9rir<\/p>\n<p>Terminons sur un point impossible \u00e0 ne pas consid\u00e9rer\u00a0: celui du co\u00fbt du traitement par analogues du GLP-1, \u00e9valu\u00e9 \u00e0 environ 300 euros par mois et par patient.<\/p>\n<p>Sans remboursement, ce traitement ne sera accessible qu\u2019aux plus ais\u00e9s. S\u2019il est pris en charge par l\u2019Assurance maladie, le co\u00fbt potentiel appara\u00eet comme vertigineux. L\u2019OMS pr\u00e9voit en effet que d\u2019ici\u00a02030, pr\u00e8s de 30\u00a0% de la population fran\u00e7aise pourrait \u00eatre concern\u00e9e par l\u2019ob\u00e9sit\u00e9.<\/p>\n<p>Conclusion, la communaut\u00e9 des soignants, associ\u00e9e \u00e0 celle des patients, ne peut compter exag\u00e9r\u00e9ment sur cette classe de m\u00e9dicaments. Pour lutter contre l\u2019ob\u00e9sit\u00e9, il faut continuer \u00e0 valoriser une prise en charge pluridisciplinaire, alliant des savoirs acad\u00e9miques, issus de diff\u00e9rentes disciplines scientifiques, avec des savoirs souvent qualifi\u00e9s d\u2019\u00ab\u00a0exp\u00e9rientiels\u00a0\u00bb\u00a0: ceux des patients, des professionnels de l\u2019\u00e9ducation et de la pr\u00e9vention en sant\u00e9, des d\u00e9cideurs en mati\u00e8re de politiques de sant\u00e9,\u00a0etc.<\/p>\n<p>Cette approche est certes moins spectaculaire et moins facilement m\u00e9diatisable que les annonces tonitruantes qui accompagnent les d\u00e9couvertes de th\u00e9rapies innovantes, mais elle est indispensable. La pr\u00e9vention ne s\u2019oppose pas au traitement curatif\u00a0: elle le pr\u00e9c\u00e8de, et l\u2019accompagne. On ne peut esp\u00e9rer diminuer significativement et durablement la pr\u00e9valence de l\u2019ob\u00e9sit\u00e9 qu\u2019en ciblant l\u2019ensemble des facteurs qui la sous-tendent, individuels, sociaux et environnementaux. Cela implique l\u2019\u00e9laboration et la mise en \u0153uvre de politiques de sant\u00e9 publique larges, ambitieuses et respectueuses de la d\u00e9mocratie sanitaire.<\/p>\n<p>Il faut avoir conscience que cela ira vraisemblablement \u00e0 l\u2019encontre d\u2019int\u00e9r\u00eats \u00e9conomiques de court terme. Mais la sant\u00e9 publique en vaut sans aucun doute la chandelle.<\/p><\/p>\n","protected":false},"excerpt":{"rendered":"Les nouveaux traitements comme l\u2019Ozempic suscitent l\u2019espoir, mais ils ne sauraient \u00e0 eux seuls enrayer une \u00e9pid\u00e9mie aux&hellip;\n","protected":false},"author":2,"featured_media":539257,"comment_status":"","ping_status":"","sticky":false,"template":"","format":"standard","meta":{"footnotes":""},"categories":[10],"tags":[47,1011,27,72,225,233,71,41],"class_list":{"0":"post-539256","1":"post","2":"type-post","3":"status-publish","4":"format-standard","5":"has-post-thumbnail","7":"category-sante","8":"tag-actualite","9":"tag-fr","10":"tag-france","11":"tag-health","12":"tag-medicament","13":"tag-obesite","14":"tag-sante","15":"tag-sciences"},"share_on_mastodon":{"url":"https:\/\/pubeurope.com\/@fr\/115562470705434145","error":""},"_links":{"self":[{"href":"https:\/\/www.europesays.com\/fr\/wp-json\/wp\/v2\/posts\/539256","targetHints":{"allow":["GET"]}}],"collection":[{"href":"https:\/\/www.europesays.com\/fr\/wp-json\/wp\/v2\/posts"}],"about":[{"href":"https:\/\/www.europesays.com\/fr\/wp-json\/wp\/v2\/types\/post"}],"author":[{"embeddable":true,"href":"https:\/\/www.europesays.com\/fr\/wp-json\/wp\/v2\/users\/2"}],"replies":[{"embeddable":true,"href":"https:\/\/www.europesays.com\/fr\/wp-json\/wp\/v2\/comments?post=539256"}],"version-history":[{"count":0,"href":"https:\/\/www.europesays.com\/fr\/wp-json\/wp\/v2\/posts\/539256\/revisions"}],"wp:featuredmedia":[{"embeddable":true,"href":"https:\/\/www.europesays.com\/fr\/wp-json\/wp\/v2\/media\/539257"}],"wp:attachment":[{"href":"https:\/\/www.europesays.com\/fr\/wp-json\/wp\/v2\/media?parent=539256"}],"wp:term":[{"taxonomy":"category","embeddable":true,"href":"https:\/\/www.europesays.com\/fr\/wp-json\/wp\/v2\/categories?post=539256"},{"taxonomy":"post_tag","embeddable":true,"href":"https:\/\/www.europesays.com\/fr\/wp-json\/wp\/v2\/tags?post=539256"}],"curies":[{"name":"wp","href":"https:\/\/api.w.org\/{rel}","templated":true}]}}