{"id":539266,"date":"2025-11-17T01:39:23","date_gmt":"2025-11-17T01:39:23","guid":{"rendered":"https:\/\/www.europesays.com\/fr\/539266\/"},"modified":"2025-11-17T01:39:23","modified_gmt":"2025-11-17T01:39:23","slug":"qui-est-pipo-chavarria-le-puissant-narcotrafiquant-equatorien-arrete-en-espagne","status":"publish","type":"post","link":"https:\/\/www.europesays.com\/fr\/539266\/","title":{"rendered":"Qui est \u00ab\u00a0Pipo\u00a0\u00bb Chavarr\u00eda, le puissant narcotrafiquant \u00e9quatorien arr\u00eat\u00e9 en Espagne\u00a0?"},"content":{"rendered":"<p>C\u2019est ce qu\u2019on appelle un \u00ab\u00a0gros poisson\u00a0\u00bb. Le chef du principal gang de narcotrafiquants en <a href=\"https:\/\/www.20minutes.fr\/dossier\/equateur\" class=\"c-link c-link--is-underlined\" target=\"_blank\" rel=\"noopener\">Equateur<\/a>, Wilmer Geovanny Chavarria Barr\u00e9 dit \u00ab\u00a0Pipo\u00a0\u00bb, a \u00e9t\u00e9 arr\u00eat\u00e9 ce dimanche en <a href=\"https:\/\/www.20minutes.fr\/dossier\/espagne\" class=\"c-link c-link--is-underlined\" target=\"_blank\" rel=\"noopener\">Espagne<\/a>, a-t-on appris de sources officielles \u00e9quatoriennes. \u00c2g\u00e9 de 39 ans, il \u00e9tait \u00ab\u00a0le criminel le plus recherch\u00e9 de la r\u00e9gion et chef supr\u00eame de Los Lobos\u00a0\u00bb, selon un post sur X du pr\u00e9sident \u00e9quatorien Daniel Noboa.<\/p>\n<\/p>\n<p>Un personnage dont la carri\u00e8re criminelle a commenc\u00e9 \u00e0 21 ans, <a href=\"https:\/\/www.leparisien.fr\/faits-divers\/drogue-assassinats-qui-est-pipo-chavarria-le-criminel-le-plus-recherche-dequateur-arrete-en-espagne-16-11-2025-JQDSWG4VXZBY5OAV7622SQ3MXI.php\" target=\"_blank\" class=\"c-link c-link--is-underlined\" rel=\"noopener\">\u00e9voque Le Parisien<\/a>, et au palmar\u00e8s bien fourni\u00a0: \u00ab\u00a0Ce criminel a simul\u00e9 sa mort [en\u00a02021], chang\u00e9 d\u2019identit\u00e9 et s\u2019est cach\u00e9 en <a href=\"https:\/\/www.20minutes.fr\/dossier\/europe\" class=\"c-link c-link--is-underlined\" target=\"_blank\" rel=\"noopener\">Europe <\/a>tout en ordonnant des assassinats en Equateur, en y contr\u00f4lant les op\u00e9rations mini\u00e8res ill\u00e9gales et en g\u00e9rant les routes de la <a href=\"https:\/\/www.20minutes.fr\/dossier\/drogue\" class=\"c-link c-link--is-underlined\" target=\"_blank\" rel=\"noopener\">drogue <\/a>avec le cartel [mexicain] Jalisco Nueva Generaci\u00f3n\u00a0\u00bb, a d\u00e9clar\u00e9 le pr\u00e9sident. Il a au passage \u00ab\u00a0remerci\u00e9 [les polices nationales] \u00e9quatorienne et espagnole pour leur collaboration\u00a0\u00bb.<\/p>\n<p>Des centaines de morts dans son sillage<\/p>\n<p>\u00ab\u00a0Pipo\u00a0\u00bb Chavarr\u00eda \u00ab\u00a0est responsable d\u2019au moins 400 morts\u00a0\u00bb, selon le ministre de la D\u00e9fense \u00e9quatorien, John Reimberg, sur X. Il est \u00e0 la t\u00eate du gang Los Lobos, consid\u00e9r\u00e9 comme le plus important du pays \u00e0 la suite de l\u2019extradition aux <a href=\"https:\/\/www.20minutes.fr\/monde\/etats-unis\/\" class=\"c-link c-link--is-underlined\" target=\"_blank\" rel=\"noopener\">\u00c9tats-Unis<\/a> du chef d\u2019un groupe rival, Los Choneros.<\/p>\n<p>Le groupe, que le narcotrafiquant a fond\u00e9 \u00e0 sa sortie de prison en\u00a02019, est impliqu\u00e9 dans le trafic de drogue, les assassinats commandit\u00e9s et l\u2019exploitation mini\u00e8re aurif\u00e8re ill\u00e9gale. Comptant environ 8.000 membres, Los Lobos a \u00e9galement \u00e9t\u00e9 li\u00e9 \u00e0 l\u2019assassinat, en\u00a02023, du candidat \u00e0 la pr\u00e9sidentielle Fernando Villavicencio.<\/p>\n<p>Longtemps consid\u00e9r\u00e9 comme un havre de paix en <a href=\"https:\/\/www.20minutes.fr\/dossier\/amerique_latine\" class=\"c-link c-link--is-underlined\" target=\"_blank\" rel=\"noopener\">Am\u00e9rique latine<\/a>, l\u2019\u00c9quateur a \u00e9t\u00e9 le th\u00e9\u00e2tre de violences ces derni\u00e8res ann\u00e9es, des gangs rivaux li\u00e9s aux cartels mexicains et colombiens se disputant le contr\u00f4le du <a href=\"https:\/\/www.20minutes.fr\/dossier\/trafic_de_drogue\" class=\"c-link c-link--is-underlined\" target=\"_blank\" rel=\"noopener\">trafic de drogue<\/a>. Cette annonce intervient le jour m\u00eame o\u00f9 les \u00c9quatoriens votent sur le retour des bases militaires \u00e9trang\u00e8res et sur une nouvelle Constitution qui donnerait au gouvernement davantage de pouvoirs pour faire face \u00e0 la violence croissante dans le pays.<\/p>\n","protected":false},"excerpt":{"rendered":"C\u2019est ce qu\u2019on appelle un \u00ab\u00a0gros poisson\u00a0\u00bb. Le chef du principal gang de narcotrafiquants en Equateur, Wilmer Geovanny&hellip;\n","protected":false},"author":2,"featured_media":539267,"comment_status":"","ping_status":"","sticky":false,"template":"","format":"standard","meta":{"footnotes":""},"categories":[5],"tags":[47,11,2441,1052,34464,123,1011,27,14,74,813,12,887,28],"class_list":{"0":"post-539266","1":"post","2":"type-post","3":"status-publish","4":"format-standard","5":"has-post-thumbnail","7":"category-international","8":"tag-actualite","9":"tag-actualites","10":"tag-arrestation","11":"tag-drogue","12":"tag-equateur","13":"tag-espagne","14":"tag-fr","15":"tag-france","16":"tag-international","17":"tag-monde","18":"tag-narcotrafiquants","19":"tag-news","20":"tag-trafic-de-drogue","21":"tag-world"},"share_on_mastodon":{"url":"https:\/\/pubeurope.com\/@fr\/115562490434326641","error":""},"_links":{"self":[{"href":"https:\/\/www.europesays.com\/fr\/wp-json\/wp\/v2\/posts\/539266","targetHints":{"allow":["GET"]}}],"collection":[{"href":"https:\/\/www.europesays.com\/fr\/wp-json\/wp\/v2\/posts"}],"about":[{"href":"https:\/\/www.europesays.com\/fr\/wp-json\/wp\/v2\/types\/post"}],"author":[{"embeddable":true,"href":"https:\/\/www.europesays.com\/fr\/wp-json\/wp\/v2\/users\/2"}],"replies":[{"embeddable":true,"href":"https:\/\/www.europesays.com\/fr\/wp-json\/wp\/v2\/comments?post=539266"}],"version-history":[{"count":0,"href":"https:\/\/www.europesays.com\/fr\/wp-json\/wp\/v2\/posts\/539266\/revisions"}],"wp:featuredmedia":[{"embeddable":true,"href":"https:\/\/www.europesays.com\/fr\/wp-json\/wp\/v2\/media\/539267"}],"wp:attachment":[{"href":"https:\/\/www.europesays.com\/fr\/wp-json\/wp\/v2\/media?parent=539266"}],"wp:term":[{"taxonomy":"category","embeddable":true,"href":"https:\/\/www.europesays.com\/fr\/wp-json\/wp\/v2\/categories?post=539266"},{"taxonomy":"post_tag","embeddable":true,"href":"https:\/\/www.europesays.com\/fr\/wp-json\/wp\/v2\/tags?post=539266"}],"curies":[{"name":"wp","href":"https:\/\/api.w.org\/{rel}","templated":true}]}}