{"id":539268,"date":"2025-11-17T01:40:13","date_gmt":"2025-11-17T01:40:13","guid":{"rendered":"https:\/\/www.europesays.com\/fr\/539268\/"},"modified":"2025-11-17T01:40:13","modified_gmt":"2025-11-17T01:40:13","slug":"a-cergy-pontoise-la-social-democratie-en-demonstration-de-force-autour-de-bernard-cazeneuve-liberation","status":"publish","type":"post","link":"https:\/\/www.europesays.com\/fr\/539268\/","title":{"rendered":"A Cergy-Pontoise, la social-d\u00e9mocratie en d\u00e9monstration de force autour de Bernard Cazeneuve \u2013 Lib\u00e9ration"},"content":{"rendered":"<p class=\"sc-cPiKLX AiZTS text-element\">Un week-end, trois nuances de gauche. Alors que <a href=\"https:\/\/www.liberation.fr\/politique\/presidentielle-a-trappes-les-unitaires-de-gauche-annoncent-que-leur-primaire-aura-lieu-a-lautomne-2026-20251115_PORQDAG5SJDJXL5L5BRPNPCUII\/?redirected=1\" target=\"_blank\" rel=\"noopener\" title=\"https:\/\/www.liberation.fr\/politique\/presidentielle-a-trappes-les-unitaires-de-gauche-annoncent-que-leur-primaire-aura-lieu-a-lautomne-2026-20251115_PORQDAG5SJDJXL5L5BRPNPCUII\/?redirected=1\">les membres du \u00abFront populaire 2027\u00bb \u00e9taient r\u00e9unis \u00e0 Trappes (Yvelines) samedi 15 novembre<\/a> et que Jean-Luc M\u00e9lenchon tenait un meeting \u00e0 Tours ce dimanche 16 novembre, Bernard Cazeneuve a donn\u00e9 rendez-vous \u00e0 ses amis sociaux-d\u00e9mocrates \u00e0 Cergy-Pontoise (Val-d\u2019Oise). Pour ce grand raout organis\u00e9 par <a href=\"https:\/\/www.liberation.fr\/politique\/la-petite-convention-de-bernard-cazeneuve-veut-devenir-grande-20250611_ZQ7C5KVCYRAHPJONXIX2BGN3ZY\/\" target=\"_blank\" rel=\"noreferrer noopener\" title=\"https:\/\/www.liberation.fr\/politique\/la-petite-convention-de-bernard-cazeneuve-veut-devenir-grande-20250611_ZQ7C5KVCYRAHPJONXIX2BGN3ZY\/\">le mouvement qu\u2019il pr\u00e9side, La Convention,<\/a> l\u2019ancien Premier ministre a mis les moyens. Au p\u00f4le sportif Maradas, qui accueille habituellement les matchs des Spartiates, l\u2019\u00e9quipe de basketball locale, une grande sc\u00e8ne a \u00e9t\u00e9 install\u00e9e, juste en dessous d\u2019un \u00e9cran g\u00e9ant retransmettant notamment aux 500 militants pr\u00e9sents les trois tables rondes pr\u00e9vues au programme du jour.<\/p>\n<p class=\"sc-cPiKLX AiZTS text-element\">Pour le casting aussi, Bernar<\/p>\n","protected":false},"excerpt":{"rendered":"Un week-end, trois nuances de gauche. Alors que les membres du \u00abFront populaire 2027\u00bb \u00e9taient r\u00e9unis \u00e0 Trappes&hellip;\n","protected":false},"author":2,"featured_media":539269,"comment_status":"","ping_status":"","sticky":false,"template":"","format":"standard","meta":{"footnotes":""},"categories":[4],"tags":[11,57720,1011,27,3082,12,4289,15923,25],"class_list":{"0":"post-539268","1":"post","2":"type-post","3":"status-publish","4":"format-standard","5":"has-post-thumbnail","7":"category-france","8":"tag-actualites","9":"tag-bernard-cazeneuve","10":"tag-fr","11":"tag-france","12":"tag-francois-hollande","13":"tag-news","14":"tag-place-publique","15":"tag-raphael-glucksmann","16":"tag-republique-francaise"},"share_on_mastodon":{"url":"https:\/\/pubeurope.com\/@fr\/115562494323871271","error":""},"_links":{"self":[{"href":"https:\/\/www.europesays.com\/fr\/wp-json\/wp\/v2\/posts\/539268","targetHints":{"allow":["GET"]}}],"collection":[{"href":"https:\/\/www.europesays.com\/fr\/wp-json\/wp\/v2\/posts"}],"about":[{"href":"https:\/\/www.europesays.com\/fr\/wp-json\/wp\/v2\/types\/post"}],"author":[{"embeddable":true,"href":"https:\/\/www.europesays.com\/fr\/wp-json\/wp\/v2\/users\/2"}],"replies":[{"embeddable":true,"href":"https:\/\/www.europesays.com\/fr\/wp-json\/wp\/v2\/comments?post=539268"}],"version-history":[{"count":0,"href":"https:\/\/www.europesays.com\/fr\/wp-json\/wp\/v2\/posts\/539268\/revisions"}],"wp:featuredmedia":[{"embeddable":true,"href":"https:\/\/www.europesays.com\/fr\/wp-json\/wp\/v2\/media\/539269"}],"wp:attachment":[{"href":"https:\/\/www.europesays.com\/fr\/wp-json\/wp\/v2\/media?parent=539268"}],"wp:term":[{"taxonomy":"category","embeddable":true,"href":"https:\/\/www.europesays.com\/fr\/wp-json\/wp\/v2\/categories?post=539268"},{"taxonomy":"post_tag","embeddable":true,"href":"https:\/\/www.europesays.com\/fr\/wp-json\/wp\/v2\/tags?post=539268"}],"curies":[{"name":"wp","href":"https:\/\/api.w.org\/{rel}","templated":true}]}}