{"id":539284,"date":"2025-11-17T01:55:28","date_gmt":"2025-11-17T01:55:28","guid":{"rendered":"https:\/\/www.europesays.com\/fr\/539284\/"},"modified":"2025-11-17T01:55:28","modified_gmt":"2025-11-17T01:55:28","slug":"dans-un-roazhon-park-incandescent-le-rc-vannes-bat-grenoble-et-conforte-sa-place-de-leader-de-pro-d2","status":"publish","type":"post","link":"https:\/\/www.europesays.com\/fr\/539284\/","title":{"rendered":"Dans un Roazhon Park incandescent, le RC Vannes bat Grenoble et conforte sa place de leader de Pro D2"},"content":{"rendered":"<p>Pro D2 (11e journ\u00e9e). RC Vannes &#8211; Grenoble : 28-18<\/p>\n<p>Olivier Cloarec, le pr\u00e9sident du RCV avait pr\u00e9venu : \u00ab Le Roazhon Park va faire partie des grands moments dans l\u2019histoire du RC Vannes \u00bb. Cette phrase prend d\u2019autant plus de sens \u00e0 l\u2019issue de ce choc contre Grenoble, remake de la finale de 2024, dans une enceinte rennaise pleine \u00e0 craquer.<\/p>\n<p>Ce match de gala a \u00e9t\u00e9 une r\u00e9ussite totale, en tribunes comme sur le terrain. Car l\u2019enjeu \u00e9tait bien pr\u00e9sent. Et les Morbihannais ont r\u00e9pondu pr\u00e9sent. Ils ont \u00e9t\u00e9 bouscul\u00e9s, ils ont pli\u00e9 mais ils n\u2019ont pas rompu.<\/p>\n<p>La prestation d\u00e9fensive des Bretons a \u00e9t\u00e9 remarquable, Grenoble s\u2019est longtemps cass\u00e9 les dents sur la forteresse vannetaise, malgr\u00e9 plusieurs situations proches de la ligne d\u2019en-but, et a d\u00fb attendre l\u2019heure de jeu pour inscrire son premier essai (20-11) alors que le RCV en avait d\u00e9j\u00e0 mis deux par Simon Augry (7-3, 6\u2019) puis Joe Edwards (14-6, 36\u2019).<\/p>\n<p>Les hommes de Jean-No\u00ebl Spitzer ont \u00e9t\u00e9 plus efficaces et encore une fois ultra dominants en m\u00eal\u00e9e ferm\u00e9e (trois p\u00e9nalit\u00e9s et un bras cass\u00e9 obtenus). Chaque applaudissement des supporters r\u00e9sonnait comme un coup du fusil. Ben \u00ab Air \u00bb Stevenson a encore survol\u00e9 la lutte a\u00e9rienne, port\u00e9 \u00e0 chaque chasse par le vrombissement impressionnant du Roazhon Park.<\/p>\n<p><img decoding=\"async\" src=\"https:\/\/www.europesays.com\/fr\/wp-content\/uploads\/2025\/11\/691a4a2666f03cad550b18d0.1.jpeg\" width=\"480\" height=\"300\" class=\"web_golden_m\" loading=\"lazy\" alt=\"Les Vannetais ont battu Grenoble 28-18.\"\/>Les Vannetais ont battu Grenoble 28-18. (Photo Nicolas Cr\u00e9ach)Joe Edwards sortie sur brancard<\/p>\n<p>On avait beau s\u2019\u00eatre pr\u00e9par\u00e9 \u00e0 une ambiance incandescente, la r\u00e9alit\u00e9 est all\u00e9e au-del\u00e0 des attentes. Le silence \u00e0 chaque tir au but rendait le vacarme continu encore plus impressionnant.<\/p>\n<p>Seule ombre au tableau, et pas des moindre, <a href=\"https:\/\/www.letelegramme.fr\/sports\/rugby\/rc-vannes\/vannes-grenoble-le-capitaine-du-rcv-joe-edwards-est-sorti-sur-civiere-6929994.php\" target=\"_blank\" rel=\"nofollow noopener\">la sortie sur brancard de Joe Edwards (43\u2019)<\/a> et accompagn\u00e9 par une standing ovation des 30 000 spectateurs du Roazhon Park. M\u00eame l\u2019arbitre Ludovic Cayre applaudissait le capitaine du soir, dont sa blessure a de quoi pr\u00e9occuper pour la suite de la saison. Mais la f\u00eate fut tout de m\u00eame belle. L\u2019in\u00e9vitable Michael Ruru permettait aux Vannetais de s\u2019\u00e9viter quelques frayeurs (28-11, 73\u2019). Au terme d\u2019un match ma\u00eetris\u00e9, ils ont remport\u00e9 leur cinqui\u00e8me match en autant de r\u00e9ceptions. Et m\u00eame s\u2019ils ont, pour la premi\u00e8re fois, laiss\u00e9 \u00e9chapper le bonus offensif \u00e0 domicile, ils s\u2019affirment comme un grand favori pour la remont\u00e9e, confortent leur place de leader et accentue leur avance sur Grenoble \u00e0 15 points. Soir\u00e9e presque parfaite !<\/p>\n<p class=\"titre-tech\"> La fiche technique<\/p>\n<p class=\"tech\"><strong class=\"tech\">Arbitre <\/strong>: L. Cayre.<\/p>\n<p class=\"tech\"><strong class=\"tech\">Spectateurs <\/strong>: 29 842 (guichets ferm\u00e9s).<\/p>\n<p class=\"tech\"><strong class=\"tech\">Les points<\/strong>. Vannes : 3 essais d\u2019Augry (6\u2019), Edwards (36\u2019), Ruru (73\u2019) ; 2 transformations de Lafage (7\u2019, 37\u2019) ; 3 p\u00e9nalit\u00e9s de Lafage (15\u2019, 40\u2019, 64\u2019).<\/p>\n<p class=\"tech\">Grenoble : 2 essais de Mistrulli (59\u2019), Baret (76\u2019) ; 1 transformation de Cl\u00e9ment (77\u2019) ; 2 p\u00e9nalit\u00e9s de Palmier (3\u2019, 11\u2019).<\/p>\n<p class=\"tech\"><strong class=\"tech\">VANNES<\/strong>. 15. Bouthier &#8211; 14. Benmegal, 13. Roudil, 12. Boudehent (Nakosi, 74\u2018), 11. Stevenson &#8211; 10. Lafage (Surano, 74\u2019), 9. Ruru (Alania, 74\u2019) &#8211; 7. Blanc-Mappaz, 8. Edwards (cap.) (Kalamafoni, 43\u2019), 6. Augry &#8211; 5. Desjeux, 4. Mezou (Marks, 55\u2019) &#8211; 3. Medrano (Tafili, 64\u2019), 2. Cherry (Sarthou, 80\u2019), 1. Vunipola (Djehi, 64\u2019).<\/p>\n<p class=\"tech\">Entra\u00eeneur principal : Jean-No\u00ebl Spitzer.<\/p>\n<p class=\"tech\"><strong class=\"tech\">GRENOBLE <\/strong>: 15. Farnoux &#8211; 14. Trouilloud, 13. Fusier, 12. H\u00e9riteau (Lestrade, 64\u2018), 11. Megdoud &#8211; 10. Palmier (Cl\u00e9ment, 59\u2019), 9 Couilloud (Escande, 59\u2019) &#8211; 7. Baret, 8. Guillaumond, 6. Berruyer (cap.) (Martel, 59\u2019) &#8211; 5. Thompson, 4. Ployet (Nansen 33\u2019) &#8211; 3. Jonker (Pertaia, 52\u2019), 2. Soury (Rossi, 52\u2019), 1. Gauthier (Mistrulli, 52\u2019).<\/p>\n<p class=\"tech\">Entra\u00eeneur principal : Jeff Dubois.<\/p>\n","protected":false},"excerpt":{"rendered":"Pro D2 (11e journ\u00e9e). RC Vannes &#8211; Grenoble : 28-18 Olivier Cloarec, le pr\u00e9sident du RCV avait pr\u00e9venu&hellip;\n","protected":false},"author":2,"featured_media":539285,"comment_status":"","ping_status":"","sticky":false,"template":"","format":"standard","meta":{"footnotes":""},"categories":[9566],"tags":[1111,11,2430,1777,674,1011,27,2731,12,3164,584,25,479,60,3165],"class_list":{"0":"post-539284","1":"post","2":"type-post","3":"status-publish","4":"format-standard","5":"has-post-thumbnail","7":"category-grenoble","8":"tag-actu","9":"tag-actualites","10":"tag-auvergne-rhone-alpes","11":"tag-eu","12":"tag-europe","13":"tag-fr","14":"tag-france","15":"tag-grenoble","16":"tag-news","17":"tag-rc-vannes","18":"tag-rennes","19":"tag-republique-francaise","20":"tag-rugby","21":"tag-sports","22":"tag-vannes"},"share_on_mastodon":{"url":"https:\/\/pubeurope.com\/@fr\/115562554020250043","error":""},"_links":{"self":[{"href":"https:\/\/www.europesays.com\/fr\/wp-json\/wp\/v2\/posts\/539284","targetHints":{"allow":["GET"]}}],"collection":[{"href":"https:\/\/www.europesays.com\/fr\/wp-json\/wp\/v2\/posts"}],"about":[{"href":"https:\/\/www.europesays.com\/fr\/wp-json\/wp\/v2\/types\/post"}],"author":[{"embeddable":true,"href":"https:\/\/www.europesays.com\/fr\/wp-json\/wp\/v2\/users\/2"}],"replies":[{"embeddable":true,"href":"https:\/\/www.europesays.com\/fr\/wp-json\/wp\/v2\/comments?post=539284"}],"version-history":[{"count":0,"href":"https:\/\/www.europesays.com\/fr\/wp-json\/wp\/v2\/posts\/539284\/revisions"}],"wp:featuredmedia":[{"embeddable":true,"href":"https:\/\/www.europesays.com\/fr\/wp-json\/wp\/v2\/media\/539285"}],"wp:attachment":[{"href":"https:\/\/www.europesays.com\/fr\/wp-json\/wp\/v2\/media?parent=539284"}],"wp:term":[{"taxonomy":"category","embeddable":true,"href":"https:\/\/www.europesays.com\/fr\/wp-json\/wp\/v2\/categories?post=539284"},{"taxonomy":"post_tag","embeddable":true,"href":"https:\/\/www.europesays.com\/fr\/wp-json\/wp\/v2\/tags?post=539284"}],"curies":[{"name":"wp","href":"https:\/\/api.w.org\/{rel}","templated":true}]}}