{"id":539286,"date":"2025-11-17T01:57:29","date_gmt":"2025-11-17T01:57:29","guid":{"rendered":"https:\/\/www.europesays.com\/fr\/539286\/"},"modified":"2025-11-17T01:57:29","modified_gmt":"2025-11-17T01:57:29","slug":"les-stars-de-cinema-vues-par-richard-dumas-au-nord-de-rennes-4","status":"publish","type":"post","link":"https:\/\/www.europesays.com\/fr\/539286\/","title":{"rendered":"Les stars de cin\u00e9ma, vues par Richard Dumas, au nord de Rennes"},"content":{"rendered":"<p>Du beau monde,<a href=\"https:\/\/rennes.maville.com\/actu\/actudet_-de-clint-eastwood-a-claude-chabrol-24-portraits-du-photographe-richard-dumas-exposes-pres-de-rennes-_7-7059088_actu.Htm\" target=\"_blank\" rel=\"noopener\"> le photographe rennais Richard Dumas, connu pour ses portraits de stars du rock et du cin\u00e9ma,<\/a> en a crois\u00e9 au cours de sa carri\u00e8re. Notamment Jean-Luc Godard dont la photo presque de dos, le cigare \u00e0 la bouche, est restitu\u00e9e \u00e0 Betton (Ille-et-Vilaine) en grand format et sous la forme d\u2019un papier peint.<\/p>\n<p>L\u2019image enveloppe une petite salle de projection, int\u00e9gr\u00e9e \u00e0 la galerie, o\u00f9 le documentaire d\u2019une quinzaine de minutes, S\u2019il n\u2019en restait qu\u2019une, consacr\u00e9 au travail de Richard Dumas, est projet\u00e9 en boucle.<\/p>\n<p>Avare de lumi\u00e8re \u2013 <strong>\u00ab\u00a0elle \u00e9crase tout\u00a0\u00bb<\/strong> \u2013 le photographe joue avec les contrastes, affectionne la p\u00e9nombre.<strong> \u00ab\u00a0C\u2019est de l\u2019obscurit\u00e9 que na\u00eet la lueur,<\/strong> assure-t-il. <strong>Ce go\u00fbt du noir et blanc remonte \u00e0 mon admiration pour le cin\u00e9ma expressionniste allemand que je partageais, dans les ann\u00e9es 1980, avec Philippe Pascal, le chanteur de Marquis de Sade.\u00a0\u00bb<\/strong><\/p>\n<p>D\u2019o\u00f9, une certaine gravit\u00e9 impr\u00e9gnant les visages de David Lynch, Clint Eastwood, David Cronenberg, Arielle Dombasle, Kirsten Dunst, Lou Doillon, Maria de Medeiros ou encore Miles Davis et Alain Bashung. L\u2019allumette, que craque Leos Carax, cigarette au bec, est l\u2019unique source de lumi\u00e8re \u00e9clairant le visage du r\u00e9alisateur. Claude Chabrol, quant \u00e0 lui, fait le pitre devant l\u2019objectif de Richard Dumas. Son sourire franc, ses yeux malicieux et sa houppette sur la t\u00eate d\u00e9tonnent dans la solennit\u00e9 ambiante.<\/p>\n<p><strong>Jusqu\u2019au 1er\u00a0mars 2026<\/strong>, du mardi au dimanche, galerie de l\u2019Illet (la Confluence), place Charles-de-Gaulle, \u00e0 Betton. Le dimanche, de 10\u00a0h \u00e0 13\u00a0h et de 14\u00a0h \u00e0 18\u00a0h. Entr\u00e9e libre et gratuite.<\/p>\n<p>\u00a0<\/p>\n","protected":false},"excerpt":{"rendered":"Du beau monde, le photographe rennais Richard Dumas, connu pour ses portraits de stars du rock et du&hellip;\n","protected":false},"author":2,"featured_media":538378,"comment_status":"","ping_status":"","sticky":false,"template":"","format":"standard","meta":{"footnotes":""},"categories":[2821],"tags":[1111,11,829,650,32623,1777,674,1011,27,2693,12,1308,584,25,44941,3287,32896],"class_list":{"0":"post-539286","1":"post","2":"type-post","3":"status-publish","4":"format-standard","5":"has-post-thumbnail","7":"category-rennes","8":"tag-actu","9":"tag-actualites","10":"tag-bretagne","11":"tag-cinema","12":"tag-dumas","13":"tag-eu","14":"tag-europe","15":"tag-fr","16":"tag-france","17":"tag-laval","18":"tag-news","19":"tag-nord","20":"tag-rennes","21":"tag-republique-francaise","22":"tag-richard","23":"tag-stars","24":"tag-vues"},"share_on_mastodon":{"url":"https:\/\/pubeurope.com\/@fr\/115562561197399448","error":""},"_links":{"self":[{"href":"https:\/\/www.europesays.com\/fr\/wp-json\/wp\/v2\/posts\/539286","targetHints":{"allow":["GET"]}}],"collection":[{"href":"https:\/\/www.europesays.com\/fr\/wp-json\/wp\/v2\/posts"}],"about":[{"href":"https:\/\/www.europesays.com\/fr\/wp-json\/wp\/v2\/types\/post"}],"author":[{"embeddable":true,"href":"https:\/\/www.europesays.com\/fr\/wp-json\/wp\/v2\/users\/2"}],"replies":[{"embeddable":true,"href":"https:\/\/www.europesays.com\/fr\/wp-json\/wp\/v2\/comments?post=539286"}],"version-history":[{"count":0,"href":"https:\/\/www.europesays.com\/fr\/wp-json\/wp\/v2\/posts\/539286\/revisions"}],"wp:featuredmedia":[{"embeddable":true,"href":"https:\/\/www.europesays.com\/fr\/wp-json\/wp\/v2\/media\/538378"}],"wp:attachment":[{"href":"https:\/\/www.europesays.com\/fr\/wp-json\/wp\/v2\/media?parent=539286"}],"wp:term":[{"taxonomy":"category","embeddable":true,"href":"https:\/\/www.europesays.com\/fr\/wp-json\/wp\/v2\/categories?post=539286"},{"taxonomy":"post_tag","embeddable":true,"href":"https:\/\/www.europesays.com\/fr\/wp-json\/wp\/v2\/tags?post=539286"}],"curies":[{"name":"wp","href":"https:\/\/api.w.org\/{rel}","templated":true}]}}