{"id":539289,"date":"2025-11-17T02:00:27","date_gmt":"2025-11-17T02:00:27","guid":{"rendered":"https:\/\/www.europesays.com\/fr\/539289\/"},"modified":"2025-11-17T02:00:27","modified_gmt":"2025-11-17T02:00:27","slug":"recap-formation-carton-plein-du-fc-metz-contre-strasbourg","status":"publish","type":"post","link":"https:\/\/www.europesays.com\/fr\/539289\/","title":{"rendered":"R\u00e9cap&rsquo; formation. Carton plein du FC Metz contre Strasbourg"},"content":{"rendered":"<p>\t\t\t\t\t4,2K<\/p>\n<p><strong><strong>Trois \u00e9quipes de la formation messine<\/strong> \u00e9taient sur les terrains ce week-end, avec la particularit\u00e9 d\u2019avoir le m\u00eame adversaire : le Racing Club de Strasbourg. Trois rencontres qui ont bascul\u00e9 en faveur des <strong>U19<\/strong> masculins et f\u00e9minines, et des <strong>U17<\/strong>, dans des sc\u00e9narios spectaculaires.<\/strong><\/p>\n<p>U19 \u2013 Des Grenats renversants dans les derni\u00e8res minutes<\/p>\n<p><img fetchpriority=\"high\" decoding=\"async\" width=\"1200\" height=\"800\" src=\"https:\/\/www.europesays.com\/fr\/wp-content\/uploads\/2025\/11\/gnemagnon-n3-fcmetz-gazelec-ajaccio-septembre-2025-jb-13-1200x800.jpg\" alt=\"\" class=\"wp-image-106699\" style=\"object-fit:cover\"  \/><\/p>\n<p>Apr\u00e8s <a href=\"https:\/\/letsgometz.com\/recap-formation-la-reserve-du-fc-metz-chute-a-drancy\" target=\"_blank\" rel=\"noreferrer noopener\">sa contre-performance subie le week-end pass\u00e9 \u00e0 Montfermeil<\/a>, les joueurs de la section <strong>U19<\/strong> affrontaient \u00e0 domicile <strong>Strasbourg<\/strong>. Les Alsaciens, forts du dernier succ\u00e8s obtenu la semaine pass\u00e9e contre le leader d\u2019alors, <strong>Clermont<\/strong>, d\u00e9marraient leur match en trombe.<\/p>\n<p><strong>Yanis Addich<\/strong> \u00e9tait le premier \u00e0 ouvrir les hostilit\u00e9s d\u00e8s le d\u00e9but de la rencontre (0-1, 5e). La r\u00e9ponse messine arrivait ensuite par <strong>Nathan Mahi-Gnemagnon<\/strong> pour l\u2019\u00e9galisation (1-1, 33e). Les Grenats pensaient certainement qu\u2019ils avaient mis un gros coup sur la t\u00eate du Racing avec le but de <strong>Nathan Mbala<\/strong>, juste avant la mi-temps (2-1, 45e). Et pourtant, quelques minutes apr\u00e8s le d\u00e9but de la seconde p\u00e9riode, <strong>Strasbourg<\/strong> \u00e9galisait gr\u00e2ce \u00e0 <strong>Ghianny Kodia<\/strong> (2-2, 50e). En toute fin de rencontre, <strong>Addich<\/strong> inscrivait un doubl\u00e9 et pensait donner la victoire aux Strasbourgeois (2-3, 88e). Mais les Messins, dans le temps additionnel, allaient totalement renverser la rencontre gr\u00e2ce, tout d\u2019abord, \u00e0 <strong>Yaniss Mladjao<\/strong> (3-3, 90e), puis au doubl\u00e9 de <strong>Mahi-Gnemagnon<\/strong> (3-4, 90e).<\/p>\n<p>Un sc\u00e9nario totalement dingue, qui permet aux U19 de <a href=\"https:\/\/epreuves.fff.fr\/competition\/club\/500154-f-c-metz\/equipe\/2025_287_U19_7\/classement\" target=\"_blank\" rel=\"noreferrer noopener\">conserver leur troisi\u00e8me place au classement<\/a> du championnat et de revenir \u00e0 trois points de <strong>l\u2019Olympique Lyonnais<\/strong> et du <strong>Clermont Foot<\/strong>. Leur prochaine rencontre sera justement contre les Lyonnais, <a href=\"https:\/\/epreuves.fff.fr\/competition\/match\/53528160-olympique-lyonnais-f-c-metz\/match\" target=\"_blank\" rel=\"noreferrer noopener\">le samedi 22 novembre 2025<\/a>.<\/p>\n<p>U19F \u2013 Un tripl\u00e9 de <strong>M\u00e9lia Venel<\/strong> donne la victoire \u00e0 Metz<\/p>\n<p>Les U19 f\u00e9minines avaient l\u2019occasion de suivre leurs homologues masculins en affrontant \u00e9galement <strong>Strasbourg<\/strong>. Apr\u00e8s <a href=\"https:\/\/letsgometz.com\/recap-formation-la-reserve-du-fc-metz-chute-a-drancy\" target=\"_blank\" rel=\"noreferrer noopener\">leur victoire serr\u00e9e contre le <strong>Stade de Reims<\/strong><\/a> la semaine pass\u00e9e, les Messines avaient pour objectif de s\u2019emparer de la deuxi\u00e8me place du championnat.<\/p>\n<p>Mais la rencontre ne d\u00e9butait pas dans les meilleures conditions. Le Racing prenait rapidement la t\u00eate gr\u00e2ce \u00e0 <strong>Lily Gsell<\/strong> (1-0, 5e). La r\u00e9action messine se faisait dans la deuxi\u00e8me partie de la premi\u00e8re p\u00e9riode. <strong>M\u00e9lia Venel<\/strong> apportait l\u2019\u00e9galisation (1-1, 31e), avant d\u2019inscrire un doubl\u00e9 pour donner l\u2019avantage \u00e0 <strong>Metz<\/strong> (2-1, 41e). Un sc\u00e9nario qui rappelait celui de la section masculine, poursuivi par le but \u00e9galisateur de <strong>Siham Bouhouch<\/strong> pour le Racing (2-2, 50e).<\/p>\n<p>La cl\u00e9 de la rencontre se retrouvait entre les mains du <strong>FC Metz<\/strong> et de <strong>Venel<\/strong>, qui inscrivait un tripl\u00e9 \u00e0 quinze minutes du terme (3-2, 75e). Un but d\u00e9cisif qui offrait la victoire aux Messines et <a href=\"https:\/\/epreuves.fff.fr\/competition\/club\/500154-f-c-metz\/equipe\/2025_287_U18F_4\/classement\" target=\"_blank\" rel=\"noreferrer noopener\">la deuxi\u00e8me place au classement<\/a>. Une position qui met les Messines dans de bonnes dispositions pour la mont\u00e9e en \u00c9lite. La prochaine rencontre aura lieu <a href=\"https:\/\/epreuves.fff.fr\/competition\/match\/53525919-fleury-91-f-c-f-c-metz\/match\" target=\"_blank\" rel=\"noreferrer noopener\">le dimanche 23 novembre 2025<\/a> \u00e0 l\u2019ext\u00e9rieur face au <strong>FC Fleury 91<\/strong>.<\/p>\n<p>U17 \u2013 Large victoire obtenue \u00e0 Strasbourg<\/p>\n<p><img loading=\"lazy\" decoding=\"async\" width=\"1200\" height=\"800\" src=\"https:\/\/www.europesays.com\/fr\/wp-content\/uploads\/2025\/11\/U17-FC-Metz-VS-Dijon-9-novembre-2025-MF-2-1200x800.jpg\" alt=\"\" class=\"wp-image-110360\" style=\"object-fit:cover\"  \/><\/p>\n<p>L\u2019\u00e9quipe U17 se d\u00e9pla\u00e7ait \u00e0 <strong>Strasbourg<\/strong> avec l\u2019objectif de se relancer apr\u00e8s <a href=\"https:\/\/letsgometz.com\/recap-formation-la-reserve-du-fc-metz-chute-a-drancy\" target=\"_blank\" rel=\"noreferrer noopener\">le nul conc\u00e9d\u00e9 \u00e0 domicile la semaine pass\u00e9e contre l\u2019<strong>ASPTT Dijon<\/strong><\/a>. Les Grenats trouvaient une premi\u00e8re solution \u00e0 la fin de la premi\u00e8re p\u00e9riode gr\u00e2ce \u00e0 <strong>Jess Gomes Rodrigues<\/strong> (0-1, 43e). Au retour des vestiaires, c\u2019\u00e9tait au tour de <strong>Yanis Bousserra<\/strong> d\u2019alourdir le score pour <strong>Metz<\/strong> (0-2, 46e). Le dernier mot de la rencontre revenait une nouvelle fois aux Messins avec le dernier but, inscrit par <strong>Maykel Gomis<\/strong> (0-3, 72e). Le <strong>FC Metz<\/strong> l\u2019emportait donc largement et restait dans la course aux premi\u00e8res places du championnat avec <a href=\"https:\/\/epreuves.fff.fr\/competition\/club\/500154-f-c-metz\/equipe\/2025_287_U17_8\/classement\" target=\"_blank\" rel=\"noreferrer noopener\">sa quatri\u00e8me place<\/a>. La prochaine rencontre sera \u00e0 domicile contre le <strong>FC Lyon<\/strong>, <a href=\"https:\/\/epreuves.fff.fr\/competition\/match\/53528589-f-c-metz-f-c-lyon-football\/match\" target=\"_blank\" rel=\"noreferrer noopener\">le dimanche 23 novembre 2025<\/a>.<\/p>\n<p class=\"has-text-align-right\"><strong>Cr\u00e9dit photos : Zo\u00e9 Keller et Julien Buret \/ Let\u2019s Go Metz<\/strong><\/p>\n","protected":false},"excerpt":{"rendered":"4,2K Trois \u00e9quipes de la formation messine \u00e9taient sur les terrains ce week-end, avec la particularit\u00e9 d\u2019avoir le&hellip;\n","protected":false},"author":2,"featured_media":539290,"comment_status":"","ping_status":"","sticky":false,"template":"","format":"standard","meta":{"footnotes":""},"categories":[2820],"tags":[34996,1111,11,1777,674,8113,1011,27,775,6212,12,8708,25,640,8532,3251,65799],"class_list":{"0":"post-539289","1":"post","2":"type-post","3":"status-publish","4":"format-standard","5":"has-post-thumbnail","7":"category-strasbourg","8":"tag-2025-2026","9":"tag-actu","10":"tag-actualites","11":"tag-eu","12":"tag-europe","13":"tag-fc-metz","14":"tag-fr","15":"tag-france","16":"tag-grand-est","17":"tag-metz","18":"tag-news","19":"tag-racing-club-de-strasbourg","20":"tag-republique-francaise","21":"tag-strasbourg","22":"tag-u17","23":"tag-u19","24":"tag-u19f"},"share_on_mastodon":{"url":"https:\/\/pubeurope.com\/@fr\/115562573485573146","error":""},"_links":{"self":[{"href":"https:\/\/www.europesays.com\/fr\/wp-json\/wp\/v2\/posts\/539289","targetHints":{"allow":["GET"]}}],"collection":[{"href":"https:\/\/www.europesays.com\/fr\/wp-json\/wp\/v2\/posts"}],"about":[{"href":"https:\/\/www.europesays.com\/fr\/wp-json\/wp\/v2\/types\/post"}],"author":[{"embeddable":true,"href":"https:\/\/www.europesays.com\/fr\/wp-json\/wp\/v2\/users\/2"}],"replies":[{"embeddable":true,"href":"https:\/\/www.europesays.com\/fr\/wp-json\/wp\/v2\/comments?post=539289"}],"version-history":[{"count":0,"href":"https:\/\/www.europesays.com\/fr\/wp-json\/wp\/v2\/posts\/539289\/revisions"}],"wp:featuredmedia":[{"embeddable":true,"href":"https:\/\/www.europesays.com\/fr\/wp-json\/wp\/v2\/media\/539290"}],"wp:attachment":[{"href":"https:\/\/www.europesays.com\/fr\/wp-json\/wp\/v2\/media?parent=539289"}],"wp:term":[{"taxonomy":"category","embeddable":true,"href":"https:\/\/www.europesays.com\/fr\/wp-json\/wp\/v2\/categories?post=539289"},{"taxonomy":"post_tag","embeddable":true,"href":"https:\/\/www.europesays.com\/fr\/wp-json\/wp\/v2\/tags?post=539289"}],"curies":[{"name":"wp","href":"https:\/\/api.w.org\/{rel}","templated":true}]}}