{"id":539294,"date":"2025-11-17T02:06:12","date_gmt":"2025-11-17T02:06:12","guid":{"rendered":"https:\/\/www.europesays.com\/fr\/539294\/"},"modified":"2025-11-17T02:06:12","modified_gmt":"2025-11-17T02:06:12","slug":"un-memorial-des-enfants-assassines-colle-place-pey-berland-a-bordeaux","status":"publish","type":"post","link":"https:\/\/www.europesays.com\/fr\/539294\/","title":{"rendered":"Un \u00ab\u00a0m\u00e9morial des enfants assassin\u00e9s\u00a0\u00bb coll\u00e9 place Pey-Berland \u00e0 Bordeaux"},"content":{"rendered":"<p class=\"wp-block-post-excerpt__excerpt\">En amont de la journ\u00e9e internationale des Droits de l\u2019enfant, le 20 novembre, les Collages f\u00e9ministes Bordeaux ont r\u00e9alis\u00e9 un \u00ab\u00a0m\u00e9morial\u00a0\u00bb \u00e9ph\u00e9m\u00e8re dans le centre de Bordeaux, en collant les pr\u00e9noms, \u00e2ges et lieux d\u2019assassinat de chacune des 43 victimes d\u2019infanticides en France en 2025. Le collectif bordelais affirme dans un communiqu\u00e9 avoir ainsi agi \u2026 <\/p>\n<p class=\"font-sans\">\n\t\t\tCet article est en acc\u00e8s libre. Pour soutenir Rue89Bordeaux,<br \/>\n\t\t\t<a class=\"underline\" href=\"https:\/\/rue89bordeaux.com\/abonnement\/\" rel=\"nofollow noopener\" target=\"_blank\">abonnez-vous<\/a>.\n\t\t<\/p>\n<p>La R\u00e9daction<\/p>\n<p>Publi\u00e9 le 17 novembre 2025\u00a0\u00a0\u00b7\u00a0\u00a0<\/p>\n<p>Imprim\u00e9 le 17 novembre 2025 \u00e0 03h06\u00a0\u00a0\u00b7\u00a0\u00a0<\/p>\n<p>Modifi\u00e9 le 17 novembre 2025\u00a0\u00a0\u00b7\u00a0\u00a0<\/p>\n<p>\t\t\t\t\t1\u00a0minute\n<\/p>\n<p>En amont de la journ\u00e9e internationale des Droits de l\u2019enfant, le 20 novembre, les Collages f\u00e9ministes Bordeaux ont r\u00e9alis\u00e9 un \u00ab\u00a0m\u00e9morial\u00a0\u00bb \u00e9ph\u00e9m\u00e8re dans le centre de Bordeaux, en collant les pr\u00e9noms, \u00e2ges et lieux d\u2019assassinat de chacune des 43 victimes d\u2019infanticides en France en 2025.<\/p>\n<p>Le collectif bordelais affirme dans un communiqu\u00e9 avoir ainsi agi \u00ab\u00a0pour que chacun.e comprenne la r\u00e9alit\u00e9 de la domination des adultes sur les enfants\u00a0\u00bb, avec un mineur tu\u00e9 tous les 5 jours en France, et un victime de viol, d\u2019inceste ou d\u2019agression sexuelle toutes les trois minutes.<\/p>\n<p>Rappelant que les enfants \u00ab\u00a0sont expos\u00e9s aux coups sans pouvoir les rendre\u00a0\u00bb, et \u00ab\u00a0les premiers \u00e0 subir des violences psychique, physique ou sexuelle\u00a0\u00bb, les Colleuses estime que \u00ab\u00a0l\u2019Etat ne prot\u00e8ge pas les victimes, femmes ou enfants\u00a0\u00bb. Elles \u00e9voquent une \u00ab\u00a0politique judiciaire fond\u00e9e sur le doute de la parole des victimes\u00a0\u00bb, et une \u00ab\u00a0quasi impunit\u00e9\u00a0\u00bb accord\u00e9e aux violeurs et agresseurs (0,6% de condamnations).    <\/p>\n","protected":false},"excerpt":{"rendered":"En amont de la journ\u00e9e internationale des Droits de l\u2019enfant, le 20 novembre, les Collages f\u00e9ministes Bordeaux ont&hellip;\n","protected":false},"author":2,"featured_media":539295,"comment_status":"","ping_status":"","sticky":false,"template":"","format":"standard","meta":{"footnotes":""},"categories":[2817],"tags":[1111,11,1997,65800,10777,1777,674,1011,27,12,2219,25,2949],"class_list":{"0":"post-539294","1":"post","2":"type-post","3":"status-publish","4":"format-standard","5":"has-post-thumbnail","7":"category-bordeaux","8":"tag-actu","9":"tag-actualites","10":"tag-bordeaux","11":"tag-collectif-collage-feminicides-bordeaux","12":"tag-enfance","13":"tag-eu","14":"tag-europe","15":"tag-fr","16":"tag-france","17":"tag-news","18":"tag-nouvelle-aquitaine","19":"tag-republique-francaise","20":"tag-violences"},"share_on_mastodon":{"url":"https:\/\/pubeurope.com\/@fr\/115562596716023690","error":""},"_links":{"self":[{"href":"https:\/\/www.europesays.com\/fr\/wp-json\/wp\/v2\/posts\/539294","targetHints":{"allow":["GET"]}}],"collection":[{"href":"https:\/\/www.europesays.com\/fr\/wp-json\/wp\/v2\/posts"}],"about":[{"href":"https:\/\/www.europesays.com\/fr\/wp-json\/wp\/v2\/types\/post"}],"author":[{"embeddable":true,"href":"https:\/\/www.europesays.com\/fr\/wp-json\/wp\/v2\/users\/2"}],"replies":[{"embeddable":true,"href":"https:\/\/www.europesays.com\/fr\/wp-json\/wp\/v2\/comments?post=539294"}],"version-history":[{"count":0,"href":"https:\/\/www.europesays.com\/fr\/wp-json\/wp\/v2\/posts\/539294\/revisions"}],"wp:featuredmedia":[{"embeddable":true,"href":"https:\/\/www.europesays.com\/fr\/wp-json\/wp\/v2\/media\/539295"}],"wp:attachment":[{"href":"https:\/\/www.europesays.com\/fr\/wp-json\/wp\/v2\/media?parent=539294"}],"wp:term":[{"taxonomy":"category","embeddable":true,"href":"https:\/\/www.europesays.com\/fr\/wp-json\/wp\/v2\/categories?post=539294"},{"taxonomy":"post_tag","embeddable":true,"href":"https:\/\/www.europesays.com\/fr\/wp-json\/wp\/v2\/tags?post=539294"}],"curies":[{"name":"wp","href":"https:\/\/api.w.org\/{rel}","templated":true}]}}