{"id":539297,"date":"2025-11-17T02:08:10","date_gmt":"2025-11-17T02:08:10","guid":{"rendered":"https:\/\/www.europesays.com\/fr\/539297\/"},"modified":"2025-11-17T02:08:10","modified_gmt":"2025-11-17T02:08:10","slug":"lenaic-morozof-nomme-directeur-general-de-point-p-en-occitanie","status":"publish","type":"post","link":"https:\/\/www.europesays.com\/fr\/539297\/","title":{"rendered":"L\u00e9na\u00efc Morozof nomm\u00e9 directeur g\u00e9n\u00e9ral de Point.P en Occitanie"},"content":{"rendered":"<p>Le groupe Saint-Gobain annonce la nomination de L\u00e9na\u00efc Morozof comme directeur g\u00e9n\u00e9ral de Point.P en Occitanie. Cette marque propose des mat\u00e9riaux de construction, services et conseils pour les professionnels du b\u00e2timent. Il succ\u00e8de \u00e0 Laurent Gouzin.<\/p>\n<p>Dipl\u00f4m\u00e9 d\u2019un mast\u00e8re sp\u00e9cialis\u00e9 immobilier b\u00e2timent durable \u00e0 l\u2019\u00e9cole des Ponts et Chauss\u00e9es, L\u00e9na\u00efc Morozof est entr\u00e9 chez Point.P en 2001 comme magasinier puis vendeur n\u00e9gociateur, avant de devenir attach\u00e9 technico-commercial. Il a \u00e9t\u00e9 nomm\u00e9 chef des ventes Picardie en 2009, puis responsable d\u2019agence en 2013 dans le secteur de Lens. En 2016, il est nomm\u00e9 directeur de site Flandres Artois puis directeur de site dans l\u2019Oise jusqu\u2019en 2025.<\/p>\n<p>L\u2019enseigne a ouvert un nouveau showroom dans le nord du Lot il y a un an, puis r\u00e9alis\u00e9 l\u2019acquisition du n\u00e9goce sp\u00e9cialis\u00e9 en carrelage Comptoir Toulousain Carrelage (C.T.C) \u00e0 Colomiers (31), renfor\u00e7ant sa pr\u00e9sence dans la r\u00e9gion toulousaine et int\u00e9grant sept nouveaux collaborateurs. Pr\u00e9sent \u00e0 B\u00e9ziers depuis quarante-six ans, l\u2019enseigne y a inaugur\u00e9 en mars 2025 son nouveau si\u00e8ge r\u00e9gional, confirmant son ancrage biterrois historique. Avec plus de 900 collaborateurs r\u00e9partis dans 131 points de vente, Point.P est un employeur cons\u00e9quent de la r\u00e9gion Occitanie.<\/p>\n","protected":false},"excerpt":{"rendered":"Le groupe Saint-Gobain annonce la nomination de L\u00e9na\u00efc Morozof comme directeur g\u00e9n\u00e9ral de Point.P en Occitanie. Cette marque&hellip;\n","protected":false},"author":2,"featured_media":373637,"comment_status":"","ping_status":"","sticky":false,"template":"","format":"standard","meta":{"footnotes":""},"categories":[2816],"tags":[1111,11,4807,4476,1777,674,1011,27,12,2680,25,2312],"class_list":{"0":"post-539297","1":"post","2":"type-post","3":"status-publish","4":"format-standard","5":"has-post-thumbnail","7":"category-toulouse","8":"tag-actu","9":"tag-actualites","10":"tag-batiment","11":"tag-construction","12":"tag-eu","13":"tag-europe","14":"tag-fr","15":"tag-france","16":"tag-news","17":"tag-occitanie","18":"tag-republique-francaise","19":"tag-toulouse"},"share_on_mastodon":{"url":"https:\/\/pubeurope.com\/@fr\/115562604389343590","error":""},"_links":{"self":[{"href":"https:\/\/www.europesays.com\/fr\/wp-json\/wp\/v2\/posts\/539297","targetHints":{"allow":["GET"]}}],"collection":[{"href":"https:\/\/www.europesays.com\/fr\/wp-json\/wp\/v2\/posts"}],"about":[{"href":"https:\/\/www.europesays.com\/fr\/wp-json\/wp\/v2\/types\/post"}],"author":[{"embeddable":true,"href":"https:\/\/www.europesays.com\/fr\/wp-json\/wp\/v2\/users\/2"}],"replies":[{"embeddable":true,"href":"https:\/\/www.europesays.com\/fr\/wp-json\/wp\/v2\/comments?post=539297"}],"version-history":[{"count":0,"href":"https:\/\/www.europesays.com\/fr\/wp-json\/wp\/v2\/posts\/539297\/revisions"}],"wp:featuredmedia":[{"embeddable":true,"href":"https:\/\/www.europesays.com\/fr\/wp-json\/wp\/v2\/media\/373637"}],"wp:attachment":[{"href":"https:\/\/www.europesays.com\/fr\/wp-json\/wp\/v2\/media?parent=539297"}],"wp:term":[{"taxonomy":"category","embeddable":true,"href":"https:\/\/www.europesays.com\/fr\/wp-json\/wp\/v2\/categories?post=539297"},{"taxonomy":"post_tag","embeddable":true,"href":"https:\/\/www.europesays.com\/fr\/wp-json\/wp\/v2\/tags?post=539297"}],"curies":[{"name":"wp","href":"https:\/\/api.w.org\/{rel}","templated":true}]}}