{"id":53930,"date":"2025-04-26T08:26:17","date_gmt":"2025-04-26T08:26:17","guid":{"rendered":"https:\/\/www.europesays.com\/fr\/53930\/"},"modified":"2025-04-26T08:26:17","modified_gmt":"2025-04-26T08:26:17","slug":"handball-n2f-lanester-recoit-rouen-avec-le-maintien-dans-le-viseur-sport","status":"publish","type":"post","link":"https:\/\/www.europesays.com\/fr\/53930\/","title":{"rendered":"Handball. N2F\u00a0: Lanester re\u00e7oit Rouen avec le maintien dans le viseur . Sport"},"content":{"rendered":"<p>Les Lanest\u00e9riennes vont accueillir l\u2019\u00e9quipe r\u00e9serve de Rouen (la A joue en N1) pour une rencontre d\u00e9cisive pour le maintien, dimanche 27\u00a0avril (14\u00a0h). Parmi les joueuses du coach Vincent Lestang, il y en a une, Ma\u00efwenn Qu\u00e9ven, qui \u00e9tait impatiente de revenir aider ses co\u00e9quipi\u00e8res, apr\u00e8s son cong\u00e9 maternit\u00e9.<\/p>\n<p>\u00ab\u00a0Il ne nous faut pas nous rater\u00a0\u00bb<\/p>\n<p>Avec vingt et une licences au club de Lanester, elle est un des piliers de l\u2019\u00e9quipe. \u00a0Vers l\u2019\u00e2ge de 7\u00a0ans, c\u2019est une copine qui m\u2019a pouss\u00e9e \u00e0 venir faire du handball, ici \u00e0 Lanester, rembobine-t-elle. Depuis, je n\u2019ai connu qu\u2019un seul club et \u00e9t\u00e9 convoqu\u00e9e vers 15 ou 16\u00a0ans, en premi\u00e8re qui disputait le championnat de Pr\u00e9national. Depuis, j\u2019ai tout connu les mont\u00e9es en N2 et en N1\u00a0puis les descentes et la remont\u00e9e cette saison en N2.\u00a0<\/p>\n<p>Qu\u00e9ven a \u00e9volu\u00e9 \u00e0 plusieurs postes, mais c\u2019est celui de pivot qui a sa pr\u00e9f\u00e9rence\u00a0: \u00a0J\u2019ai du r\u00e9pondant physique. Je suis vive et suffisamment hargneuse pour aller au combat. C\u2019est ce qui me pla\u00eet et qui me manquait durant mon interruption.\u00a0<\/p>\n<p><strong>Lire aussi\u00a0:<\/strong> <a href=\"https:\/\/paris.maville.com\/sport\/detail_-morbihan-handball.-n2f-lanester-se-fait-peur-mais-s-en-sort-face-a-dreux-_54135-6731356_actu.Htm\" rel=\"nofollow noopener\" target=\"_blank\">Handball. N2F\u00a0: Lanester se fait peur mais s\u2019en sort face \u00e0 Dreux<\/a><\/p>\n<p>Les filles de Lanester viennent d\u2019engranger des points, en obtenant <a href=\"https:\/\/brest.maville.com\/sport\/detail_-handball.-n2f-l-hermine-kernic-et-lanester-se-quittent-sur-un-nul-_6-6762861_actu.Htm\" rel=\"nofollow noopener\" target=\"_blank\">un bon nul \u00e0 Kernic<\/a> et <a href=\"https:\/\/www.ouest-france.fr\/sport\/handball\/lanester-hb\/handball-n2f-grace-a-une-grande-gardienne-lanester-simpose-au-forceps-face-a-octeville-54b7c1d4-1272-11f0-8555-dac1cc21c2b1\" rel=\"nofollow noopener\" target=\"_blank\">une victoire contre Octeville,<\/a> avant d\u2019affronter la lanterne rouge. \u00a0L\u00e0, il ne nous faut pas nous rater, reprend Qu\u00e9ven. Une victoire nous assurerait presque notre maintien avant les deux derni\u00e8res oppositions face au Havre et Rennes. <strong>Ce maintien permettrait au club d\u2019envisager sereinement la saison \u00e0 venir avec l\u2019arriv\u00e9e de jeunes joueuses du centre de formation.<\/strong>\u00a0\u00bb<\/p>\n<p>\u00a0<\/p>\n","protected":false},"excerpt":{"rendered":"Les Lanest\u00e9riennes vont accueillir l\u2019\u00e9quipe r\u00e9serve de Rouen (la A joue en N1) pour une rencontre d\u00e9cisive pour&hellip;\n","protected":false},"author":2,"featured_media":53931,"comment_status":"","ping_status":"","sticky":false,"template":"","format":"standard","meta":{"footnotes":""},"categories":[9587],"tags":[1111,11,3809,1465,1777,674,63,1011,27,1792,1922,766,12,5161,25,9590,479,517,1470],"class_list":{"0":"post-53930","1":"post","2":"type-post","3":"status-publish","4":"format-standard","5":"has-post-thumbnail","7":"category-rouen","8":"tag-actu","9":"tag-actualites","10":"tag-ball","11":"tag-basket","12":"tag-eu","13":"tag-europe","14":"tag-football","15":"tag-fr","16":"tag-france","17":"tag-handball","18":"tag-info","19":"tag-nantes","20":"tag-news","21":"tag-normandie","22":"tag-republique-francaise","23":"tag-rouen","24":"tag-rugby","25":"tag-sport","26":"tag-volley"},"share_on_mastodon":{"url":"https:\/\/pubeurope.com\/@fr\/114403317062716525","error":""},"_links":{"self":[{"href":"https:\/\/www.europesays.com\/fr\/wp-json\/wp\/v2\/posts\/53930","targetHints":{"allow":["GET"]}}],"collection":[{"href":"https:\/\/www.europesays.com\/fr\/wp-json\/wp\/v2\/posts"}],"about":[{"href":"https:\/\/www.europesays.com\/fr\/wp-json\/wp\/v2\/types\/post"}],"author":[{"embeddable":true,"href":"https:\/\/www.europesays.com\/fr\/wp-json\/wp\/v2\/users\/2"}],"replies":[{"embeddable":true,"href":"https:\/\/www.europesays.com\/fr\/wp-json\/wp\/v2\/comments?post=53930"}],"version-history":[{"count":0,"href":"https:\/\/www.europesays.com\/fr\/wp-json\/wp\/v2\/posts\/53930\/revisions"}],"wp:featuredmedia":[{"embeddable":true,"href":"https:\/\/www.europesays.com\/fr\/wp-json\/wp\/v2\/media\/53931"}],"wp:attachment":[{"href":"https:\/\/www.europesays.com\/fr\/wp-json\/wp\/v2\/media?parent=53930"}],"wp:term":[{"taxonomy":"category","embeddable":true,"href":"https:\/\/www.europesays.com\/fr\/wp-json\/wp\/v2\/categories?post=53930"},{"taxonomy":"post_tag","embeddable":true,"href":"https:\/\/www.europesays.com\/fr\/wp-json\/wp\/v2\/tags?post=53930"}],"curies":[{"name":"wp","href":"https:\/\/api.w.org\/{rel}","templated":true}]}}