{"id":539300,"date":"2025-11-17T02:12:22","date_gmt":"2025-11-17T02:12:22","guid":{"rendered":"https:\/\/www.europesays.com\/fr\/539300\/"},"modified":"2025-11-17T02:12:22","modified_gmt":"2025-11-17T02:12:22","slug":"des-proches-danciens-internes-exhument-le-passe-psychiatrique-de-lhopital-de-la-timone","status":"publish","type":"post","link":"https:\/\/www.europesays.com\/fr\/539300\/","title":{"rendered":"Des proches d\u2019anciens intern\u00e9s exhument le pass\u00e9 psychiatrique de l&rsquo;h\u00f4pital de la Timone"},"content":{"rendered":"<p>\t    Des proches d\u2019anciens intern\u00e9s exhument le pass\u00e9 psychiatrique de l&rsquo;h\u00f4pital de la Timone &#8211; Marsactu<\/p>\n<p>&#13;<br \/>\n\t\t&#13;<\/p>\n<p>Nous utilisons des cookies pour vous garantir la meilleure exp\u00e9rience sur notre site. Vous pouvez choisir de refuser les cookies.J&rsquo;accepteNonEn savoir plus<\/p>\n<p>\t\t&#13;<\/p>\n","protected":false},"excerpt":{"rendered":"Des proches d\u2019anciens intern\u00e9s exhument le pass\u00e9 psychiatrique de l&rsquo;h\u00f4pital de la Timone &#8211; Marsactu &#13; &#13; Nous&hellip;\n","protected":false},"author":2,"featured_media":539301,"comment_status":"","ping_status":"","sticky":false,"template":"","format":"standard","meta":{"footnotes":""},"categories":[2814],"tags":[1111,11,1777,674,1011,27,65802,884,12,882,25,2843],"class_list":{"0":"post-539300","1":"post","2":"type-post","3":"status-publish","4":"format-standard","5":"has-post-thumbnail","7":"category-marseille","8":"tag-actu","9":"tag-actualites","10":"tag-eu","11":"tag-europe","12":"tag-fr","13":"tag-france","14":"tag-hopitaldelatimone","15":"tag-marseille","16":"tag-news","17":"tag-provence-alpes-cote-dazur","18":"tag-republique-francaise","19":"tag-zaluwe"},"share_on_mastodon":{"url":"https:\/\/pubeurope.com\/@fr\/115562620335067298","error":""},"_links":{"self":[{"href":"https:\/\/www.europesays.com\/fr\/wp-json\/wp\/v2\/posts\/539300","targetHints":{"allow":["GET"]}}],"collection":[{"href":"https:\/\/www.europesays.com\/fr\/wp-json\/wp\/v2\/posts"}],"about":[{"href":"https:\/\/www.europesays.com\/fr\/wp-json\/wp\/v2\/types\/post"}],"author":[{"embeddable":true,"href":"https:\/\/www.europesays.com\/fr\/wp-json\/wp\/v2\/users\/2"}],"replies":[{"embeddable":true,"href":"https:\/\/www.europesays.com\/fr\/wp-json\/wp\/v2\/comments?post=539300"}],"version-history":[{"count":0,"href":"https:\/\/www.europesays.com\/fr\/wp-json\/wp\/v2\/posts\/539300\/revisions"}],"wp:featuredmedia":[{"embeddable":true,"href":"https:\/\/www.europesays.com\/fr\/wp-json\/wp\/v2\/media\/539301"}],"wp:attachment":[{"href":"https:\/\/www.europesays.com\/fr\/wp-json\/wp\/v2\/media?parent=539300"}],"wp:term":[{"taxonomy":"category","embeddable":true,"href":"https:\/\/www.europesays.com\/fr\/wp-json\/wp\/v2\/categories?post=539300"},{"taxonomy":"post_tag","embeddable":true,"href":"https:\/\/www.europesays.com\/fr\/wp-json\/wp\/v2\/tags?post=539300"}],"curies":[{"name":"wp","href":"https:\/\/api.w.org\/{rel}","templated":true}]}}