{"id":539302,"date":"2025-11-17T02:13:17","date_gmt":"2025-11-17T02:13:17","guid":{"rendered":"https:\/\/www.europesays.com\/fr\/539302\/"},"modified":"2025-11-17T02:13:17","modified_gmt":"2025-11-17T02:13:17","slug":"qui-est-sebastien-delogu-le-depute-lfi-des-quartiers-nord-qui-a-annonce-sa-candidature","status":"publish","type":"post","link":"https:\/\/www.europesays.com\/fr\/539302\/","title":{"rendered":"Qui est S\u00e9bastien Delogu, le d\u00e9put\u00e9 LFI des quartiers Nord qui a annonc\u00e9 sa candidature\u00a0?"},"content":{"rendered":"<p>C\u2019\u00e9tait un secret de polichinelle, c\u2019est d\u00e9sormais officiel. Le d\u00e9put\u00e9 <a href=\"https:\/\/www.20minutes.fr\/politique\/france-insoumise\/\" class=\"c-link c-link--is-underlined\" target=\"_blank\" rel=\"noopener\">Insoumis<\/a> S\u00e9bastien Delogu, connu pour son franc-parler et ses coups d\u2019\u00e9clat, est <a href=\"https:\/\/www.20minutes.fr\/politique\/4185903-20251116-municipales-2026-marseille-sebastien-delogu-lfi-officialise-candidature\" target=\"_blank\" class=\"c-link c-link--is-underlined\" rel=\"noopener\">officiellement candidat \u00e0 la mairie de Marseille<\/a>. \u00ab\u00a0Je souhaite ramener le peuple au pouvoir et ne pas laisser <a href=\"https:\/\/www.20minutes.fr\/marseille\/\" class=\"c-link c-link--is-underlined\" target=\"_blank\" rel=\"noopener\">Marseille<\/a> aux magouilleurs qui font du favoritisme et du client\u00e9lisme comme la ville a toujours connu\u00a0\u00bb, a d\u00e9clar\u00e9 l\u2019\u00e9lu des <a href=\"https:\/\/www.20minutes.fr\/dossier\/quartiers_nord\" class=\"c-link c-link--is-underlined\" target=\"_blank\" rel=\"noopener\">quartiers Nord<\/a>.<\/p>\n<p>Un Marseillais pur jus<\/p>\n<p><a href=\"https:\/\/www.20minutes.fr\/politique\/4153967-20250516-marseille-voici-pourquoi-perquisitions-chez-depute-lfi-sebastien-delogu\" target=\"_blank\" class=\"c-link c-link--is-underlined\" rel=\"noopener\">S\u00e9bastien Delogu, \u00e2g\u00e9 de 38 ans, ne se destinait pas \u00e0 une carri\u00e8re politique<\/a>. Ce Marseillais a grandi dans la cit\u00e9 de Consolat, grand ensemble min\u00e9 par l\u2019insalubrit\u00e9 et le trafic de stup\u00e9fiants &#8211; les fameux \u00ab\u00a0quartiers Nord\u00a0\u00bb de la ville &#8211; entre un p\u00e8re chauffeur de taxi et une m\u00e8re vendeuse, responsable de la CGT locale et vice-pr\u00e9sidente du conseil prud\u2019homal d\u2019Aix-en-Provence. Il exercera plusieurs m\u00e9tiers &#8211; vendeur, agent de s\u00e9curit\u00e9 puis chauffeur de taxi &#8211; avant de se rapprocher des sph\u00e8res militantes.<\/p>\n<\/p>\n<p>En\u00a02016, il se distingue en s\u2019opposant \u00e0 \u00ab\u00a0l\u2019uberisation\u00a0\u00bb de sa profession. Il s\u2019engage aupr\u00e8s de <a href=\"https:\/\/www.20minutes.fr\/politique\/jean-luc-melenchon\/\" class=\"c-link c-link--is-underlined\" target=\"_blank\" rel=\"noopener\">Jean-Luc M\u00e9lenchon<\/a> lors des \u00e9lections l\u00e9gislatives de\u00a02017, puis pendant la campagne pr\u00e9sidentielle de\u00a02022. Cette m\u00eame ann\u00e9e, il devient d\u00e9put\u00e9 Nupes de la 7e circonscription des Bouches-du-Rh\u00f4ne en juin\u00a02022. Il est r\u00e9\u00e9lu en\u00a02024 d\u00e8s le premier tour \u00ab\u00a0J\u2019apparais comme un symbole de n\u2019\u00eatre pas comme les autres dans ce monde politique\u00a0\u00bb, confie celui qui a \u00ab\u00a0parcouru l\u2019enti\u00e8ret\u00e9 de la ville\u00a0\u00bb avec son taxi.<\/p>\n<p>Pas d\u2019union des gauches<\/p>\n<p>S\u00e9bastien Delogu incarne la figure du challenger redout\u00e9. Face \u00e0 lui, le maire sortant divers gauche, <a href=\"https:\/\/www.20minutes.fr\/marseille\/benoit-payan\/\" class=\"c-link c-link--is-underlined\" target=\"_blank\" rel=\"noopener\">Beno\u00eet Payan<\/a>, qui devrait rapidement officialiser sa candidature, soutenue par les communistes, socialistes et une partie des \u00e9cologistes, partira favori. Mais S\u00e9bastien Delogu compte surfer sur les bons scores de LFI aux derniers scrutins nationaux. Populaire et appr\u00e9ci\u00e9, beaucoup de jeunes lui demandent des selfies lorsqu\u2019il d\u00e9ambule dans sa ville.<\/p>\n<p>Ce proche de M\u00e9lenchon entend incarner un maire de \u00ab\u00a0rupture\u00a0\u00bb contre un \u00ab\u00a0syst\u00e8me client\u00e9liste\u00a0\u00bb. Il revendique son \u00ab\u00a0engagement social\u00a0\u00bb, issu de ses origines ouvri\u00e8res. Pendant la campagne, il compte s\u2019attaquer au \u00ab\u00a0racket\u00a0\u00bb du tunnel payant qui traverse la ville ou encore \u00e0 la pollution g\u00e9n\u00e9r\u00e9e par les paquebots de croisi\u00e8re sur la sant\u00e9 des habitants des quartiers Nord surplombant le port. \u00ab\u00a0Je suis une personne tr\u00e8s simple, tr\u00e8s engag\u00e9e, j\u2019y sacrifie toute ma vie\u00a0\u00bb, assure-t-il.<\/p>\n<p>Coups d\u2019\u00e9clat et pol\u00e9miques<\/p>\n<p>S\u00e9bastien Delogu s\u2019est fait un nom dans le paysage politique fran\u00e7ais, en d\u00e9gainant au printemps\u00a02024, un <a href=\"https:\/\/www.20minutes.fr\/politique\/4161479-20250702-algerie-france-insoumise-reagit-apres-silence-depute-sebastien-delogu-emprisonnement-journalistes\" target=\"_blank\" class=\"c-link c-link--is-underlined\" rel=\"noopener\">drapeau de la Palestine en pleine s\u00e9ance de questions \u00e0 l\u2019Assembl\u00e9e nationale<\/a>. Une action qui lui a valu 15 jours de suspension. \u00ab\u00a0C\u2019est un bon mec qui a une forme de complexe d\u2019inf\u00e9riorit\u00e9. Il dit \u00ab\u00a0je vous emmerde et je crains degun\u00a0\u00bb\u00a0\u00bb (personne), commente un d\u00e9put\u00e9 LFI.<\/p>\n<p>Au d\u00e9but de l\u2019\u00e9t\u00e9, un voyage en Alg\u00e9rie en pleine crise diplomatique entre Paris et Alger lui a valu -fait rare chez LFI- une prise de distance du parti car lors d\u2019interviews avec des m\u00e9dias sur place il n\u2019avait notamment pas \u00e9voqu\u00e9 la situation du journaliste Christophe Gleizes et de l\u2019\u00e9crivain Boualem Sansal, alors tous deux incarc\u00e9r\u00e9s l\u00e0-bas<\/p>\n<p>Ses actions muscl\u00e9es lui ont valu une condamnation pour violences envers deux cadres de l\u2019\u00c9ducation nationale lors d\u2019un blocus lyc\u00e9en en\u00a02023 en marge du mouvement contre la r\u00e9forme des retraites. Des faits qu\u2019il conteste sans avoir fait appel.<\/p>\n","protected":false},"excerpt":{"rendered":"C\u2019\u00e9tait un secret de polichinelle, c\u2019est d\u00e9sormais officiel. Le d\u00e9put\u00e9 Insoumis S\u00e9bastien Delogu, connu pour son franc-parler et&hellip;\n","protected":false},"author":2,"featured_media":539303,"comment_status":"","ping_status":"","sticky":false,"template":"","format":"standard","meta":{"footnotes":""},"categories":[2814],"tags":[1111,47,11,6469,885,2761,1777,674,1011,27,1023,884,12,883,316,882,25],"class_list":{"0":"post-539302","1":"post","2":"type-post","3":"status-publish","4":"format-standard","5":"has-post-thumbnail","7":"category-marseille","8":"tag-actu","9":"tag-actualite","10":"tag-actualites","11":"tag-benoit-payan","12":"tag-bouches-du-rhone","13":"tag-elections-municipales-2026","14":"tag-eu","15":"tag-europe","16":"tag-fr","17":"tag-france","18":"tag-la-france-insoumise-lfi","19":"tag-marseille","20":"tag-news","21":"tag-paca","22":"tag-politique","23":"tag-provence-alpes-cote-dazur","24":"tag-republique-francaise"},"share_on_mastodon":{"url":"https:\/\/pubeurope.com\/@fr\/115562624052668857","error":""},"_links":{"self":[{"href":"https:\/\/www.europesays.com\/fr\/wp-json\/wp\/v2\/posts\/539302","targetHints":{"allow":["GET"]}}],"collection":[{"href":"https:\/\/www.europesays.com\/fr\/wp-json\/wp\/v2\/posts"}],"about":[{"href":"https:\/\/www.europesays.com\/fr\/wp-json\/wp\/v2\/types\/post"}],"author":[{"embeddable":true,"href":"https:\/\/www.europesays.com\/fr\/wp-json\/wp\/v2\/users\/2"}],"replies":[{"embeddable":true,"href":"https:\/\/www.europesays.com\/fr\/wp-json\/wp\/v2\/comments?post=539302"}],"version-history":[{"count":0,"href":"https:\/\/www.europesays.com\/fr\/wp-json\/wp\/v2\/posts\/539302\/revisions"}],"wp:featuredmedia":[{"embeddable":true,"href":"https:\/\/www.europesays.com\/fr\/wp-json\/wp\/v2\/media\/539303"}],"wp:attachment":[{"href":"https:\/\/www.europesays.com\/fr\/wp-json\/wp\/v2\/media?parent=539302"}],"wp:term":[{"taxonomy":"category","embeddable":true,"href":"https:\/\/www.europesays.com\/fr\/wp-json\/wp\/v2\/categories?post=539302"},{"taxonomy":"post_tag","embeddable":true,"href":"https:\/\/www.europesays.com\/fr\/wp-json\/wp\/v2\/tags?post=539302"}],"curies":[{"name":"wp","href":"https:\/\/api.w.org\/{rel}","templated":true}]}}