{"id":539304,"date":"2025-11-17T02:14:22","date_gmt":"2025-11-17T02:14:22","guid":{"rendered":"https:\/\/www.europesays.com\/fr\/539304\/"},"modified":"2025-11-17T02:14:22","modified_gmt":"2025-11-17T02:14:22","slug":"une-infirmiere-agressee-et-intimidee-par-un-habitant-mecontent","status":"publish","type":"post","link":"https:\/\/www.europesays.com\/fr\/539304\/","title":{"rendered":"une infirmi\u00e8re agress\u00e9e et intimid\u00e9e par un habitant m\u00e9content"},"content":{"rendered":"<p itemprop=\"description\"><strong>C&rsquo;est un motif futile qui a d\u00e9clench\u00e9 la col\u00e8re d&rsquo;un habitant de V\u00e9nissieux. Et qui a plong\u00e9 une infirmi\u00e8re dans la peur.<\/strong><\/p>\n<p>Samedi matin, cette derni\u00e8re intervenait dans un immeuble du plateau des Minguettes. Elle s&rsquo;\u00e9tait gar\u00e9e sur le parking au pied de la tour, mais un automobiliste \u00e9tait venu \u00e0 sa rencontre, lui expliquant qu&rsquo;elle venait de lui prendre sa place.<\/p>\n<p>V\u00e9rification faite, l&rsquo;infirmi\u00e8re lui r\u00e9pondait que le parking \u00e9tait public et non num\u00e9rot\u00e9, et qu&rsquo;elle devait absolument se garer ici pour aller voir son patient.<\/p>\n<p>En revenant sur le parking apr\u00e8s son intervention, elle surprenait l&rsquo;homme en train de rayer sa voiture et arracher les essuie-glaces. Furieuse, elle lui demandait d&rsquo;arr\u00eater. Mais en retour, le septuag\u00e9naire se munissait d&rsquo;un essuie-glace pour la frapper.<\/p>\n<p>L&rsquo;infirmi\u00e8re parvenait \u00e0 prendre la fuite et portait plainte dans la foul\u00e9e.<\/p>\n<p>Oblig\u00e9e de revenir sur place ce dimanche matin, elle tombait alors nez-\u00e0-nez avec la voiture de son agresseur, pilot\u00e9e par un jeune homme, potentiellement son fils. Ce dernier la prenait en chasse dans V\u00e9nissieux, adoptant une conduite agressive pour l&rsquo;effrayer, ne cessant son petit man\u00e8ge qu&rsquo;\u00e0 l&rsquo;approche du commissariat.<\/p>\n<p>Ces faits interviennent dans un contexte de violence envers les personnels m\u00e9dicaux qui interviennent dans les quartiers sensibles de la ville. Pour rappel, en mai dernier, <a href=\"https:\/\/www.lyonmag.com\/article\/144082\/venissieux-une-infirmiere-violemment-agressee-par-un-dealer-multirecidiviste\" target=\"_blank\" rel=\"noopener\">LyonMag avait d\u00e9j\u00e0 r\u00e9v\u00e9l\u00e9 le passage \u00e0 tabac d&rsquo;une infirmi\u00e8re<\/a> par un guetteur de l&rsquo;avenue Vladimir-Komarov.\u00a0<\/p>\n","protected":false},"excerpt":{"rendered":"C&rsquo;est un motif futile qui a d\u00e9clench\u00e9 la col\u00e8re d&rsquo;un habitant de V\u00e9nissieux. Et qui a plong\u00e9 une&hellip;\n","protected":false},"author":2,"featured_media":539305,"comment_status":"","ping_status":"","sticky":false,"template":"","format":"standard","meta":{"footnotes":""},"categories":[1889],"tags":[1111,11,2813,2190,2430,1109,251,1112,2811,1777,674,118,1011,27,1922,1110,1114,2428,2810,12,241,316,25,2812,517,800],"class_list":{"0":"post-539304","1":"post","2":"type-post","3":"status-publish","4":"format-standard","5":"has-post-thumbnail","7":"category-lyon","8":"tag-actu","9":"tag-actualites","10":"tag-article","11":"tag-asvel","12":"tag-auvergne-rhone-alpes","13":"tag-breves","14":"tag-culture","15":"tag-depeches","16":"tag-economique","17":"tag-eu","18":"tag-europe","19":"tag-faits-divers","20":"tag-fr","21":"tag-france","22":"tag-info","23":"tag-informations","24":"tag-infos","25":"tag-lyon","26":"tag-lyonmag","27":"tag-news","28":"tag-ol","29":"tag-politique","30":"tag-republique-francaise","31":"tag-sociale","32":"tag-sport","33":"tag-transports"},"share_on_mastodon":{"url":"https:\/\/pubeurope.com\/@fr\/115562628130980581","error":""},"_links":{"self":[{"href":"https:\/\/www.europesays.com\/fr\/wp-json\/wp\/v2\/posts\/539304","targetHints":{"allow":["GET"]}}],"collection":[{"href":"https:\/\/www.europesays.com\/fr\/wp-json\/wp\/v2\/posts"}],"about":[{"href":"https:\/\/www.europesays.com\/fr\/wp-json\/wp\/v2\/types\/post"}],"author":[{"embeddable":true,"href":"https:\/\/www.europesays.com\/fr\/wp-json\/wp\/v2\/users\/2"}],"replies":[{"embeddable":true,"href":"https:\/\/www.europesays.com\/fr\/wp-json\/wp\/v2\/comments?post=539304"}],"version-history":[{"count":0,"href":"https:\/\/www.europesays.com\/fr\/wp-json\/wp\/v2\/posts\/539304\/revisions"}],"wp:featuredmedia":[{"embeddable":true,"href":"https:\/\/www.europesays.com\/fr\/wp-json\/wp\/v2\/media\/539305"}],"wp:attachment":[{"href":"https:\/\/www.europesays.com\/fr\/wp-json\/wp\/v2\/media?parent=539304"}],"wp:term":[{"taxonomy":"category","embeddable":true,"href":"https:\/\/www.europesays.com\/fr\/wp-json\/wp\/v2\/categories?post=539304"},{"taxonomy":"post_tag","embeddable":true,"href":"https:\/\/www.europesays.com\/fr\/wp-json\/wp\/v2\/tags?post=539304"}],"curies":[{"name":"wp","href":"https:\/\/api.w.org\/{rel}","templated":true}]}}