{"id":539310,"date":"2025-11-17T02:19:15","date_gmt":"2025-11-17T02:19:15","guid":{"rendered":"https:\/\/www.europesays.com\/fr\/539310\/"},"modified":"2025-11-17T02:19:15","modified_gmt":"2025-11-17T02:19:15","slug":"decouvrez-les-images-des-illuminations-sur-les-champs-elysees","status":"publish","type":"post","link":"https:\/\/www.europesays.com\/fr\/539310\/","title":{"rendered":"D\u00e9couvrez les images des illuminations sur les Champs-\u00c9lys\u00e9es"},"content":{"rendered":"<p>\n    <strong>EN IMAGES &#8211;<\/strong> La \u00abplus belle avenue du monde\u00bb s\u2019illuminera chaque soir jusqu\u2019au 4 janvier. Le coup d\u2019envoi a \u00e9t\u00e9 donn\u00e9 ce dimanche \u00e0 18h30.<\/p>\n<p class=\"fig-paragraph\">L\u00e9a Seydoux,\u00a0<a href=\"http:\/\/www.lefigaro.fr\/flash-actu\/l-actrice-lea-seydoux-designee-marraine-des-illuminations-de-noel-sur-les-champs-elysees-20251112\" target=\"_blank\" data-fig-type=\"NewsFlash\" rel=\"noopener nofollow\" data-gtm-custom-categorie=\"navigation\" data-gtm-custom-action=\"crossclick\" data-gtm-custom-label=\"Contextuel\" data-gtm-event=\"customEventSPE\" data-fig-domain=\"LEFIGARO\">marraine de la c\u00e9r\u00e9monie<\/a>, a donn\u00e9 le coup d\u2019envoi \u00e0 18h30 des illuminations sur les Champs-\u00c9lys\u00e9es, rituel des f\u00eates de fin d\u2019ann\u00e9e et du Paris touristique, instaur\u00e9 en 1980. Elle a \u00e9t\u00e9 accompagn\u00e9e d\u2019un gar\u00e7on et d\u2019une fille de l\u2019association Petits Princes, qui r\u00e9alise les r\u00eaves d\u2019enfants gravement malades. La\u00a0<a href=\"https:\/\/www.lefigaro.fr\/musique\/charlotte-cardin-jeune-espoir-canadien-20210531\" target=\"_blank\" data-fig-type=\"Article\" rel=\"noopener nofollow\" data-gtm-custom-categorie=\"navigation\" data-gtm-custom-action=\"crossclick\" data-gtm-custom-label=\"Contextuel\" data-gtm-event=\"customEventSPE\" data-fig-domain=\"LEFIGARO\">chanteuse canadienne Charlotte Cardin<\/a>\u00a0a de son c\u00f4t\u00e9 r\u00e9alis\u00e9 une performance musicale.<\/p>\n<p class=\"fig-paragraph\">Imagin\u00e9 par le concepteur Thierry Reboul, le spectacle est mis en lumi\u00e8re par Thomas Dechandon et confi\u00e9, comme les ann\u00e9es pr\u00e9c\u00e9dentes, \u00e0 \u00abla technologie exceptionnelle de Blach\u00e8re Illuminations\u00bb, fournisseur officiel.<\/p>\n<p>                                    <a class=\"fig-a11y-skip a11y-hidden\" href=\"#fig-a11y-skip-main-inarticle\"><br \/>\n        Passer la publicit\u00e9<br \/>\n    <\/a><\/p>\n<p>D\u00e9passer la barre des 150.000 visiteurs<\/p>\n<p class=\"fig-paragraph\">Les d\u00e9corations orneront 400 arbres du 16 novembre au 4 janvier 2026 et scintilleront au quotidien d\u00e8s 17h, jusqu\u2019\u00e0 minuit, ou 01h du matin les vendredis et samedis.<\/p>\n<p class=\"fig-paragraph\">Ces illuminations correspondent \u00e0 \u00abla consommation de deux foyers moyens fran\u00e7ais \u00e0 l\u2019ann\u00e9e\u00bb, des chiffres en baisse depuis l\u2019utilisation de guirlandes LED, pr\u00e9cise le pr\u00e9sident du comit\u00e9. Marc-Antoine Jamet ambitionne de d\u00e9passer la barre des 150.000 spectateurs franchie en 2024, gr\u00e2ce aux \u00abm\u00e9dias t\u00e9l\u00e9visuels\u00bb et aux \u00abr\u00e9seaux sociaux\u00bb.<\/p>\n","protected":false},"excerpt":{"rendered":"EN IMAGES &#8211; La \u00abplus belle avenue du monde\u00bb s\u2019illuminera chaque soir jusqu\u2019au 4 janvier. Le coup d\u2019envoi&hellip;\n","protected":false},"author":2,"featured_media":539311,"comment_status":"","ping_status":"","sticky":false,"template":"","format":"standard","meta":{"footnotes":""},"categories":[1888],"tags":[1111,1928,11,1927,6984,1777,674,1011,27,23660,12,1926,626,1925,25],"class_list":{"0":"post-539310","1":"post","2":"type-post","3":"status-publish","4":"format-standard","5":"has-post-thumbnail","7":"category-paris","8":"tag-actu","9":"tag-actu-paris","10":"tag-actualites","11":"tag-actualites-paris","12":"tag-champs-elysees","13":"tag-eu","14":"tag-europe","15":"tag-fr","16":"tag-france","17":"tag-lea-seydoux","18":"tag-news","19":"tag-news-paris","20":"tag-paris","21":"tag-paris-news","22":"tag-republique-francaise"},"share_on_mastodon":{"url":"https:\/\/pubeurope.com\/@fr\/115562647665603005","error":""},"_links":{"self":[{"href":"https:\/\/www.europesays.com\/fr\/wp-json\/wp\/v2\/posts\/539310","targetHints":{"allow":["GET"]}}],"collection":[{"href":"https:\/\/www.europesays.com\/fr\/wp-json\/wp\/v2\/posts"}],"about":[{"href":"https:\/\/www.europesays.com\/fr\/wp-json\/wp\/v2\/types\/post"}],"author":[{"embeddable":true,"href":"https:\/\/www.europesays.com\/fr\/wp-json\/wp\/v2\/users\/2"}],"replies":[{"embeddable":true,"href":"https:\/\/www.europesays.com\/fr\/wp-json\/wp\/v2\/comments?post=539310"}],"version-history":[{"count":0,"href":"https:\/\/www.europesays.com\/fr\/wp-json\/wp\/v2\/posts\/539310\/revisions"}],"wp:featuredmedia":[{"embeddable":true,"href":"https:\/\/www.europesays.com\/fr\/wp-json\/wp\/v2\/media\/539311"}],"wp:attachment":[{"href":"https:\/\/www.europesays.com\/fr\/wp-json\/wp\/v2\/media?parent=539310"}],"wp:term":[{"taxonomy":"category","embeddable":true,"href":"https:\/\/www.europesays.com\/fr\/wp-json\/wp\/v2\/categories?post=539310"},{"taxonomy":"post_tag","embeddable":true,"href":"https:\/\/www.europesays.com\/fr\/wp-json\/wp\/v2\/tags?post=539310"}],"curies":[{"name":"wp","href":"https:\/\/api.w.org\/{rel}","templated":true}]}}