{"id":539312,"date":"2025-11-17T02:20:34","date_gmt":"2025-11-17T02:20:34","guid":{"rendered":"https:\/\/www.europesays.com\/fr\/539312\/"},"modified":"2025-11-17T02:20:34","modified_gmt":"2025-11-17T02:20:34","slug":"welcome-on-board-paris-accueille-une-journee-dediee-a-lexport-des-marques-de-mode","status":"publish","type":"post","link":"https:\/\/www.europesays.com\/fr\/539312\/","title":{"rendered":"Welcome on Board: Paris accueille une journ\u00e9e d\u00e9di\u00e9e \u00e0 l\u2019export des marques de mode"},"content":{"rendered":"<p>\n                                    <b>Publi\u00e9 le<\/b><br \/>\n                                    <\/p>\n<p>                                        16 novembre 2025<\/p>\n<p class=\"article-content col-md-8 offset-md-1\">\n                                Welcome on Board, Mode et International 2025 se tiendra \u00e0 Paris le 20 novembre et propose une journ\u00e9e compl\u00e8te d\u00e9di\u00e9e aux strat\u00e9gies d\u2019exportation des marques de mode. Plus de 250 participants sont attendus, parmi lesquels fondateurs de marques, PDG, directeurs du d\u00e9veloppement international et de l\u2019export, responsables du e-commerce et du D2C ainsi que des acheteurs internationaux.<\/p>\n<p><img decoding=\"async\" class=\"news-image\" style=\"width:100%;max-width:644px;\" src=\"https:\/\/www.europesays.com\/fr\/wp-content\/uploads\/2025\/11\/cf7b.jpg\" alt=\"\" loading=\"lazy\"\/> DR<\/p>\n<p class=\"col-md-8 offset-md-1 article-content--texte\">L\u2019\u00e9v\u00e9nement est co-organis\u00e9 par la F\u00e9d\u00e9ration du Pr\u00eat-\u00e0-Porter F\u00e9minin, Promas International, la F\u00e9d\u00e9ration des Industries Diverses de l\u2019Habillement, la F\u00e9d\u00e9ration de la Maille et de la Lingerie, la F\u00e9d\u00e9ration de la Haute Couture et de la Mode, l\u2019UFIMH, le D\u00e9fi, la F\u00e9d\u00e9ration fran\u00e7aise de la Chaussure, le CCT, Franc\u00e9clat et Business France. Il propose un programme complet m\u00ealant conf\u00e9rences, analyses et ateliers pratiques pour aider les marques \u00e0 d\u00e9velopper leur pr\u00e9sence internationale.<\/p>\n<p>Les sessions aborderont l\u2019impact de la g\u00e9opolitique et des changements de march\u00e9 sur le commerce mondial, ainsi que les attentes des acheteurs internationaux. Des intervenants de renom seront pr\u00e9sents, tels que Kirna Zab\u00eate (\u00c9tats-Unis), Guffanti (Italie), Hankyu Hanshin (Japon) et Attica (Gr\u00e8ce), aux c\u00f4t\u00e9s de personnalit\u00e9s fran\u00e7aises comme Micha\u00ebl Azoulay, fondateur et PDG d\u2019American Vintage, Caroline Goiffon, directrice g\u00e9n\u00e9rale de Statement Paris, Louis-Gabriel Nouchi, designer chez LGN, Claire Bismuth, COO de Coperni, Lisa Nakam, directrice g\u00e9n\u00e9rale de Jonak, ou encore Mathieu Grodner, pr\u00e9sident de Simone P\u00e9r\u00e8le.<\/p>\n<p class=\"col-md-8 offset-md-1 article-content--texte\">L\u2019apr\u00e8s-midi sera consacr\u00e9e \u00e0 des ateliers pratiques sur les douanes et la logistique, la protection des marques \u00e0 l\u2019\u00e8re num\u00e9rique, le financement et les opportunit\u00e9s de march\u00e9. L\u2019\u00e9v\u00e9nement mettra \u00e9galement l\u2019accent sur les strat\u00e9gies de croissance agile, le d\u00e9ploiement de strat\u00e9gies D2C durables \u00e0 l\u2019international et l\u2019usage de l\u2019intelligence artificielle et de la data pour am\u00e9liorer la performance globale.<\/p>\n<p>En conjuguant analyses \u00e9conomiques, exp\u00e9riences de marque et ateliers op\u00e9rationnels, Welcome on Board offre aux participants les cl\u00e9s pour lancer, s\u00e9curiser ou acc\u00e9l\u00e9rer leur d\u00e9veloppement international dans un environnement en constante \u00e9volution.\n                            <\/p>\n<p>\n                                Tous droits de reproduction et de repr\u00e9sentation r\u00e9serv\u00e9s.<br \/>\u00a9 2025 FashionNetwork.com\n                            <\/p>\n","protected":false},"excerpt":{"rendered":"Publi\u00e9 le 16 novembre 2025 Welcome on Board, Mode et International 2025 se tiendra \u00e0 Paris le 20&hellip;\n","protected":false},"author":2,"featured_media":539313,"comment_status":"","ping_status":"","sticky":false,"template":"","format":"standard","meta":{"footnotes":""},"categories":[1888],"tags":[11,2424,537,2423,1777,674,1011,27,2425,985,12,2298,626,2426,2427,25,2421,2422],"class_list":{"0":"post-539312","1":"post","2":"type-post","3":"status-publish","4":"format-standard","5":"has-post-thumbnail","7":"category-paris","8":"tag-actualites","9":"tag-beaute","10":"tag-contact","11":"tag-cosmetiques","12":"tag-eu","13":"tag-europe","14":"tag-fr","15":"tag-france","16":"tag-luxe","17":"tag-mode","18":"tag-news","19":"tag-parfum","20":"tag-paris","21":"tag-professionnel","22":"tag-professionnels","23":"tag-republique-francaise","24":"tag-reseau","25":"tag-textile"},"share_on_mastodon":{"url":"https:\/\/pubeurope.com\/@fr\/115562652412786452","error":""},"_links":{"self":[{"href":"https:\/\/www.europesays.com\/fr\/wp-json\/wp\/v2\/posts\/539312","targetHints":{"allow":["GET"]}}],"collection":[{"href":"https:\/\/www.europesays.com\/fr\/wp-json\/wp\/v2\/posts"}],"about":[{"href":"https:\/\/www.europesays.com\/fr\/wp-json\/wp\/v2\/types\/post"}],"author":[{"embeddable":true,"href":"https:\/\/www.europesays.com\/fr\/wp-json\/wp\/v2\/users\/2"}],"replies":[{"embeddable":true,"href":"https:\/\/www.europesays.com\/fr\/wp-json\/wp\/v2\/comments?post=539312"}],"version-history":[{"count":0,"href":"https:\/\/www.europesays.com\/fr\/wp-json\/wp\/v2\/posts\/539312\/revisions"}],"wp:featuredmedia":[{"embeddable":true,"href":"https:\/\/www.europesays.com\/fr\/wp-json\/wp\/v2\/media\/539313"}],"wp:attachment":[{"href":"https:\/\/www.europesays.com\/fr\/wp-json\/wp\/v2\/media?parent=539312"}],"wp:term":[{"taxonomy":"category","embeddable":true,"href":"https:\/\/www.europesays.com\/fr\/wp-json\/wp\/v2\/categories?post=539312"},{"taxonomy":"post_tag","embeddable":true,"href":"https:\/\/www.europesays.com\/fr\/wp-json\/wp\/v2\/tags?post=539312"}],"curies":[{"name":"wp","href":"https:\/\/api.w.org\/{rel}","templated":true}]}}