{"id":539316,"date":"2025-11-17T02:22:50","date_gmt":"2025-11-17T02:22:50","guid":{"rendered":"https:\/\/www.europesays.com\/fr\/539316\/"},"modified":"2025-11-17T02:22:50","modified_gmt":"2025-11-17T02:22:50","slug":"la-russie-revendique-la-prise-de-deux-nouveaux-villages-dans-la-region-de-zaporijjia","status":"publish","type":"post","link":"https:\/\/www.europesays.com\/fr\/539316\/","title":{"rendered":"la Russie revendique la prise de deux nouveaux villages dans la r\u00e9gion de Zaporijjia"},"content":{"rendered":"\n<p class=\"c-chapo \">\n  Le minist\u00e8re de la D\u00e9fense russe affirme que ses troupes se sont empar\u00e9es des localit\u00e9s de Rivnopillia et de Mala Tokmachka. Les offensives russes se poursuivent aussi dans les airs, avec de tr\u00e8s nombreux lancements de drones.\n<\/p>\n<p>      lire plus tard<\/p>\n<p id=\"dialog__title\" class=\"dialog__title\">Pour sauvegarder cet article, connectez-vous ou cr\u00e9ez un compte franceinfo<\/p>\n<p class=\"dialog__description\">Sans paiement. Sans abonnement.<\/p>\n<p>        Fermer la fen\u00eatre d\u2019activation des notifications France Info<\/p>\n<p>      cr\u00e9er votre compte<\/p>\n<p>      se connecter<\/p>\n<p>        Fermer la fen\u00eatre de pr\u00e9sentation<\/p>\n<p>    <img loading=\"lazy\" decoding=\"async\" class=\"signature__image lazyload\" width=\"100\" height=\"100\" data- alt=\"\" src=\"https:\/\/www.europesays.com\/fr\/wp-content\/uploads\/2025\/05\/64a68815cd1a7_placeholder-36b69ec8.png\"\/><\/p>\n<p>    Publi\u00e9 le 16\/11\/2025 18:14<\/p>\n<p>      Mis \u00e0 jour le 16\/11\/2025 19:01<\/p>\n<p>        Temps de lecture : 1min<\/p>\n<p>    <img decoding=\"async\"  alt=\"Des soldats ukrainiens dans la r\u00e9gion de Zaporijjia, le 13 septembre 2025. (DMYTRO SMOLIENKO \/ NURPHOTO \/ AFP)\" width=\"432\" height=\"243\" src=\"https:\/\/www.europesays.com\/fr\/wp-content\/uploads\/2025\/11\/075-ukrinform-combatop250913-np9db-691a061fe0d63693718491.jpg\" fetchpriority=\"high\"\/><\/p>\n<p>      Des soldats ukrainiens dans la r\u00e9gion de Zaporijjia, le 13 septembre 2025. (DMYTRO SMOLIENKO \/ NURPHOTO \/ AFP)<\/p>\n<p>L&rsquo;arm\u00e9e russe a revendiqu\u00e9 dimanche 16 novembre la prise de deux villages <a href=\"https:\/\/www.franceinfo.fr\/monde\/europe\/manifestations-en-ukraine\/guerre-en-ukraine-volodymyr-zelensky-juge-la-situation-critique-la-centrale-nucleaire-de-zaporijjia-etant-deconnectee-depuis-une-semaine_7523794.html\" target=\"_blank\" rel=\"noopener nofollow\" data-tooltip-url=\"https:\/\/www.franceinfo.fr\/monde\/europe\/manifestations-en-ukraine\/guerre-en-ukraine-volodymyr-zelensky-juge-la-situation-critique-la-centrale-nucleaire-de-zaporijjia-etant-deconnectee-depuis-une-semaine_7523794.html\">dans la r\u00e9gion de Zaporijjia<\/a>, dans le sud de l&rsquo;Ukraine. Sur Telegram, le minist\u00e8re de la D\u00e9fense russe a affirm\u00e9 que ses troupes s&rsquo;\u00e9taient empar\u00e9es des localit\u00e9s de Rivnopillia et de Mala Tokmachka. Mala Tokmachka se trouve \u00e0 70\u00a0km au sud-est de la ville de Zaporijjia, capitale de la r\u00e9gion, et \u00e0 13\u00a0km du centre urbain d&rsquo;Orikiv aujourd&rsquo;hui menac\u00e9. Le village de Rivnopillia se trouve, lui, dans l&rsquo;est de la r\u00e9gion, dont la prise menace d&rsquo;encerclement la petite ville de Goula\u00ef Pole.<\/p>\n<p>La Russie avait d\u00e9j\u00e0 annonc\u00e9 cette semaine la prise de deux autres localit\u00e9s. Elle continue d&rsquo;avancer dans cette r\u00e9gion partiellement occup\u00e9e par Moscou, bien que le front y soit beaucoup moins actif que celui de l&rsquo;est du pays, o\u00f9 se concentrent des combats.<\/p>\n<p>Outre les combats sur le front, la Russie continue de pilonner les infrastructures \u00e9nerg\u00e9tiques sur l&rsquo;ensemble du territoire ukrainien avec des missiles et des drones. Dimanche, Volodymyr Zelensky a accus\u00e9, dans un communiqu\u00e9, la Russie d&rsquo;avoir \u00ab\u00a0lanc\u00e9 plus de 170 drones\u00a0\u00bb sur le pays durant la nuit, touchant les r\u00e9gions de Kharkiv et Soumy, de Tchernihiv, d&rsquo;Odessa et de Dnipropetrovsk. \u00ab\u00a0Tout au long de cette semaine, les Russes ont lanc\u00e9 pr\u00e8s de 1\u00a0000 drones d&rsquo;attaque, pr\u00e8s de 980 bombes a\u00e9riennes guid\u00e9es et 36 missiles de diff\u00e9rents types contre notre peuple\u00a0\u00bb, a-t-il poursuivi.<\/p>\n","protected":false},"excerpt":{"rendered":"Le minist\u00e8re de la D\u00e9fense russe affirme que ses troupes se sont empar\u00e9es des localit\u00e9s de Rivnopillia et&hellip;\n","protected":false},"author":2,"featured_media":539317,"comment_status":"","ping_status":"","sticky":false,"template":"","format":"standard","meta":{"footnotes":""},"categories":[1591],"tags":[11,1887,12,1885,1886,132],"class_list":{"0":"post-539316","1":"post","2":"type-post","3":"status-publish","4":"format-standard","5":"has-post-thumbnail","7":"category-russie","8":"tag-actualites","9":"tag-federation-de-russie","10":"tag-news","11":"tag-russia","12":"tag-russian-federation","13":"tag-russie"},"share_on_mastodon":{"url":"https:\/\/pubeurope.com\/@fr\/115562664375185187","error":""},"_links":{"self":[{"href":"https:\/\/www.europesays.com\/fr\/wp-json\/wp\/v2\/posts\/539316","targetHints":{"allow":["GET"]}}],"collection":[{"href":"https:\/\/www.europesays.com\/fr\/wp-json\/wp\/v2\/posts"}],"about":[{"href":"https:\/\/www.europesays.com\/fr\/wp-json\/wp\/v2\/types\/post"}],"author":[{"embeddable":true,"href":"https:\/\/www.europesays.com\/fr\/wp-json\/wp\/v2\/users\/2"}],"replies":[{"embeddable":true,"href":"https:\/\/www.europesays.com\/fr\/wp-json\/wp\/v2\/comments?post=539316"}],"version-history":[{"count":0,"href":"https:\/\/www.europesays.com\/fr\/wp-json\/wp\/v2\/posts\/539316\/revisions"}],"wp:featuredmedia":[{"embeddable":true,"href":"https:\/\/www.europesays.com\/fr\/wp-json\/wp\/v2\/media\/539317"}],"wp:attachment":[{"href":"https:\/\/www.europesays.com\/fr\/wp-json\/wp\/v2\/media?parent=539316"}],"wp:term":[{"taxonomy":"category","embeddable":true,"href":"https:\/\/www.europesays.com\/fr\/wp-json\/wp\/v2\/categories?post=539316"},{"taxonomy":"post_tag","embeddable":true,"href":"https:\/\/www.europesays.com\/fr\/wp-json\/wp\/v2\/tags?post=539316"}],"curies":[{"name":"wp","href":"https:\/\/api.w.org\/{rel}","templated":true}]}}