{"id":53932,"date":"2025-04-26T08:28:08","date_gmt":"2025-04-26T08:28:08","guid":{"rendered":"https:\/\/www.europesays.com\/fr\/53932\/"},"modified":"2025-04-26T08:28:08","modified_gmt":"2025-04-26T08:28:08","slug":"deux-nouvelles-fusillades-a-grenoble-ont-fait-trois-blesses-au-cours-de-la-nuit","status":"publish","type":"post","link":"https:\/\/www.europesays.com\/fr\/53932\/","title":{"rendered":"Deux nouvelles fusillades \u00e0 Grenoble ont fait trois bless\u00e9s au cours de la nuit"},"content":{"rendered":"<p>La police fait \u00e9tat de deux tentatives d\u2019homicide. L\u2019une des personnes bless\u00e9es serait une victime collat\u00e9rale.<\/p>\n<p class=\"fig-paragraph\">Trois personnes ont \u00e9t\u00e9 bless\u00e9es par balles, dans la nuit de vendredi \u00e0 samedi, dans l&rsquo;agglom\u00e9ration grenobloise au cours de \u00abdeux tentatives d&rsquo;homicide\u00bb distinctes survenues \u00e0 quelques heures d&rsquo;intervalle, a-t-on appris de sources concordantes.<\/p>\n<p class=\"fig-paragraph\">Deux hommes ont \u00e9t\u00e9 bless\u00e9s par balles vers 22h 30 \u00e0 Saint-Martin d&rsquo;H\u00e8res, dans la banlieue sud-est de Grenoble, dont une \u00abvictime collat\u00e9rale\u00bb, a indiqu\u00e9 une source polici\u00e8re \u00e0 l&rsquo;AFP.<\/p>\n<p class=\"fig-paragraph\">Une des victimes, un homme de 22 ans, a \u00e9t\u00e9 transport\u00e9e en \u00e9tat d&rsquo;urgence absolue. La seconde, \u00e2g\u00e9e de 34 ans, a \u00e9t\u00e9 moins gri\u00e8vement bless\u00e9e, ont pr\u00e9cis\u00e9 les pompiers. Leur pronostic vital n&rsquo;est pas engag\u00e9, selon une source polici\u00e8re. Les auteurs des tirs ont pris la fuite \u00e0 trottinette.<\/p>\n<p class=\"fig-body-link\">\n            \u00c0 lire aussi<br \/>\n        <a class=\"fig-body-link__link\" href=\"http:\/\/www.lefigaro.fr\/faits-divers\/fusillade-a-rennes-les-quatre-suspects-mis-en-examen-et-ecroues-20250422\" data-fig-type=\"NewsFlash\" data-gtm-custom-categorie=\"navigation\" data-gtm-custom-action=\"crossclick\" data-gtm-custom-label=\"Contextuel\" data-gtm-event=\"customEventSPE\" data-fig-domain=\"LEFIGARO\" target=\"_blank\" rel=\"noopener\">Fusillade \u00e0 Rennes\u00a0: les quatre suspects mis en examen et \u00e9crou\u00e9s<br \/>\n    <\/a>\n<\/p>\n<p class=\"fig-paragraph\">Au m\u00eame moment, dans le quartier grenoblois de Fontaine, des coups de feu ont \u00e9t\u00e9 tir\u00e9s sans faire de bless\u00e9s, selon les pompiers. Une personne a cependant \u00e9t\u00e9 bless\u00e9e \u00e0 la pommette par un coup de crosse et a \u00e9t\u00e9 prise en charge vers 22h 20.<\/p>\n<p class=\"fig-paragraph\">Trois heures plus tard, peu apr\u00e8s minuit, un homme de 20 ans a \u00e9t\u00e9 \u00e9galement bless\u00e9 par balles au \u00absepti\u00e8me \u00e9tage d&rsquo;un immeuble d&rsquo;habitation\u00bb place des G\u00e9ants, dans le sud-est de Grenoble, et a \u00e9t\u00e9 transport\u00e9 en urgence absolue, ont encore indiqu\u00e9 les pompiers. Son pronostic vital n&rsquo;est pas engag\u00e9, selon la source polici\u00e8re.<\/p>\n<p class=\"fig-paragraph\">Le parquet de Grenoble n&rsquo;\u00e9tait pas joignable dans l&rsquo;imm\u00e9diat. Interrog\u00e9e sur un \u00e9ventuel lien avec le trafic de stup\u00e9fiants, la police ne s&rsquo;est pas prononc\u00e9e.<\/p>\n","protected":false},"excerpt":{"rendered":"La police fait \u00e9tat de deux tentatives d\u2019homicide. L\u2019une des personnes bless\u00e9es serait une victime collat\u00e9rale. Trois personnes&hellip;\n","protected":false},"author":2,"featured_media":53933,"comment_status":"","ping_status":"","sticky":false,"template":"","format":"standard","meta":{"footnotes":""},"categories":[9566],"tags":[119,1111,11,3694,2430,271,2951,3695,1777,674,3696,118,1011,27,2731,2825,1253,303,12,1072,2694,25,2949],"class_list":{"0":"post-53932","1":"post","2":"type-post","3":"status-publish","4":"format-standard","5":"has-post-thumbnail","7":"category-grenoble","8":"tag-accident","9":"tag-actu","10":"tag-actualites","11":"tag-affaires","12":"tag-auvergne-rhone-alpes","13":"tag-crime","14":"tag-criminalite","15":"tag-enquetes","16":"tag-eu","17":"tag-europe","18":"tag-evenements","19":"tag-faits-divers","20":"tag-fr","21":"tag-france","22":"tag-grenoble","23":"tag-insecurite","24":"tag-islamisme","25":"tag-justice","26":"tag-news","27":"tag-police","28":"tag-proces","29":"tag-republique-francaise","30":"tag-violences"},"share_on_mastodon":{"url":"https:\/\/pubeurope.com\/@fr\/114403325046789438","error":""},"_links":{"self":[{"href":"https:\/\/www.europesays.com\/fr\/wp-json\/wp\/v2\/posts\/53932","targetHints":{"allow":["GET"]}}],"collection":[{"href":"https:\/\/www.europesays.com\/fr\/wp-json\/wp\/v2\/posts"}],"about":[{"href":"https:\/\/www.europesays.com\/fr\/wp-json\/wp\/v2\/types\/post"}],"author":[{"embeddable":true,"href":"https:\/\/www.europesays.com\/fr\/wp-json\/wp\/v2\/users\/2"}],"replies":[{"embeddable":true,"href":"https:\/\/www.europesays.com\/fr\/wp-json\/wp\/v2\/comments?post=53932"}],"version-history":[{"count":0,"href":"https:\/\/www.europesays.com\/fr\/wp-json\/wp\/v2\/posts\/53932\/revisions"}],"wp:featuredmedia":[{"embeddable":true,"href":"https:\/\/www.europesays.com\/fr\/wp-json\/wp\/v2\/media\/53933"}],"wp:attachment":[{"href":"https:\/\/www.europesays.com\/fr\/wp-json\/wp\/v2\/media?parent=53932"}],"wp:term":[{"taxonomy":"category","embeddable":true,"href":"https:\/\/www.europesays.com\/fr\/wp-json\/wp\/v2\/categories?post=53932"},{"taxonomy":"post_tag","embeddable":true,"href":"https:\/\/www.europesays.com\/fr\/wp-json\/wp\/v2\/tags?post=53932"}],"curies":[{"name":"wp","href":"https:\/\/api.w.org\/{rel}","templated":true}]}}