{"id":539324,"date":"2025-11-17T02:24:15","date_gmt":"2025-11-17T02:24:15","guid":{"rendered":"https:\/\/www.europesays.com\/fr\/539324\/"},"modified":"2025-11-17T02:24:15","modified_gmt":"2025-11-17T02:24:15","slug":"le-plus-puissant-porte-avions-americain-arrive-dans-les-caraibes-h24info","status":"publish","type":"post","link":"https:\/\/www.europesays.com\/fr\/539324\/","title":{"rendered":"le plus puissant porte-avions am\u00e9ricain arrive dans les Cara\u00efbes , H24info"},"content":{"rendered":"<p>h3{color:#1f66ba;font-family:oxygen,source-sans-pro,Arial,-apple-system,BlinkMacSystemFont,Segoe\\ UI,Roboto,Oxygen-Sans,Ubuntu,Cantarell,Helvetica\\ Neue,Helvetica,sans-serif;font-size:1.25rem;font-weight:600;line-height:1.4;margin:8px 0}]]]]>]]><br \/>\nLa r\u00e9daction vous conseille<\/p>\n<p><a href=\"https:\/\/h24info.ma\/monde\/soudan-lemissaire-de-trump-pour-lafrique-denonce-des-atrocites-inacceptables\/\" class=\"h24-ranking-profile-link\" data-h24-domain=\"H24info\" rel=\"nofollow noopener\" target=\"_blank\"><\/p>\n<p>Soudan: l\u2019\u00e9missaire de Trump pour l\u2019Afrique d\u00e9nonce des \u00ab\u00a0atrocit\u00e9s inacceptables\u00a0\u00bb<br \/>\n<\/a><\/p>\n<p class=\"h24-ranking-profile-standfirst\">\nLes Etats-Unis ont annonc\u00e9 dimanche l\u2019arriv\u00e9e en mer des Cara\u00efbes du porte-avions USS Gerald Ford, officiellement dans le cadre<a href=\"https:\/\/h24info.ma\/monde\/soudan-lemissaire-de-trump-pour-lafrique-denonce-des-atrocites-inacceptables\/\" style=\"color: #002fff;\" rel=\"nofollow noopener\" target=\"_blank\"> Lire la suite<\/a> <\/p>\n<p><a href=\"https:\/\/h24info.ma\/monde\/gaza-les-etats-unis-font-pression-pour-ladoption-de-leur-resolution-a-lonu-lundi\/\" class=\"h24-ranking-profile-link\" data-h24-domain=\"H24info\" rel=\"nofollow noopener\" target=\"_blank\"><\/p>\n<p>Gaza: les Etats-Unis font pression pour l\u2019adoption de leur r\u00e9solution \u00e0 l\u2019ONU lundi<br \/>\n<\/a><\/p>\n<p class=\"h24-ranking-profile-standfirst\">\nLes Etats-Unis ont annonc\u00e9 dimanche l\u2019arriv\u00e9e en mer des Cara\u00efbes du porte-avions USS Gerald Ford, officiellement dans le cadre<a href=\"https:\/\/h24info.ma\/monde\/gaza-les-etats-unis-font-pression-pour-ladoption-de-leur-resolution-a-lonu-lundi\/\" style=\"color: #002fff;\" rel=\"nofollow noopener\" target=\"_blank\"> Lire la suite<\/a> <\/p>\n<p><a href=\"https:\/\/h24info.ma\/monde\/trump-demande-au-president-israelien-de-gracier-netanyahu-poursuivi-pour-corruption\/\" class=\"h24-ranking-profile-link\" data-h24-domain=\"H24info\" rel=\"nofollow noopener\" target=\"_blank\"><\/p>\n<p>Trump demande au pr\u00e9sident isra\u00e9lien de gracier Netanyahu, poursuivi pour corruption<br \/>\n<\/a><\/p>\n<p class=\"h24-ranking-profile-standfirst\">\nLes Etats-Unis ont annonc\u00e9 dimanche l\u2019arriv\u00e9e en mer des Cara\u00efbes du porte-avions USS Gerald Ford, officiellement dans le cadre<a href=\"https:\/\/h24info.ma\/monde\/trump-demande-au-president-israelien-de-gracier-netanyahu-poursuivi-pour-corruption\/\" style=\"color: #002fff;\" rel=\"nofollow noopener\" target=\"_blank\"> Lire la suite<\/a> <\/p>\n<p><a href=\"https:\/\/h24info.ma\/monde\/shutdown-aux-etats-unis-vols-interieurs-reduits-et-files-dattente-dans-les-aeroports\/\" class=\"h24-ranking-profile-link\" data-h24-domain=\"H24info\" rel=\"nofollow noopener\" target=\"_blank\"><\/p>\n<p>Shutdown aux \u00c9tats-Unis: vols int\u00e9rieurs r\u00e9duits et files d\u2019attente dans les a\u00e9roports<br \/>\n<\/a><\/p>\n<p class=\"h24-ranking-profile-standfirst\">\nLes Etats-Unis ont annonc\u00e9 dimanche l\u2019arriv\u00e9e en mer des Cara\u00efbes du porte-avions USS Gerald Ford, officiellement dans le cadre<a href=\"https:\/\/h24info.ma\/monde\/shutdown-aux-etats-unis-vols-interieurs-reduits-et-files-dattente-dans-les-aeroports\/\" style=\"color: #002fff;\" rel=\"nofollow noopener\" target=\"_blank\"> Lire la suite<\/a> <\/p>\n","protected":false},"excerpt":{"rendered":"h3{color:#1f66ba;font-family:oxygen,source-sans-pro,Arial,-apple-system,BlinkMacSystemFont,Segoe\\ UI,Roboto,Oxygen-Sans,Ubuntu,Cantarell,Helvetica\\ Neue,Helvetica,sans-serif;font-size:1.25rem;font-weight:600;line-height:1.4;margin:8px 0}]]]]&gt;]]&gt; La r\u00e9daction vous conseille Soudan: l\u2019\u00e9missaire de Trump pour l\u2019Afrique d\u00e9nonce des \u00ab\u00a0atrocit\u00e9s inacceptables\u00a0\u00bb&hellip;\n","protected":false},"author":2,"featured_media":539325,"comment_status":"","ping_status":"","sticky":false,"template":"","format":"standard","meta":{"footnotes":""},"categories":[1589],"tags":[11,73,1866,12,1864,1865,1863,308],"class_list":{"0":"post-539324","1":"post","2":"type-post","3":"status-publish","4":"format-standard","5":"has-post-thumbnail","7":"category-etats-unis","8":"tag-actualites","9":"tag-etats-unis","10":"tag-etats-unis-damerique","11":"tag-news","12":"tag-united-states","13":"tag-united-states-of-america","14":"tag-us","15":"tag-usa"},"share_on_mastodon":{"url":"https:\/\/pubeurope.com\/@fr\/115562667286694295","error":""},"_links":{"self":[{"href":"https:\/\/www.europesays.com\/fr\/wp-json\/wp\/v2\/posts\/539324","targetHints":{"allow":["GET"]}}],"collection":[{"href":"https:\/\/www.europesays.com\/fr\/wp-json\/wp\/v2\/posts"}],"about":[{"href":"https:\/\/www.europesays.com\/fr\/wp-json\/wp\/v2\/types\/post"}],"author":[{"embeddable":true,"href":"https:\/\/www.europesays.com\/fr\/wp-json\/wp\/v2\/users\/2"}],"replies":[{"embeddable":true,"href":"https:\/\/www.europesays.com\/fr\/wp-json\/wp\/v2\/comments?post=539324"}],"version-history":[{"count":0,"href":"https:\/\/www.europesays.com\/fr\/wp-json\/wp\/v2\/posts\/539324\/revisions"}],"wp:featuredmedia":[{"embeddable":true,"href":"https:\/\/www.europesays.com\/fr\/wp-json\/wp\/v2\/media\/539325"}],"wp:attachment":[{"href":"https:\/\/www.europesays.com\/fr\/wp-json\/wp\/v2\/media?parent=539324"}],"wp:term":[{"taxonomy":"category","embeddable":true,"href":"https:\/\/www.europesays.com\/fr\/wp-json\/wp\/v2\/categories?post=539324"},{"taxonomy":"post_tag","embeddable":true,"href":"https:\/\/www.europesays.com\/fr\/wp-json\/wp\/v2\/tags?post=539324"}],"curies":[{"name":"wp","href":"https:\/\/api.w.org\/{rel}","templated":true}]}}