{"id":539328,"date":"2025-11-17T02:26:46","date_gmt":"2025-11-17T02:26:46","guid":{"rendered":"https:\/\/www.europesays.com\/fr\/539328\/"},"modified":"2025-11-17T02:26:46","modified_gmt":"2025-11-17T02:26:46","slug":"lallemagne-opte-pour-un-service-militaire-volontaire-pour-renforcer-son-armee","status":"publish","type":"post","link":"https:\/\/www.europesays.com\/fr\/539328\/","title":{"rendered":"L&rsquo;Allemagne opte pour un service militaire volontaire pour renforcer son arm\u00e9e"},"content":{"rendered":"<p>Les partis de la coalition au pouvoir en Allemagne ont dit jeudi s&rsquo;\u00eatre entendus, apr\u00e8s des mois de tergiversations, sur un service militaire bas\u00e9 sur le volontariat, afin de renforcer une arm\u00e9e en manque de recrues.<\/p>\n<p>Lors de ces longues n\u00e9gociations, il a \u00e9t\u00e9 question un temps de r\u00e9introduire une forme de conscription obligatoire pour les hommes et par tirage au sort. Finalement, l&rsquo;alliance de conservateurs et sociaux-d\u00e9mocrates s&rsquo;est entendue dans la nuit sur une version non-coercitive.<\/p>\n<p><strong class=\"inline-title\">&gt;&gt; Lire aussi\u00a0: <\/strong><a href=\"https:\/\/www.rts.ch\/info\/monde\/2024\/article\/l-allemagne-envisage-de-retablir-le-service-militaire-28466705.html\" data-item-id=\"richtext_link\" target=\"_blank\" rel=\"noopener\">L&rsquo;Allemagne envisage de r\u00e9tablir le service militaire<\/a><\/p>\n<p>D&rsquo;apr\u00e8s le nouveau texte, qui doit encore \u00eatre pr\u00e9sent\u00e9 au Parlement, tous les hommes de 18 ans devront passer un examen m\u00e9dical et remplir un questionnaire sur leur disponibilit\u00e9 et leur volont\u00e9 de servir dans l&rsquo;arm\u00e9e.<\/p>\n<p>Cette mesure doit permettre d&rsquo;augmenter le nombre de volontaires, alors que le chancelier Friedrich Merz a pour ambition de b\u00e2tir l&rsquo;arm\u00e9e conventionnelle la plus puissante d&rsquo;Europe, pour contrer la menace russe et compenser le d\u00e9sengagement am\u00e9ricain.<\/p>\n<p><strong class=\"inline-title\">&gt;&gt; Lire aussi\u00a0: <\/strong><a href=\"https:\/\/www.rts.ch\/info\/monde\/2025\/article\/l-allemagne-veut-la-plus-grande-armee-d-europe-appelle-au-volontariat-28980886.html\" data-item-id=\"richtext_link\" target=\"_blank\" rel=\"noopener\">L&rsquo;Allemagne mise sur le volontariat pour faire faire de son arm\u00e9e la plus grande d&rsquo;Europe<\/a><\/p>\n<p>Retour de la conscription?<\/p>\n<p>Le projet de loi exclut un recours au tirage au sort pour enr\u00f4ler des Allemands si le nombre de volontaires ne suffisait pas. Mais l&rsquo;id\u00e9e d&rsquo;une forme de service militaire obligatoire, port\u00e9e par les conservateurs, peut encore revenir sur la table, selon Jens Spahn, chef du groupe parlementaire CDU\/CSU. \u00ab\u00a0Si le service volontaire ne suffit finalement pas, alors le service obligatoire sera aussi n\u00e9cessaire\u00a0\u00bb, juge l&rsquo;\u00e9lu. Mais un nouveau texte de loi devra alors \u00eatre adopt\u00e9.<\/p>\n<p>Contenu externe<\/p>\n<p> Ce contenu externe ne peut pas \u00eatre affich\u00e9 car il est susceptible de collecter des donn\u00e9es personnelles. Pour voir ce contenu vous devez autoriser la cat\u00e9gorie <strong>R\u00e9seaux sociaux<\/strong>. <\/p>\n<p> Accepter Plus d&rsquo;info <\/p>\n<p>Matthias Miersch, chef du groupe parlementaire social-d\u00e9mocrate, a d\u00e9clar\u00e9 qu&rsquo;il \u00e9tait \u00ab\u00a0certain\u00a0\u00bb que la Bundeswehr trouverait suffisamment de recrues. Reste qu\u2019apr\u00e8s des d\u00e9cennies de d\u00e9sengagement, de nombreux experts en sont convaincus: l\u2019Allemagne n\u2019\u00e9chappera pas au retour de la conscription si elle veut respecter ses engagements aupr\u00e8s de l\u2019Otan.<\/p>\n<p>Les objectifs de l&rsquo;Alliance pr\u00e9voient que l&rsquo;Allemagne porte ses effectifs militaires \u00e0 460&rsquo;000 soldats, dont 260&rsquo;000 militaires d&rsquo;active et 200&rsquo;000 r\u00e9servistes. La Bundeswehr en est loin, avec respectivement 182&rsquo;000 et 49&rsquo;000 soldats dans chaque cat\u00e9gorie.<\/p>\n<p>\u00ab\u00a0Compte tenu de la situation militaire et de la menace, nous devons atteindre ces objectifs\u00a0\u00bb, estime l&rsquo;historien militaire S\u00f6nke Neitzel dans le 19h30 de la RTS. \u00ab\u00a0Or, je ne vois pas comment cela serait possible uniquement avec des recrues volontaires\u00a0\u00bb.<\/p>\n<p>Manifestations<\/p>\n<p>Le chancelier Friedrich Merz a \u00e9rig\u00e9 en priorit\u00e9 nationale le renforcement de l&rsquo;arm\u00e9e allemande, mal \u00e9quip\u00e9e et en sous-effectif depuis des d\u00e9cennies. Il a d\u00e9j\u00e0 consid\u00e9rablement augment\u00e9 les d\u00e9penses militaires du pays et encore augment\u00e9 l&rsquo;aide militaire \u00e0 l&rsquo;Ukraine.<\/p>\n<p>Mais l&rsquo;\u00e9ventualit\u00e9 d&rsquo;un retour de la conscription inqui\u00e8te de nombreux Allemands. A l\u2019appel des organisations pacifistes, les manifestations contre le retour du service militaire en Allemagne se multiplient. \u00ab\u00a0Je suis d\u2019accord pour que les jeunes Allemands fassent un service civil dans les h\u00f4pitaux par exemple, mais pas qu\u2019on les envoie \u00e0 la guerre\u00a0\u00bb, d\u00e9clare un de ces manifestants.<\/p>\n<p> <img decoding=\"async\" src=\"https:\/\/www.europesays.com\/fr\/wp-content\/uploads\/2025\/11\/p79ta3-29059189.image\" alt=\"Des manifestants portant une banderole o\u00f9 est \u00e9crit &quot;Contre le service militaire obligatoire. Halte aux pr\u00e9paratifs de guerre&quot;, le 8 novembre, \u00e0 Munich. [NurPhoto via AFP - Michael Nguyen]\" title=\"Des manifestants portant une banderole o\u00f9 est \u00e9crit &quot;Contre le service militaire obligatoire. Halte aux pr\u00e9paratifs de guerre&quot;, le 8 novembre, \u00e0 Munich. [NurPhoto via AFP - Michael Nguyen]\" loading=\"lazy\"\/>  Des manifestants portant une banderole o\u00f9 est \u00e9crit \u00ab\u00a0Contre le service militaire obligatoire. Halte aux pr\u00e9paratifs de guerre\u00a0\u00bb, le 8 novembre, \u00e0 Munich. [NurPhoto via AFP &#8211; Michael Nguyen] <\/p>\n<p class=\"sources\">Sujet TV: Anne Maillet<\/p>\n<p class=\"credit\">Adaptation web: edel avec afp<\/p>\n","protected":false},"excerpt":{"rendered":"Les partis de la coalition au pouvoir en Allemagne ont dit jeudi s&rsquo;\u00eatre entendus, apr\u00e8s des mois de&hellip;\n","protected":false},"author":2,"featured_media":539329,"comment_status":"","ping_status":"","sticky":false,"template":"","format":"standard","meta":{"footnotes":""},"categories":[1587],"tags":[11,672,1804,5873,6646,1805,554,1803,5949,1777,674,11884,4710,1801,418,1146,5874,3579,74,12,16950,316,1802,71,29810],"class_list":{"0":"post-539328","1":"post","2":"type-post","3":"status-publish","4":"format-standard","5":"has-post-thumbnail","7":"category-allemagne","8":"tag-actualites","9":"tag-allemagne","10":"tag-bundesrepublik-deutschland","11":"tag-centre-de-soins","12":"tag-coalition","13":"tag-de","14":"tag-defense","15":"tag-deutschland","16":"tag-elections","17":"tag-eu","18":"tag-europe","19":"tag-forces-armees","20":"tag-friedrich-merz","21":"tag-germany","22":"tag-gouvernement","23":"tag-guerre","24":"tag-hopitaux-et-cliniques","25":"tag-militaire","26":"tag-monde","27":"tag-news","28":"tag-parti-politique","29":"tag-politique","30":"tag-republique-federale-dallemagne","31":"tag-sante","32":"tag-service-militaire"},"share_on_mastodon":{"url":"https:\/\/pubeurope.com\/@fr\/115562675927469621","error":""},"_links":{"self":[{"href":"https:\/\/www.europesays.com\/fr\/wp-json\/wp\/v2\/posts\/539328","targetHints":{"allow":["GET"]}}],"collection":[{"href":"https:\/\/www.europesays.com\/fr\/wp-json\/wp\/v2\/posts"}],"about":[{"href":"https:\/\/www.europesays.com\/fr\/wp-json\/wp\/v2\/types\/post"}],"author":[{"embeddable":true,"href":"https:\/\/www.europesays.com\/fr\/wp-json\/wp\/v2\/users\/2"}],"replies":[{"embeddable":true,"href":"https:\/\/www.europesays.com\/fr\/wp-json\/wp\/v2\/comments?post=539328"}],"version-history":[{"count":0,"href":"https:\/\/www.europesays.com\/fr\/wp-json\/wp\/v2\/posts\/539328\/revisions"}],"wp:featuredmedia":[{"embeddable":true,"href":"https:\/\/www.europesays.com\/fr\/wp-json\/wp\/v2\/media\/539329"}],"wp:attachment":[{"href":"https:\/\/www.europesays.com\/fr\/wp-json\/wp\/v2\/media?parent=539328"}],"wp:term":[{"taxonomy":"category","embeddable":true,"href":"https:\/\/www.europesays.com\/fr\/wp-json\/wp\/v2\/categories?post=539328"},{"taxonomy":"post_tag","embeddable":true,"href":"https:\/\/www.europesays.com\/fr\/wp-json\/wp\/v2\/tags?post=539328"}],"curies":[{"name":"wp","href":"https:\/\/api.w.org\/{rel}","templated":true}]}}