{"id":539330,"date":"2025-11-17T02:28:28","date_gmt":"2025-11-17T02:28:28","guid":{"rendered":"https:\/\/www.europesays.com\/fr\/539330\/"},"modified":"2025-11-17T02:28:28","modified_gmt":"2025-11-17T02:28:28","slug":"lavenir-du-monde-se-dessine-en-europe-selon-le-chancelier-allemand-friedrich-merz-2","status":"publish","type":"post","link":"https:\/\/www.europesays.com\/fr\/539330\/","title":{"rendered":"\u00ab\u00a0L&rsquo;avenir du monde se dessine en Europe\u00a0\u00bb, selon le chancelier allemand Friedrich Merz"},"content":{"rendered":"<p class=\"mb-4 text-lg md:leading-8 break-words\">Lors de la Journ\u00e9e de l&rsquo;Allemagne organis\u00e9e \u00e0 Rust, dans le Bade-Wurtemberg, par la Junge Union, l\u2019organisation de jeunesse des partis conservateurs allemands CDU et CSU, le chancelier allemand Friedrich Merz a r\u00e9affirm\u00e9 qu&rsquo;il n&rsquo;y aurait aucune collaboration entre son parti, la CDU et l&rsquo;AfD. \u00ab\u00a0Non pas parce qu&rsquo;il y a un mur coupe-feu &#8211; oubliez ce mot ! Un monde nous s\u00e9pare de ce parti. Nous n&rsquo;avons rien en commun avec eux\u00a0\u00bb, a-t-il d\u00e9clar\u00e9.<\/p>\n<p class=\"mb-4 text-lg md:leading-8 break-words\">Dans son discours, Friedrich Merz a notamment soulign\u00e9 l&rsquo;importance de l&rsquo;Europe : \u00ab\u00a0L&rsquo;avenir du monde se dessine en Europe. J&rsquo;aimerais aller au bout de cette id\u00e9e avec vous. Qu&rsquo;est-ce que cela signifie ? Nous ne regardons pas que nous-m\u00eames. Nous ne regardons pas seulement cette Union europ\u00e9enne. Nous regardons un mod\u00e8le politique. Nous regardons un principe. Nous regardons des d\u00e9cisions fondamentales sur la mani\u00e8re dont nous voulons vivre ensemble\u00a0\u00bb.<\/p>\n<p class=\"mb-4 text-lg md:leading-8 break-words\">Le chancelier a insist\u00e9 sur la n\u00e9cessit\u00e9 de se d\u00e9marquer du \u00ab\u00a0style de direction autoritaire\u00a0\u00bb, du \u00ab\u00a0socialisme et du communisme dogmatiques\u00a0\u00bb.<\/p>\n<p class=\"mb-4 text-lg md:leading-8 break-words\">\u00ab\u00a0Dans cette Union europ\u00e9enne, on se d\u00e9marque \u00e9galement de tous ceux qui pensent qu&rsquo;avec des march\u00e9s ferm\u00e9s, ils peuvent garantir la s\u00e9curit\u00e9 et la prosp\u00e9rit\u00e9 de leur propre population\u00a0\u00bb, a t-il martel\u00e9.<\/p>\n<p class=\"mb-4 text-lg md:leading-8 break-words\">Selon Friedrich Merz, le mod\u00e8le europ\u00e9en reste \u00e0 construire : \u00ab\u00a0Si nous laissons les nationalistes fa\u00e7onner l\u2019Europe, nous devrons un jour admettre notre \u00e9chec devant l\u2019histoire.\u00a0\u00bb<\/p>\n<p class=\"mb-4 text-lg md:leading-8 break-words\">Merz a enfin d\u00e9nonc\u00e9 la bureaucratisation excessive de l\u2019Union europ\u00e9enne. \u00ab\u00a0C&rsquo;est pr\u00e9cis\u00e9ment pour cette raison que je suis si engag\u00e9 dans mes efforts pour maintenir la coh\u00e9sion de cette Union europ\u00e9enne. Pas de la mani\u00e8re dont elle fonctionne actuellement, pas avec cette surbureaucratisation. Ce n&rsquo;est pas ainsi qu&rsquo;a \u00e9t\u00e9 con\u00e7u le march\u00e9 int\u00e9rieur europ\u00e9en : une avalanche de r\u00e9glementations qui, au fond, n&rsquo;exprime que de la m\u00e9fiance envers les citoyens et les entreprises\u00a0\u00bb, a t-il poursuivi.<\/p>\n<p class=\"mb-4 text-lg md:leading-8 break-words\">Selon le dirigeant, la politique europ\u00e9enne doit se fonder sur la confiance, la libert\u00e9 et l\u2019ouverture, permettant \u00e0 chacun de construire son avenir de mani\u00e8re responsable, lib\u00e9rale et tol\u00e9rante.<\/p>\n","protected":false},"excerpt":{"rendered":"Lors de la Journ\u00e9e de l&rsquo;Allemagne organis\u00e9e \u00e0 Rust, dans le Bade-Wurtemberg, par la Junge Union, l\u2019organisation de&hellip;\n","protected":false},"author":2,"featured_media":539331,"comment_status":"","ping_status":"","sticky":false,"template":"","format":"standard","meta":{"footnotes":""},"categories":[1586],"tags":[11,65803,1777,674,1011,27,4710,65804,7353,12,25],"class_list":{"0":"post-539330","1":"post","2":"type-post","3":"status-publish","4":"format-standard","5":"has-post-thumbnail","7":"category-europe","8":"tag-actualites","9":"tag-bade-wurtemberg","10":"tag-eu","11":"tag-europe","12":"tag-fr","13":"tag-france","14":"tag-friedrich-merz","15":"tag-junge-union","16":"tag-la-liberte","17":"tag-news","18":"tag-republique-francaise"},"share_on_mastodon":{"url":"https:\/\/pubeurope.com\/@fr\/115562683043460888","error":""},"_links":{"self":[{"href":"https:\/\/www.europesays.com\/fr\/wp-json\/wp\/v2\/posts\/539330","targetHints":{"allow":["GET"]}}],"collection":[{"href":"https:\/\/www.europesays.com\/fr\/wp-json\/wp\/v2\/posts"}],"about":[{"href":"https:\/\/www.europesays.com\/fr\/wp-json\/wp\/v2\/types\/post"}],"author":[{"embeddable":true,"href":"https:\/\/www.europesays.com\/fr\/wp-json\/wp\/v2\/users\/2"}],"replies":[{"embeddable":true,"href":"https:\/\/www.europesays.com\/fr\/wp-json\/wp\/v2\/comments?post=539330"}],"version-history":[{"count":0,"href":"https:\/\/www.europesays.com\/fr\/wp-json\/wp\/v2\/posts\/539330\/revisions"}],"wp:featuredmedia":[{"embeddable":true,"href":"https:\/\/www.europesays.com\/fr\/wp-json\/wp\/v2\/media\/539331"}],"wp:attachment":[{"href":"https:\/\/www.europesays.com\/fr\/wp-json\/wp\/v2\/media?parent=539330"}],"wp:term":[{"taxonomy":"category","embeddable":true,"href":"https:\/\/www.europesays.com\/fr\/wp-json\/wp\/v2\/categories?post=539330"},{"taxonomy":"post_tag","embeddable":true,"href":"https:\/\/www.europesays.com\/fr\/wp-json\/wp\/v2\/tags?post=539330"}],"curies":[{"name":"wp","href":"https:\/\/api.w.org\/{rel}","templated":true}]}}