{"id":539336,"date":"2025-11-17T02:32:15","date_gmt":"2025-11-17T02:32:15","guid":{"rendered":"https:\/\/www.europesays.com\/fr\/539336\/"},"modified":"2025-11-17T02:32:15","modified_gmt":"2025-11-17T02:32:15","slug":"le-compromis-budgetaire-ne-doit-pas-se-faire-sur-le-dos-des-entreprises","status":"publish","type":"post","link":"https:\/\/www.europesays.com\/fr\/539336\/","title":{"rendered":"\u00abLe compromis budg\u00e9taire ne doit pas se faire sur le dos des entreprises\u00bb"},"content":{"rendered":"<p>\n    <strong>ENTRETIEN EXCLUSIF &#8211;<\/strong> Alors que le gouvernement c\u00e9l\u00e8bre aujourd\u2019hui les entreprises hexagonales \u00e0 l\u2019occasion du premier Choose France tricolore, le ministre de l\u2019\u00c9conomie et des Finances reconna\u00eet le \u00ab\u00a0d\u00e9fi \u00e9norme\u00a0\u00bb auquel est confront\u00e9e notre industrie et appelle les parlementaires \u00e0 faire preuve de responsabilit\u00e9.<\/p>\n<p class=\"fig-paragraph\"><strong>LE FIGARO. &#8211; Quels enseignements tirez-vous de cette premi\u00e8re \u00e9dition de\u00a0<\/strong><a href=\"http:\/\/www.lefigaro.fr\/conjoncture\/des-milliards-d-euros-d-investissements-attendus-lors-du-choose-france-reserve-aux-entreprises-tricolores-20251114\" target=\"_blank\" data-fig-type=\"NewsFlash\" rel=\"noopener\" data-gtm-custom-categorie=\"navigation\" data-gtm-custom-action=\"crossclick\" data-gtm-custom-label=\"Contextuel\" data-gtm-event=\"customEventSPE\" data-fig-domain=\"LEFIGARO\"><strong>Choose France<\/strong><\/a> <strong>\u00a0d\u00e9di\u00e9e aux entreprises fran\u00e7aises\u00a0?<\/strong><\/p>\n<p class=\"fig-paragraph\"><strong>ROLAND LESCURE. &#8211;<\/strong> Nous annon\u00e7ons plus de 150 projets partout en France et dans tous les secteurs\u00a0: dans l\u2019industrie d\u2019aujourd\u2019hui (agroalimentaire, biens de consommation, cosm\u00e9tiques, sant\u00e9, chimie, transports) et dans celle de demain\u00a0(spatial, environnement, intelligence artificielle), qui mettent la France au c\u0153ur de la quatri\u00e8me r\u00e9volution industrielle et de la transition \u00e9nerg\u00e9tique. Il nous faut des cerveaux et des serveurs. Nous avons les premiers, avec Mistral AI et Pasqal, nous aurons les seconds, avec trois investissements majeurs dans les\u00a0<a href=\"http:\/\/www.lefigaro.fr\/societes\/pour-limiter-leur-empreinte-carbone-les-data-centers-se-ruent-sur-les-energies-renouvelables-20251112\" target=\"_blank\" data-fig-type=\"Article\" rel=\"noopener\" data-gtm-custom-categorie=\"navigation\" data-gtm-custom-action=\"crossclick\" data-gtm-custom-label=\"Contextuel\" data-gtm-event=\"customEventSPE\" data-fig-domain=\"LEFIGARO\">data centers<\/a>.<\/p>\n<p class=\"fig-paragraph\"><strong>La cr\u00e9ation d\u2019usines ralentit depuis plusieurs mois, et l\u2019on est pass\u00e9 en solde net n\u00e9gatif. Approche-t-on du terme de la r\u00e9industrialisation de la France\u00a0?<\/strong><\/p>\n<p class=\"fig-paragraph\">Nous faisons face \u00e0 un d\u00e9fi \u00e9norme. Le contexte g\u00e9opolitique boulevers\u00e9 cr\u00e9e de l\u2019incertitude, et l\u2019incertitude n\u2019est pas bonne pour l\u2019investissement\u00a0\u2026<\/p>\n<p class=\"fig-premium-paywall__infos\">\n        Cet article est r\u00e9serv\u00e9 aux abonn\u00e9s.        Il vous reste 88% \u00e0 d\u00e9couvrir.\n    <\/p>\n<p>                <img  data- alt=\"Le Figaro\" class=\"fig-img--complete fig-img\"\/><\/p>\n<p class=\"fig-premium-paywall__title\">Black Friday<\/p>\n<p class=\"fig-premium-paywall__subtitle\">-70% sur l&rsquo;abonnement num\u00e9rique<\/p>\n<p class=\"fig-premium-paywall__connect\">\n                D\u00e9j\u00e0 abonn\u00e9\u00a0?                <a class=\"fig-premium-paywall__connect-link\" href=\"https:\/\/connect.lefigaro.fr\/login?client=horizon_web&amp;type=main&amp;redirect_uri=https%3A%2F%2Fwww.lefigaro.fr%2Fconjoncture%2Froland-lescure-au-figaro-le-compromis-budgetaire-ne-doit-pas-se-faire-sur-le-dos-des-entreprises-20251116\" data-js-gtm=\"{&quot;customCategorie&quot;: &quot;conversion&quot;, &quot;customAction&quot;: &quot;before_Landing_Connexion_paywall_auto&quot;, &quot;customLabel&quot;: &quot;bGVmaWdhcm8uZnJfXzFmMGMzMDZiLTUwNDYtNmFmMi04YWZlLTdkNWRjNjhlMWY0Nl9fQXJ0aWNsZQ==_Roland Lescure au &lt;i&gt;Figaro&lt;\/i&gt;\u00a0: \u00abLe compromis budg\u00e9taire ne doit pas se faire sur le dos des entreprises\u00bb_138&quot;, &quot;customIDSPE&quot;: &quot;bGVmaWdhcm8uZnJfXzFmMGMzMDZiLTUwNDYtNmFmMi04YWZlLTdkNWRjNjhlMWY0Nl9fQXJ0aWNsZQ==&quot;, &quot;event&quot;: &quot;customEventSPE&quot;}\" target=\"_blank\" rel=\"noopener\"><br \/>\n                    Connectez-vous<br \/>\n                <\/a>\n            <\/p>\n","protected":false},"excerpt":{"rendered":"ENTRETIEN EXCLUSIF &#8211; Alors que le gouvernement c\u00e9l\u00e8bre aujourd\u2019hui les entreprises hexagonales \u00e0 l\u2019occasion du premier Choose France&hellip;\n","protected":false},"author":2,"featured_media":539337,"comment_status":"","ping_status":"","sticky":false,"template":"","format":"standard","meta":{"footnotes":""},"categories":[2],"tags":[11,1003,526,1011,27,693,12,25],"class_list":{"0":"post-539336","1":"post","2":"type-post","3":"status-publish","4":"format-standard","5":"has-post-thumbnail","7":"category-actualites","8":"tag-actualites","9":"tag-budget","10":"tag-fiscalite","11":"tag-fr","12":"tag-france","13":"tag-industrie","14":"tag-news","15":"tag-republique-francaise"},"share_on_mastodon":{"url":"https:\/\/pubeurope.com\/@fr\/115562698758538984","error":""},"_links":{"self":[{"href":"https:\/\/www.europesays.com\/fr\/wp-json\/wp\/v2\/posts\/539336","targetHints":{"allow":["GET"]}}],"collection":[{"href":"https:\/\/www.europesays.com\/fr\/wp-json\/wp\/v2\/posts"}],"about":[{"href":"https:\/\/www.europesays.com\/fr\/wp-json\/wp\/v2\/types\/post"}],"author":[{"embeddable":true,"href":"https:\/\/www.europesays.com\/fr\/wp-json\/wp\/v2\/users\/2"}],"replies":[{"embeddable":true,"href":"https:\/\/www.europesays.com\/fr\/wp-json\/wp\/v2\/comments?post=539336"}],"version-history":[{"count":0,"href":"https:\/\/www.europesays.com\/fr\/wp-json\/wp\/v2\/posts\/539336\/revisions"}],"wp:featuredmedia":[{"embeddable":true,"href":"https:\/\/www.europesays.com\/fr\/wp-json\/wp\/v2\/media\/539337"}],"wp:attachment":[{"href":"https:\/\/www.europesays.com\/fr\/wp-json\/wp\/v2\/media?parent=539336"}],"wp:term":[{"taxonomy":"category","embeddable":true,"href":"https:\/\/www.europesays.com\/fr\/wp-json\/wp\/v2\/categories?post=539336"},{"taxonomy":"post_tag","embeddable":true,"href":"https:\/\/www.europesays.com\/fr\/wp-json\/wp\/v2\/tags?post=539336"}],"curies":[{"name":"wp","href":"https:\/\/api.w.org\/{rel}","templated":true}]}}