{"id":53934,"date":"2025-04-26T08:29:18","date_gmt":"2025-04-26T08:29:18","guid":{"rendered":"https:\/\/www.europesays.com\/fr\/53934\/"},"modified":"2025-04-26T08:29:18","modified_gmt":"2025-04-26T08:29:18","slug":"lamitie-franco-polonaise-au-coeur-du-week-end-entre-ille-et-vilaine-et-morbihan","status":"publish","type":"post","link":"https:\/\/www.europesays.com\/fr\/53934\/","title":{"rendered":"L\u2019amiti\u00e9 franco-polonaise au c\u0153ur du week-end entre Ille-et-Vilaine et Morbihan"},"content":{"rendered":"<p>C\u2019est un week-end \u00e0 ne pas manquer pour s\u2019int\u00e9resser aux relations culturelles entre Bretagne et Pologne, \u00e0 quelques jours de la f\u00eate nationale polonaise du 3\u00a0mai. \u00c0 Rennes, <a href=\"https:\/\/rennes.maville.com\/actu\/actudet_-ille-et-vilaine.-30-ans-d-amitie-avec-la-pologne-et-un-nouvel-elan-a-prendre-_7-5055520_actu.Htm\" target=\"_blank\" rel=\"noopener\">l\u2019association de jumelage Rennes-Poznan<\/a> organise un concert-conf\u00e9rence, samedi 26\u00a0avril 2025, \u00e0 18\u00a0h, \u00e0 l\u2019auditorium du lyc\u00e9e de l\u2019Assomption. Des \u0153uvres de Fr\u00e9d\u00e9ric Chopin, Ignacy Paderewski et Karol Szymanowski seront interpr\u00e9t\u00e9es par Michal Szymanowski, jeune pianiste polonais talentueux, accompagn\u00e9 du conf\u00e9rencier et musicien\u00a0Adam Wibrowski (tarifs\u00a0: 10\u00a0\u20ac et 5\u00a0\u20ac, r\u00e9servation sur le site <a href=\"https:\/\/my.weezevent.com\/concert-piano-polonais\" target=\"_blank\" rel=\"noopener\">https:\/\/my.weezevent.com\/concert-piano-polonais.<\/a><\/p>\n<p><strong>Lire aussi\u00a0:<\/strong> <a href=\"https:\/\/rennes.maville.com\/info\/info-locale\/les-polonais-de-rennes-une-petite-communaute-tres-dynamique-b1cbd8e8-596c-11ef-a277-648d7bcf43b0#:~:text=Depuis%2030%20ans%2C%20les%20liens,de%20la%20Pologne%20%C3%A0%20Rennes.\" target=\"_blank\" rel=\"noopener\">Jumelages, culture, vie associative\u2026 Les Polonais de Rennes, une petite communaut\u00e9 tr\u00e8s dynamique<\/a><\/p>\n<p>Le lendemain, dimanche 27\u00a0avril, direction l\u2019\u00e9glise de Comblessac o\u00f9 l\u2019association Quo Vadis donne rendez-vous \u00e0 partir de 15\u00a0h\u00a030 pour un concert (gratuit) puis une exposition. Auparavant, la journ\u00e9e aura commenc\u00e9 par une messe en l\u2019\u00e9glise de Guer (Morbihan), puis une c\u00e9r\u00e9monie en hommage aux d\u00e9port\u00e9s au monument aux morts, suivie d\u2019un repas. Renseignements et r\u00e9servations\u00a0au 06\u00a032\u00a024\u00a025\u00a092.<\/p>\n<p>\u00a0<\/p>\n","protected":false},"excerpt":{"rendered":"C\u2019est un week-end \u00e0 ne pas manquer pour s\u2019int\u00e9resser aux relations culturelles entre Bretagne et Pologne, \u00e0 quelques&hellip;\n","protected":false},"author":2,"featured_media":53935,"comment_status":"","ping_status":"","sticky":false,"template":"","format":"standard","meta":{"footnotes":""},"categories":[2821],"tags":[1111,11,7006,829,1777,674,1011,27,14811,848,3729,12,584,25,11489,4064],"class_list":{"0":"post-53934","1":"post","2":"type-post","3":"status-publish","4":"format-standard","5":"has-post-thumbnail","7":"category-rennes","8":"tag-actu","9":"tag-actualites","10":"tag-amitie","11":"tag-bretagne","12":"tag-eu","13":"tag-europe","14":"tag-fr","15":"tag-france","16":"tag-franco-polonaise","17":"tag-ille-et-vilaine","18":"tag-morbihan","19":"tag-news","20":"tag-rennes","21":"tag-republique-francaise","22":"tag-ur","23":"tag-week-end"},"share_on_mastodon":{"url":"https:\/\/pubeurope.com\/@fr\/114403328862535811","error":""},"_links":{"self":[{"href":"https:\/\/www.europesays.com\/fr\/wp-json\/wp\/v2\/posts\/53934","targetHints":{"allow":["GET"]}}],"collection":[{"href":"https:\/\/www.europesays.com\/fr\/wp-json\/wp\/v2\/posts"}],"about":[{"href":"https:\/\/www.europesays.com\/fr\/wp-json\/wp\/v2\/types\/post"}],"author":[{"embeddable":true,"href":"https:\/\/www.europesays.com\/fr\/wp-json\/wp\/v2\/users\/2"}],"replies":[{"embeddable":true,"href":"https:\/\/www.europesays.com\/fr\/wp-json\/wp\/v2\/comments?post=53934"}],"version-history":[{"count":0,"href":"https:\/\/www.europesays.com\/fr\/wp-json\/wp\/v2\/posts\/53934\/revisions"}],"wp:featuredmedia":[{"embeddable":true,"href":"https:\/\/www.europesays.com\/fr\/wp-json\/wp\/v2\/media\/53935"}],"wp:attachment":[{"href":"https:\/\/www.europesays.com\/fr\/wp-json\/wp\/v2\/media?parent=53934"}],"wp:term":[{"taxonomy":"category","embeddable":true,"href":"https:\/\/www.europesays.com\/fr\/wp-json\/wp\/v2\/categories?post=53934"},{"taxonomy":"post_tag","embeddable":true,"href":"https:\/\/www.europesays.com\/fr\/wp-json\/wp\/v2\/tags?post=53934"}],"curies":[{"name":"wp","href":"https:\/\/api.w.org\/{rel}","templated":true}]}}