{"id":539344,"date":"2025-11-17T02:41:19","date_gmt":"2025-11-17T02:41:19","guid":{"rendered":"https:\/\/www.europesays.com\/fr\/539344\/"},"modified":"2025-11-17T02:41:19","modified_gmt":"2025-11-17T02:41:19","slug":"le-pont-de-lezardrieux-cest-un-desastre-autour-de-paimpol-cette-association-poursuit-son-combat-pour-la-securite-des-cyclos","status":"publish","type":"post","link":"https:\/\/www.europesays.com\/fr\/539344\/","title":{"rendered":"\u00ab\u00a0Le pont de L\u00e9zardrieux, c\u2019est un d\u00e9sastre\u00a0\u00bb\u00a0: autour de Paimpol, cette association poursuit son combat pour la s\u00e9curit\u00e9 des cyclos"},"content":{"rendered":"<p>En 2024, Philippe Le Marchand, votre pr\u00e9d\u00e9cesseur, estimait que \u00ab\u00a0tout le monde p\u00e9dale enfin dans le m\u00eame sens\u00a0\u00bb, notamment parmi les \u00e9lus. Est-ce toujours le cas\u00a0?<\/p>\n<p>S\u00e9bastien Helan\u00a0: La plupart des \u00e9lus locaux sont convaincus de<a href=\"https:\/\/www.letelegramme.fr\/cotes-d-armor\/paimpol-22500\/pays-dpaimpol-a-velo-tout-le-monde-pedale-enfin-dans-le-meme-sens-6703476.php\" target=\"_blank\" rel=\"noopener\"> l\u2019importance du d\u00e9veloppement du v\u00e9lo<\/a>. Des am\u00e9nagements ont \u00e9t\u00e9 r\u00e9alis\u00e9s, mais on constate un coup de frein dans les investissements, notamment d\u00fb au manque de soutien au niveau de l\u2019\u00c9tat. <a href=\"https:\/\/www.letelegramme.fr\/finistere\/quimper-29000\/lelu-a-la-biodiversite-de-lagglo-de-quimper-daniel-le-bigot-condamne-la-purge-budgetaire-du-fonds-vert-dans-le-budget-2025-de-letat-6688188.php\" target=\"_blank\" rel=\"noopener\">Le Fonds vert est r\u00e9duit \u00e0 peau de chagrin<\/a>, or il \u00e9tait la premi\u00e8re source de cofinancement. Localement, cela reste une question de volont\u00e9 politique\u00a0: des avanc\u00e9es sont possibles sans d\u00e9penser des mille et des cents.<\/p>\n<p>En juin, votre association manifestait contre l\u2019absence de voie cyclable sur le pont Saint-Christophe. Le projet est \u00ab\u00a0retard\u00e9\u00a0\u00bb. O\u00f9 en est-il\u00a0?<\/p>\n<p>Le D\u00e9partement envisageait de l\u2019int\u00e9grer au prochain contrat \u00c9tat-R\u00e9gion. On ne sait pas ce qu\u2019il en est\u2026 La situation actuelle est un d\u00e9sastre. <a href=\"https:\/\/www.letelegramme.fr\/cotes-d-armor\/paimpol-22500\/je-ne-le-prends-par-car-jai-trop-peur-sur-le-pont-renove-de-lezardrieux-les-cyclistes-manifestent-leur-colere-en-images-6840712.php\" target=\"_blank\" rel=\"noopener\">Le sentiment d\u2019ins\u00e9curit\u00e9 est partag\u00e9 par tous les usagers.<\/a> Le petit passage laiss\u00e9 ne permet pas le croisement des v\u00e9los, les secteurs avant et apr\u00e8s le pont ne sont pas du tout s\u00e9curis\u00e9s. \ufeffOn conseille de rouler sur la chauss\u00e9e, et m\u00eame au milieu plut\u00f4t que sur la droite, pour emp\u00eacher les d\u00e9passements et \u00e9viter de se faire \u00ab\u00a0raser\u00a0\u00bb par un v\u00e9hicule. On y demande aussi une limitation de la vitesse, avec une travers\u00e9e \u00e0 30 km\/h et non \u00e0 50. \ufeff<\/p>\n<p><img decoding=\"async\" src=\"https:\/\/www.europesays.com\/fr\/wp-content\/uploads\/2025\/11\/691a1142272fb408f50d1010.1.jpeg\" width=\"480\" height=\"300\" class=\"web_golden_m\" loading=\"lazy\" alt=\"Les membres de Pays d\u2019Paimpol \u00e0 v\u00e9lo ont prolong\u00e9 leur assembl\u00e9e g\u00e9n\u00e9rale par une balade sur un circuit de 14\u00a0km dans Ploubazlanec, empruntant notamment le nouvel am\u00e9nagement cyclable entre le bourg et le rond-point des Salles.\"\/>Les membres de Pays d\u2019Paimpol \u00e0 v\u00e9lo ont prolong\u00e9 leur assembl\u00e9e g\u00e9n\u00e9rale par une balade sur un circuit de 14\u00a0km dans Ploubazlanec, empruntant notamment le nouvel am\u00e9nagement cyclable entre le bourg et le rond-point des Salles. (Antoine Dewisme)Quels enseignements tirez-vous du Barom\u00e8tre v\u00e9lo 2025, qui sonde le ressenti des cyclistes sur le territoire\u00a0?<\/p>\n<p>Le taux de participation a augment\u00e9 de 19\u00a0% par rapport \u00e0 2021, avec un peu plus de 500 r\u00e9ponses au questionnaire. <a href=\"https:\/\/www.letelegramme.fr\/cotes-d-armor\/paimpol-22500\/barometre-velo-a-paimpol-des-progres-mais-encore-du-travail-6905322.php\" target=\"_blank\" rel=\"noopener\">Les notes attribu\u00e9es par les usagers<\/a> sont conformes \u00e0 notre ressenti. Les communes comme Ploubazlanec, Paimpol ou Plou\u00e9zec, qui ont r\u00e9alis\u00e9 des am\u00e9nagements, ont logiquement vu leurs notes s\u2019am\u00e9liorer.<\/p>\n<p>Comptez-vous jouer un r\u00f4le pendant la campagne \u00e9lectorale pour les municipales\u00a0?<\/p>\n<p>Oui, en nous appuyant notamment sur les r\u00e9sultats de ce barom\u00e8tre. Des membres de l\u2019association travaillent actuellement \u00e0 un questionnaire que l\u2019on adressera aux \u00e9quipes candidates. Il sera pr\u00eat d\u2019ici \u00e0 la fin de l\u2019ann\u00e9e. Nous ferons ensuite part de leurs r\u00e9ponses et de leurs propositions \u00e0 la population.<\/p>\n<p>Quels points noirs vous semblent les plus urgents \u00e0 traiter\u00a0?<\/p>\n<p>Les entr\u00e9es de Paimpol, notamment au niveau des ronds-points. Depuis Plourivo, comme la d\u00e9partementale est dangereuse, il faut faire un d\u00e9tour \u00e9norme pour y arriver en toute s\u00e9curit\u00e9. Depuis Plou\u00e9zec, la descente de Sainte-Barbe n\u2019est pas non plus satisfaisante.<\/p>\n<p>Sur quels autres projets travaillez-vous\u00a0?<\/p>\n<p>Nous allons prochainement proposer une cartographie des axes \u00e0 privil\u00e9gier sur le territoire. On aimerait \u00e9galement travailler avec <a href=\"https:\/\/www.letelegramme.fr\/cotes-d-armor\/guingamp-22200\/se-deplacer-quotidiennement-a-velo-a-guingamp-ca-vous-tente-6763986.php\" target=\"_blank\" rel=\"noopener\">la nouvelle association cr\u00e9\u00e9e \u00e0 Guingamp<\/a>, mais aussi <a href=\"https:\/\/www.letelegramme.fr\/cotes-d-armor\/binic-etables-sur-mer-22680\/goelocyclette-la-nouvelle-association-de-binic-etables-veut-promouvoir-lusage-du-velo-au-quotidien-6823119.php\" target=\"_blank\" rel=\"noopener\">celle de Binic-\u00c9tables<\/a>. On va se lancer dans l\u2019organisation d\u2019un troisi\u00e8me challenge Tout \u00e0 v\u00e9lo, en mai, et poursuivre nos interventions dans les \u00e9coles mais aussi les sessions \u00ab\u00a0remises en selle\u00a0\u00bb pour le public adulte qui souhaite s\u2019y remettre.<\/p>\n","protected":false},"excerpt":{"rendered":"En 2024, Philippe Le Marchand, votre pr\u00e9d\u00e9cesseur, estimait que \u00ab\u00a0tout le monde p\u00e9dale enfin dans le m\u00eame sens\u00a0\u00bb,&hellip;\n","protected":false},"author":2,"featured_media":539345,"comment_status":"","ping_status":"","sticky":false,"template":"","format":"standard","meta":{"footnotes":""},"categories":[1411],"tags":[5866,4077,1154,207,1011,27,65805,32156,6314,7762,65806,65807,65808,656,5009,60,208],"class_list":{"0":"post-539344","1":"post","2":"type-post","3":"status-publish","4":"format-standard","5":"has-post-thumbnail","7":"category-cyclisme","8":"tag-a-velo-tous-les-jours","9":"tag-association","10":"tag-cycling","11":"tag-cyclisme","12":"tag-fr","13":"tag-france","14":"tag-kerfot","15":"tag-lezardrieux","16":"tag-mobilites-douces","17":"tag-paimpol","18":"tag-ploubazlanec","19":"tag-plouezec","20":"tag-plourivo","21":"tag-securite","22":"tag-securite-routiere","23":"tag-sports","24":"tag-velo"},"share_on_mastodon":{"url":"https:\/\/pubeurope.com\/@fr\/115562734851419914","error":""},"_links":{"self":[{"href":"https:\/\/www.europesays.com\/fr\/wp-json\/wp\/v2\/posts\/539344","targetHints":{"allow":["GET"]}}],"collection":[{"href":"https:\/\/www.europesays.com\/fr\/wp-json\/wp\/v2\/posts"}],"about":[{"href":"https:\/\/www.europesays.com\/fr\/wp-json\/wp\/v2\/types\/post"}],"author":[{"embeddable":true,"href":"https:\/\/www.europesays.com\/fr\/wp-json\/wp\/v2\/users\/2"}],"replies":[{"embeddable":true,"href":"https:\/\/www.europesays.com\/fr\/wp-json\/wp\/v2\/comments?post=539344"}],"version-history":[{"count":0,"href":"https:\/\/www.europesays.com\/fr\/wp-json\/wp\/v2\/posts\/539344\/revisions"}],"wp:featuredmedia":[{"embeddable":true,"href":"https:\/\/www.europesays.com\/fr\/wp-json\/wp\/v2\/media\/539345"}],"wp:attachment":[{"href":"https:\/\/www.europesays.com\/fr\/wp-json\/wp\/v2\/media?parent=539344"}],"wp:term":[{"taxonomy":"category","embeddable":true,"href":"https:\/\/www.europesays.com\/fr\/wp-json\/wp\/v2\/categories?post=539344"},{"taxonomy":"post_tag","embeddable":true,"href":"https:\/\/www.europesays.com\/fr\/wp-json\/wp\/v2\/tags?post=539344"}],"curies":[{"name":"wp","href":"https:\/\/api.w.org\/{rel}","templated":true}]}}