{"id":539355,"date":"2025-11-17T02:48:27","date_gmt":"2025-11-17T02:48:27","guid":{"rendered":"https:\/\/www.europesays.com\/fr\/539355\/"},"modified":"2025-11-17T02:48:27","modified_gmt":"2025-11-17T02:48:27","slug":"cest-lun-des-films-les-plus-vus-du-moment-sur-netflix-et-on-a-lache-laffaire-au-bout-de-45-minutes","status":"publish","type":"post","link":"https:\/\/www.europesays.com\/fr\/539355\/","title":{"rendered":"C\u2019est l\u2019un des films les plus vus du moment sur Netflix\u2026 et on a l\u00e2ch\u00e9 l\u2019affaire au bout de 45 minutes"},"content":{"rendered":"<p>Depuis le 12 novembre, Netflix a lanc\u00e9 la saison des films de No\u00ebl avec Un ex pour No\u00ebl. Le long m\u00e9trage avec Alicia Silverstone et Oliver Hudson s\u2019est class\u00e9 directement num\u00e9ro 3 des longs m\u00e9trages les plus vus en France. Alors on l\u2019a lanc\u00e9\u2026 et c&rsquo;\u00e9tait une grave erreur ! <\/p>\n<p>Oh, oh, oh ! Si TF1 a d\u00e9j\u00e0 lanc\u00e9 les hostilit\u00e9s depuis plusieurs semaines, les films de No\u00ebl arrivent aussi en streaming. Disney+ a par exemple mis\u00e9 sur les Jonas Brothers avec <a href=\"https:\/\/www.programme-tv.net\/news\/evenement\/disney-plus-streaming\/391981-ringards-les-jonas-brothers-on-a-vu-leur-film-de-noel-et-on-ne-s-attendait-tellement-pas-a-ca\/\" data-api-deeplink=\"teleloisirs:\/\/news\/391981\" target=\"_blank\" rel=\"noopener\">le film Un No\u00ebl chez les Jonas Brothers, qui s&rsquo;est r\u00e9v\u00e9l\u00e9 \u00eatre une bonne surprise<\/a>. Netflix est entr\u00e9 dans la danse cette semaine avec la sortie de son premier film de No\u00ebl pour 2025 : Un ex pour No\u00ebl. La plateforme a <a href=\"https:\/\/www.programme-tv.net\/news\/cinema\/391833-netflix-le-calendrier-des-nouveaux-films-de-noel-a-voir-en-2025\/\" data-api-deeplink=\"teleloisirs:\/\/news\/391833\" target=\"_blank\" rel=\"noopener\">d\u2019autres projets all\u00e9chants \u00e0 venir<\/a>, et on esp\u00e8re qu\u2019ils seront plus r\u00e9ussis que ce premier long m\u00e9trage qui sent clairement le sapin.<\/p>\n<p>Un ex pour No\u00ebl : Netflix lance officiellement la saison des films de No\u00ebl<\/p>\n<p>Alors qu\u2019elle se destinait \u00e0 une carri\u00e8re d\u2019architecte, Kate a abandonn\u00e9 son r\u00eave pour s\u2019installer avec son amoureux Everett, m\u00e9decin, dans sa ville natale de Winterlight. Plusieurs d\u00e9cennies plus tard, Kate et son mari ont d\u00e9cid\u00e9 de divorcer. S\u00e9par\u00e9s depuis neuf mois, ils s\u2019appr\u00eatent \u00e0 passer leur dernier No\u00ebl en famille, avec leurs deux enfants. Les choses se compliquent quand la nouvelle petite amie &#8211; \u00e9videmment sexy, intelligente et bien plus jeune &#8211; d\u2019Everett s\u2019invite \u00e0 la f\u00eate. Kate tente alors de garder la t\u00eate haute.<\/p>\n<p>                        Un ex pour No\u00ebl : c&rsquo;\u00e9tait tellement insupportable qu&rsquo;on a l\u00e2ch\u00e9 avant la fin<\/p>\n<p>Soyons honn\u00eates, les films de No\u00ebl sont souvent (tr\u00e8s) clich\u00e9s et (un peu) ringards, mais c\u2019est aussi cela qu\u2019on aime : d\u00e9connecter notre cerveau et passer un bon moment devant un film qui nous met dans l\u2019ambiance des F\u00eates. Sauf que cette fois-ci, on a plut\u00f4t eu envie de distribuer des claques que de boire un chocolat chaud. D\u00e8s les premi\u00e8res minutes, on a senti que \u00e7a allait \u00eatre tr\u00e8s compliqu\u00e9\u2026 et \u00e7a n\u2019a pas manqu\u00e9 ! La faute \u00e0 des personnages caricaturaux au point d\u2019en devenir insupportables (coucou le petit ami fan de Harry Potter). Si les fans des ann\u00e9es 1990 pouvaient se r\u00e9jouir \u00e0 l\u2019id\u00e9e de retrouver Alicia Silverstone, cette derni\u00e8re se noie compl\u00e8tement. <a href=\"https:\/\/www.programme-tv.net\/news\/series-tv\/334308-cetait-le-pire-jour-de-ma-vie-melissa-joan-hart-explique-pourquoi-la-production-de-sabrina-lapprentie-sorciere-a-failli-la-virer-de-la-serie\/\" data-api-deeplink=\"teleloisirs:\/\/news\/334308\" target=\"_blank\" rel=\"noopener\">Melissa Joan Hart<\/a> sauve (un peu) les meubles, mais est bien trop absente pour remonter un tant soit peu le niveau.<\/p>\n<p>Si bien qu\u2019\u00e0 45 minutes, on a d\u00e9cid\u00e9 d\u2019arr\u00eater les frais et le film. Trop, c\u2019est trop ! Apr\u00e8s <a href=\"https:\/\/www.programme-tv.net\/news\/cinema\/391938-malgre-sa-note-catastrophique-ce-film-est-lun-des-plus-vus-sur-netflix\/\" data-api-deeplink=\"teleloisirs:\/\/news\/391938\" target=\"_blank\" rel=\"noopener\">ce film \u00e0 la note catastrophique qui s\u2019est class\u00e9 sur Netflix<\/a>, Un ex pour No\u00ebl prouve que les abonn\u00e9s n\u2019ont pas toujours tr\u00e8s bon go\u00fbt\u2026<\/p>\n","protected":false},"excerpt":{"rendered":"Depuis le 12 novembre, Netflix a lanc\u00e9 la saison des films de No\u00ebl avec Un ex pour No\u00ebl.&hellip;\n","protected":false},"author":2,"featured_media":539356,"comment_status":"","ping_status":"","sticky":false,"template":"","format":"standard","meta":{"footnotes":""},"categories":[1354],"tags":[65809,244,58,59,1346,1011,27,65810,1360,127,1722,129,65812,65811],"class_list":{"0":"post-539355","1":"post","2":"type-post","3":"status-publish","4":"format-standard","5":"has-post-thumbnail","7":"category-films","8":"tag-alicia-silverstone","9":"tag-commentaire","10":"tag-divertissement","11":"tag-entertainment","12":"tag-films","13":"tag-fr","14":"tag-france","15":"tag-melissa-joan-hart","16":"tag-movies","17":"tag-netflix","18":"tag-pub-streaming-netflix","19":"tag-svod","20":"tag-un-ex-pour-nou00ebl","21":"tag-un-ex-pour-nou00ebl-1566012187"},"share_on_mastodon":{"url":"https:\/\/pubeurope.com\/@fr\/115562761659551832","error":""},"_links":{"self":[{"href":"https:\/\/www.europesays.com\/fr\/wp-json\/wp\/v2\/posts\/539355","targetHints":{"allow":["GET"]}}],"collection":[{"href":"https:\/\/www.europesays.com\/fr\/wp-json\/wp\/v2\/posts"}],"about":[{"href":"https:\/\/www.europesays.com\/fr\/wp-json\/wp\/v2\/types\/post"}],"author":[{"embeddable":true,"href":"https:\/\/www.europesays.com\/fr\/wp-json\/wp\/v2\/users\/2"}],"replies":[{"embeddable":true,"href":"https:\/\/www.europesays.com\/fr\/wp-json\/wp\/v2\/comments?post=539355"}],"version-history":[{"count":0,"href":"https:\/\/www.europesays.com\/fr\/wp-json\/wp\/v2\/posts\/539355\/revisions"}],"wp:featuredmedia":[{"embeddable":true,"href":"https:\/\/www.europesays.com\/fr\/wp-json\/wp\/v2\/media\/539356"}],"wp:attachment":[{"href":"https:\/\/www.europesays.com\/fr\/wp-json\/wp\/v2\/media?parent=539355"}],"wp:term":[{"taxonomy":"category","embeddable":true,"href":"https:\/\/www.europesays.com\/fr\/wp-json\/wp\/v2\/categories?post=539355"},{"taxonomy":"post_tag","embeddable":true,"href":"https:\/\/www.europesays.com\/fr\/wp-json\/wp\/v2\/tags?post=539355"}],"curies":[{"name":"wp","href":"https:\/\/api.w.org\/{rel}","templated":true}]}}