{"id":539359,"date":"2025-11-17T02:51:17","date_gmt":"2025-11-17T02:51:17","guid":{"rendered":"https:\/\/www.europesays.com\/fr\/539359\/"},"modified":"2025-11-17T02:51:17","modified_gmt":"2025-11-17T02:51:17","slug":"matt-pokora-evoque-le-grand-regret-de-sa-vie-dans-un-dimanche-a-la-campagne","status":"publish","type":"post","link":"https:\/\/www.europesays.com\/fr\/539359\/","title":{"rendered":"Matt Pokora \u00e9voque le grand regret de sa vie dans \u00abUn dimanche \u00e0 la campagne\u00bb"},"content":{"rendered":"<p>    Matt Pokora dans \u00abUn dimanche \u00e0 la campagne\u00bb<br \/>\n                Capture \u00e9cran<\/p>\n<p>\n    Le chanteur a particip\u00e9 \u00e0 l\u2019\u00e9mission de confessions de Fr\u00e9d\u00e9ric Lopez sur France 2. Il confie qu\u2019avant de devenir chanteur, il avait envisag\u00e9 une carri\u00e8re dans le football.<\/p>\n<p class=\"fig-paragraph\">\u00abSi je me plante, je ne veux m\u2019en prendre qu\u2019\u00e0 moi-m\u00eame\u00bb, analyse ce dimanche 16 novembre\u00a0<a href=\"http:\/\/tvmag.lefigaro.fr\/programme-tv\/actu-tele\/je-deteste-ces-images-matt-pokora-agace-par-une-surprise-de-la-boite-a-secrets-sur-france-3-20240120\" target=\"_blank\" data-fig-type=\"Article\" rel=\"noopener nofollow\" data-gtm-custom-categorie=\"navigation\" data-gtm-custom-action=\"crossclick\" data-gtm-custom-label=\"Contextuel\" data-gtm-event=\"customEventSPE\" data-fig-domain=\"TVMAG\"><strong>Matt Pokora<\/strong><\/a> \u00a0face \u00e0\u00a0<a href=\"http:\/\/tvmag.lefigaro.fr\/programme-tv\/actu-tele\/je-suis-tres-emu-revelations-de-frederic-lopez-sur-instagram-20250824\" target=\"_blank\" data-fig-type=\"Article\" rel=\"noopener nofollow\" data-gtm-custom-categorie=\"navigation\" data-gtm-custom-action=\"crossclick\" data-gtm-custom-label=\"Contextuel\" data-gtm-event=\"customEventSPE\" data-fig-domain=\"TVMAG\"><strong>Fr\u00e9d\u00e9ric Lopez<\/strong><\/a> \u00a0sur France 2. Enfant, il aimait autant la musique que le football. L\u2019histoire raconte d\u00e9j\u00e0 son succ\u00e8s dans la chanson, mais son rendez-vous manqu\u00e9 avec le sport reste un \u00e9ternel regret.<\/p>\n<p class=\"fig-paragraph\">En 2003, il remporte \u00abPopstars\u00bb et int\u00e8gre le groupe Linkup. Mais quelques mois plus tard, il se lance en solo avec le single Elle me contr\u00f4le. Il remporte deux troph\u00e9es aux NRJ Music Awards, la chanson de l\u2019ann\u00e9e et le clip de l\u2019ann\u00e9e. Il d\u00e9tient, encore \u00e0 ce jour, le record du nombre de r\u00e9compenses de la c\u00e9r\u00e9monie diffus\u00e9e chaque ann\u00e9e sur TF1. \u00abC\u2019est g\u00e9nial car c\u2019est le public qui vote\u00bb, s\u2019enthousiasme le chanteur dans\u00a0<a href=\"https:\/\/tvmag.lefigaro.fr\/programme-tv\/programme\/un-dimanche-a-la-campagne-d1275050237\" target=\"_blank\" rel=\"sponsored noopener nofollow\" data-gtm-custom-categorie=\"navigation\" data-gtm-custom-action=\"crossclick\" data-gtm-custom-label=\"Contextuel\" data-gtm-event=\"customEventSPE\">\u00abUn dimanche \u00e0 la campagne\u00bb<\/a>.<\/p>\n<blockquote class=\"fig-quote&#10;    \">\n<p class=\"fig-quote__text\">Je rate mon match d\u2019essai.<\/p>\n<p>            Matt Pokora dans \u00abUn dimanche \u00e0 la campagne\u00bb\n    <\/p><\/blockquote>\n<p>                                    <a class=\"fig-a11y-skip a11y-hidden\" href=\"#fig-a11y-skip-main-inarticle\"><br \/>\n        Passer la publicit\u00e9<br \/>\n    <\/a><\/p>\n<p class=\"fig-paragraph\">Pourtant, plus jeune, c\u2019est d\u2019abord vers une carri\u00e8re de footballeur qu\u2019il se destine. \u00c0 l\u2019\u00e2ge de 16 ans, le destin lui offre une chance de passer professionnel dans sa discipline. \u00abJ\u2019ai un recruteur de Sedan, qui \u00e0 l\u2019\u00e9poque est en Ligue 1, qui m\u2019emm\u00e8ne faire un essai\u00bb, se souvient-il avant de contextualiser\u00a0: \u00abCe sont les vacances de P\u00e2ques, mon p\u00e8re me dit\u00a0: \u00ab\u00a0tu as int\u00e9r\u00eat \u00e0 te pr\u00e9parer physiquement\u00a0\u00bb. Sauf que moi, je partais la premi\u00e8re semaine avec ma m\u00e8re en Italie dans un camp de vacances.\u00bb<\/p>\n<p class=\"fig-paragraph\">L\u2019adolescent ne s\u2019entra\u00eene pas durant son s\u00e9jour. \u00abJe n\u2019ai rien fait \u00e0 part un petit foot avec les animateurs\u00bb, explique-t-il. Ce n\u2019est donc pas du tout pr\u00e9par\u00e9 qu\u2019il se pr\u00e9sente\u00a0: \u00abEn premi\u00e8re mi-temps, je d\u00e9fends sur un jeune qui arrivait de Clairefontaine et qui s\u2019entra\u00eenait d\u00e9j\u00e0 avec les pros. Je passe toute la premi\u00e8re mi-temps \u00e0 lui courir apr\u00e8s. La deuxi\u00e8me mi-temps, il me fait monter \u00e0 mon vrai poste, ailier droit, et l\u00e0, je n\u2019ai plus rien dans les jambes, impossible, d\u00e9bord\u00e9. Donc je rate mon match d\u2019essai.\u00bb<\/p>\n<p class=\"fig-paragraph\">\u00ab\u00c7a a \u00e9t\u00e9 un traumatisme pour moi, car je n\u2019\u00e9tais pas pr\u00eat le jour o\u00f9 il fallait\u00bb, confie Matt Pokora \u00e0 ses camarades du week-end. De cette erreur de jeunesse, il en a tir\u00e9 une le\u00e7on de vie, qui peut expliquer son succ\u00e8s en tant qu\u2019artiste. \u00abMaintenant je m\u2019entra\u00eene tout le temps, m\u00eame quand je ne suis pas en tourn\u00e9e. Je m\u2019en veux \u00e9norm\u00e9ment\u00bb, assure-t-il.<\/p>\n","protected":false},"excerpt":{"rendered":"Matt Pokora dans \u00abUn dimanche \u00e0 la campagne\u00bb Capture \u00e9cran Le chanteur a particip\u00e9 \u00e0 l\u2019\u00e9mission de confessions&hellip;\n","protected":false},"author":2,"featured_media":539360,"comment_status":"","ping_status":"","sticky":false,"template":"","format":"standard","meta":{"footnotes":""},"categories":[8],"tags":[58,59,1011,27,9481,2886],"class_list":{"0":"post-539359","1":"post","2":"type-post","3":"status-publish","4":"format-standard","5":"has-post-thumbnail","7":"category-divertissement","8":"tag-divertissement","9":"tag-entertainment","10":"tag-fr","11":"tag-france","12":"tag-frederic-lopez","13":"tag-matt-pokora"},"share_on_mastodon":{"url":"https:\/\/pubeurope.com\/@fr\/115562773513407065","error":""},"_links":{"self":[{"href":"https:\/\/www.europesays.com\/fr\/wp-json\/wp\/v2\/posts\/539359","targetHints":{"allow":["GET"]}}],"collection":[{"href":"https:\/\/www.europesays.com\/fr\/wp-json\/wp\/v2\/posts"}],"about":[{"href":"https:\/\/www.europesays.com\/fr\/wp-json\/wp\/v2\/types\/post"}],"author":[{"embeddable":true,"href":"https:\/\/www.europesays.com\/fr\/wp-json\/wp\/v2\/users\/2"}],"replies":[{"embeddable":true,"href":"https:\/\/www.europesays.com\/fr\/wp-json\/wp\/v2\/comments?post=539359"}],"version-history":[{"count":0,"href":"https:\/\/www.europesays.com\/fr\/wp-json\/wp\/v2\/posts\/539359\/revisions"}],"wp:featuredmedia":[{"embeddable":true,"href":"https:\/\/www.europesays.com\/fr\/wp-json\/wp\/v2\/media\/539360"}],"wp:attachment":[{"href":"https:\/\/www.europesays.com\/fr\/wp-json\/wp\/v2\/media?parent=539359"}],"wp:term":[{"taxonomy":"category","embeddable":true,"href":"https:\/\/www.europesays.com\/fr\/wp-json\/wp\/v2\/categories?post=539359"},{"taxonomy":"post_tag","embeddable":true,"href":"https:\/\/www.europesays.com\/fr\/wp-json\/wp\/v2\/tags?post=539359"}],"curies":[{"name":"wp","href":"https:\/\/api.w.org\/{rel}","templated":true}]}}