{"id":539363,"date":"2025-11-17T02:53:13","date_gmt":"2025-11-17T02:53:13","guid":{"rendered":"https:\/\/www.europesays.com\/fr\/539363\/"},"modified":"2025-11-17T02:53:13","modified_gmt":"2025-11-17T02:53:13","slug":"vos-revenus-sont-ils-ceux-de-la-classe-moyenne-ce-sont-les-montants-minimal-et-maximal-pour-en-faire-partie","status":"publish","type":"post","link":"https:\/\/www.europesays.com\/fr\/539363\/","title":{"rendered":"Vos revenus sont-ils ceux de la classe moyenne\u00a0? Ce sont les montants minimal et maximal pour en faire partie"},"content":{"rendered":"<p>La classe moyenne fran\u00e7aise est-elle en voie de disparition ? De nombreux\u00a0sociologues et d\u00e9mographes \u00e9voquent aujourd&rsquo;hui cette hypoth\u00e8se. Encore plus depuis la forte inflation de ces derni\u00e8res ann\u00e9es, qui a conduit \u00e0 une baisse du niveau de vie de beaucoup de Fran\u00e7ais. Une partie non n\u00e9gligeable d&rsquo;entre eux ont ainsi doucement gliss\u00e9 de la cat\u00e9gorie des classes moyennes vers celle des classes populaires,\u00a0leurs revenus peinant \u00e0 compenser la hausse des prix.<\/p>\n<p>Pour autant, la classe moyenne repr\u00e9sente encore la majorit\u00e9 de la population. Il est toutefois difficile de la d\u00e9finir car, si cette cat\u00e9gorie est souvent per\u00e7ue comme un groupe homog\u00e8ne, elle englobe en r\u00e9alit\u00e9 une diversit\u00e9 de situations \u00e9conomiques. Les membres de cette classe sont g\u00e9n\u00e9ralement per\u00e7us comme ayant un niveau de vie confortable, mais cela ne signifie pas qu&rsquo;ils ne rencontrent pas de difficult\u00e9s financi\u00e8res.<\/p>\n<p>Les m\u00e9nages appartenant \u00e0 la classe moyenne peuvent en effet diff\u00e9rer consid\u00e9rablement en termes de revenus et de patrimoine. Des diff\u00e9rences souvent accentu\u00e9es par des facteurs tels que la localisation g\u00e9ographique et la conjoncture \u00e9conomique. Par ailleurs, le fait d&rsquo;avoir des enfants est un facteur important pour classer les ressources d&rsquo;un foyer. Pour un m\u00eame montant de revenu, une famille nombreuse et un couple sans enfant n&rsquo;auront pas du tout le m\u00eame niveau de vie.<\/p>\n<p>Afin de dessiner les contours de la classe moyenne selon les situations familiales, l&rsquo;Observatoire des in\u00e9galit\u00e9s a d\u00e9fini\u00a0un tableau des tranches de revenus attendues pour cette cat\u00e9gorie sociale en fonction de la composition du m\u00e9nage. L&rsquo;organisme a effectu\u00e9 <a href=\"https:\/\/www.inegalites.fr\/Pauvres-moyens-ou-riches-Les-revenus-par-type-de-menage\" target=\"_blank\" rel=\"noopener\">ses calculs<\/a> \u00e0 partir des chiffres de l&rsquo;Insee recueillis en 2023. Des estimations qu&rsquo;il faut donc l\u00e9g\u00e8rement r\u00e9\u00e9valu\u00e9es pour tenir compte de l&rsquo;inflation constat\u00e9e en 2024 et 2025.<\/p>\n<p>Selon ces donn\u00e9es, une personne seule appartient \u00e0 la classe moyenne en 2025 si ses revenus sont compris entre 1 683 et 3 119 \u20ac par mois. En dessous de cette tranche, elle est compt\u00e9e parmi les classes populaires. Au-dessus, elle est consid\u00e9r\u00e9e comme appartenant aux classes ais\u00e9es. Ces limites augmentent naturellement\u00a0pour un couple sans enfant, avec des revenus respectivement compris entre 2 525 et 4 679 \u20ac mensuels. Pour un couple avec un enfant de moins de 14 ans, les montants minimal et maximal\u00a0passent \u00e0 3 029 et 5 614 \u20ac. Enfin, dernier exemple :\u00a0pour un couple avec deux enfants de plus de 14 ans, la classe moyenne se situe \u00e0 un niveau de revenus compris entre 4 208 et 7 798 \u20ac par mois.<\/p>\n<p>Afin de comparer vos ressources avec les montants indiqu\u00e9s ci-dessus, vous devez tout d&rsquo;abord tenir compte des\u00a0revenus (salaires, pensions&#8230;) que vous percevez. Il vous faut ensuite\u00a0y ajouter les prestations sociales que vous touchez puis d\u00e9duire l&rsquo;\u00e9ventuel imp\u00f4t sur le revenu.<\/p>\n","protected":false},"excerpt":{"rendered":"La classe moyenne fran\u00e7aise est-elle en voie de disparition ? De nombreux\u00a0sociologues et d\u00e9mographes \u00e9voquent aujourd&rsquo;hui cette hypoth\u00e8se.&hellip;\n","protected":false},"author":2,"featured_media":539364,"comment_status":"","ping_status":"","sticky":false,"template":"","format":"standard","meta":{"footnotes":""},"categories":[6],"tags":[58292,35,65813,51761,33,34,51763,1011,27,58293,51767],"class_list":{"0":"post-539363","1":"post","2":"type-post","3":"status-publish","4":"format-standard","5":"has-post-thumbnail","7":"category-economie","8":"tag-actualite-juridique-et-financiere","9":"tag-business","10":"tag-cms-droit-finances-5441","11":"tag-controller-content","12":"tag-economie","13":"tag-economy","14":"tag-format-papier","15":"tag-fr","16":"tag-france","17":"tag-les-histoires-de-droit-finances","18":"tag-parallaxeinfeed"},"share_on_mastodon":{"url":"https:\/\/pubeurope.com\/@fr\/115562781485120824","error":""},"_links":{"self":[{"href":"https:\/\/www.europesays.com\/fr\/wp-json\/wp\/v2\/posts\/539363","targetHints":{"allow":["GET"]}}],"collection":[{"href":"https:\/\/www.europesays.com\/fr\/wp-json\/wp\/v2\/posts"}],"about":[{"href":"https:\/\/www.europesays.com\/fr\/wp-json\/wp\/v2\/types\/post"}],"author":[{"embeddable":true,"href":"https:\/\/www.europesays.com\/fr\/wp-json\/wp\/v2\/users\/2"}],"replies":[{"embeddable":true,"href":"https:\/\/www.europesays.com\/fr\/wp-json\/wp\/v2\/comments?post=539363"}],"version-history":[{"count":0,"href":"https:\/\/www.europesays.com\/fr\/wp-json\/wp\/v2\/posts\/539363\/revisions"}],"wp:featuredmedia":[{"embeddable":true,"href":"https:\/\/www.europesays.com\/fr\/wp-json\/wp\/v2\/media\/539364"}],"wp:attachment":[{"href":"https:\/\/www.europesays.com\/fr\/wp-json\/wp\/v2\/media?parent=539363"}],"wp:term":[{"taxonomy":"category","embeddable":true,"href":"https:\/\/www.europesays.com\/fr\/wp-json\/wp\/v2\/categories?post=539363"},{"taxonomy":"post_tag","embeddable":true,"href":"https:\/\/www.europesays.com\/fr\/wp-json\/wp\/v2\/tags?post=539363"}],"curies":[{"name":"wp","href":"https:\/\/api.w.org\/{rel}","templated":true}]}}