{"id":539374,"date":"2025-11-17T03:03:12","date_gmt":"2025-11-17T03:03:12","guid":{"rendered":"https:\/\/www.europesays.com\/fr\/539374\/"},"modified":"2025-11-17T03:03:12","modified_gmt":"2025-11-17T03:03:12","slug":"ma-demission-a-ete-une-experience-crucifiante-les-extraits-exclusifs-du-livre-de-mgr-dominique-rey-ancien-eveque-de-frejus-toulon","status":"publish","type":"post","link":"https:\/\/www.europesays.com\/fr\/539374\/","title":{"rendered":"\u00ab\u00a0Ma d\u00e9mission a \u00e9t\u00e9 une exp\u00e9rience crucifiante\u00a0\u00bb\u00a0:\u00a0les extraits exclusifs du livre de Mgr Dominique Rey, ancien \u00e9v\u00eaque de Fr\u00e9jus-Toulon"},"content":{"rendered":"<p>\n    <strong>EXCLUSIF <\/strong>&#8211; Dans Mes Choix, mes combats, ce que je crois, \u00e9crit avec les journalistes Samuel Pruvot et Henrik Lindell, l\u2019\u00e9v\u00eaque embl\u00e9matique et peu conformiste du dioc\u00e8se varois de 2000 \u00e0 2025 revient sur ses tensions avec le Saint-Si\u00e8ge.<\/p>\n<p><strong>Les raisons de sa d\u00e9mission<\/strong><\/p>\n<p class=\"fig-paragraph\"><strong>Samuel Pruvot et Henrik Lindell\u00a0: <\/strong>\u00c0 la demande du\u00a0<a href=\"http:\/\/www.lefigaro.fr\/vox\/religion\/contre-les-vies-garees-l-invitation-au-voyage-spirituel-de-feu-le-pape-francois-20250815\" data-fig-type=\"Article\" data-gtm-custom-categorie=\"navigation\" data-gtm-custom-action=\"crossclick\" data-gtm-custom-label=\"Contextuel\" data-gtm-event=\"customEventSPE\" data-fig-domain=\"LEFIGARO\" rel=\"nofollow noopener\" target=\"_blank\">pape Fran\u00e7ois<\/a>,\u00a0<a href=\"http:\/\/www.lefigaro.fr\/actualite-france\/l-ex-eveque-du-diocese-de-frejus-toulon-mgr-dominique-rey-bientot-dans-la-paroisse-parisienne-de-notre-dame-des-champs-20250326\" data-fig-type=\"NewsFlash\" data-gtm-custom-categorie=\"navigation\" data-gtm-custom-action=\"crossclick\" data-gtm-custom-label=\"Contextuel\" data-gtm-event=\"customEventSPE\" data-fig-domain=\"LEFIGARO\" rel=\"nofollow noopener\" target=\"_blank\">Dominique Rey<\/a>\u00a0a envoy\u00e9 sa d\u00e9mission \u00e0 Rome le 7\u00a0janvier\u00a02025. La fin d\u00e9finitive de cet \u00e9piscopat long d\u2019un quart de si\u00e8cle a \u00e9t\u00e9 accompagn\u00e9e par des cris de victoire et des soupirs de soulagement de ceux qui le critiquaient [\u2026] Pourquoi, au juste, Dominique Rey devait-il d\u00e9missionner\u00a0? Contrairement \u00e0 ce que sugg\u00e8rent nombre d\u2019enqu\u00eates journalistiques critiques et s\u00e9rieuses \u00e0 l\u2019\u00e9gard de l\u2019\u00e9v\u00eaque, une r\u00e9ponse pr\u00e9cise ou objective \u00e0 cette question est difficile \u00e0 obtenir. Le rapport de la visite apostolique n\u2019a pas \u00e9t\u00e9 rendu public et ne le sera jamais. Mais l\u2019homme n\u2019a pas commis d\u2019abus et n\u2019a jamais eu affaire \u00e0 la justice pour des faits qu\u2019il aurait couverts. Si sa gestion \u00e9tait parfois critiqu\u00e9e en interne, par exemple pour une organisation notoirement \u00ab\u00a0bord\u00e9lique\u00a0\u00bb, et si certaines nominations et ordinations pouvaient surprendre plus d\u2019un, y compris au\u00a0<a href=\"http:\/\/www.lefigaro.fr\/international\/vatican-une-enquete-ouverte-apres-une-accusation-d-antisemitisme-au-sein-de-la-garde-suisse-20251110\" data-fig-type=\"NewsFlash\" data-gtm-custom-categorie=\"navigation\" data-gtm-custom-action=\"crossclick\" data-gtm-custom-label=\"Contextuel\" data-gtm-event=\"customEventSPE\" data-fig-domain=\"LEFIGARO\" rel=\"nofollow noopener\" target=\"_blank\">Vatican<\/a>, il nous semble difficile de prouver que Dominique\u2026<\/p>\n<p class=\"fig-premium-paywall__infos\">\n        Cet article est r\u00e9serv\u00e9 aux abonn\u00e9s.        Il vous reste 90% \u00e0 d\u00e9couvrir.\n    <\/p>\n<p>                <img  data- alt=\"Le Figaro\" class=\"fig-img--complete fig-img\"\/><\/p>\n<p class=\"fig-premium-paywall__title\">Black Friday<\/p>\n<p class=\"fig-premium-paywall__subtitle\">-70% sur l&rsquo;abonnement num\u00e9rique<\/p>\n<p class=\"fig-premium-paywall__connect\">\n                D\u00e9j\u00e0 abonn\u00e9\u00a0?                <a class=\"fig-premium-paywall__connect-link\" href=\"https:\/\/connect.lefigaro.fr\/login?client=horizon_web&amp;type=main&amp;redirect_uri=https%3A%2F%2Fwww.lefigaro.fr%2Fvox%2Fsociete%2Fma-demission-a-ete-une-experience-crucifiante-les-extraits-exclusifs-du-livre-de-mgr-dominique-rey-ancien-eveque-de-frejus-toulon-20251116\" data-js-gtm=\"{&quot;customCategorie&quot;: &quot;conversion&quot;, &quot;customAction&quot;: &quot;before_Landing_Connexion_paywall_auto&quot;, &quot;customLabel&quot;: &quot;bGVmaWdhcm8uZnJfXzFmMGJmYmJjLTA0MjEtNjA1Mi05YmY5LTJiZDFiMWI3MGVhZV9fQXJ0aWNsZQ==_\u00ab\u00a0Ma d\u00e9mission a \u00e9t\u00e9 une exp\u00e9rience crucifiante\u00a0\u00bb\u00a0:\u00a0les extraits exclusifs du livre de Mgr Dominique Rey, ancien \u00e9v\u00eaque de Fr\u00e9jus-Toulon_1000&quot;, &quot;customIDSPE&quot;: &quot;bGVmaWdhcm8uZnJfXzFmMGJmYmJjLTA0MjEtNjA1Mi05YmY5LTJiZDFiMWI3MGVhZV9fQXJ0aWNsZQ==&quot;, &quot;event&quot;: &quot;customEventSPE&quot;}\" rel=\"nofollow noopener\" target=\"_blank\"><br \/>\n                    Connectez-vous<br \/>\n                <\/a>\n            <\/p>\n","protected":false},"excerpt":{"rendered":"EXCLUSIF &#8211; Dans Mes Choix, mes combats, ce que je crois, \u00e9crit avec les journalistes Samuel Pruvot et&hellip;\n","protected":false},"author":2,"featured_media":539375,"comment_status":"","ping_status":"","sticky":false,"template":"","format":"standard","meta":{"footnotes":""},"categories":[9619],"tags":[1111,11,4296,8305,1777,674,1011,27,12,882,25,2310,4193],"class_list":{"0":"post-539374","1":"post","2":"type-post","3":"status-publish","4":"format-standard","5":"has-post-thumbnail","7":"category-toulon","8":"tag-actu","9":"tag-actualites","10":"tag-christianisme","11":"tag-eglise-catholique","12":"tag-eu","13":"tag-europe","14":"tag-fr","15":"tag-france","16":"tag-news","17":"tag-provence-alpes-cote-dazur","18":"tag-republique-francaise","19":"tag-toulon","20":"tag-vatican"},"share_on_mastodon":{"url":"https:\/\/pubeurope.com\/@fr\/115562820675526433","error":""},"_links":{"self":[{"href":"https:\/\/www.europesays.com\/fr\/wp-json\/wp\/v2\/posts\/539374","targetHints":{"allow":["GET"]}}],"collection":[{"href":"https:\/\/www.europesays.com\/fr\/wp-json\/wp\/v2\/posts"}],"about":[{"href":"https:\/\/www.europesays.com\/fr\/wp-json\/wp\/v2\/types\/post"}],"author":[{"embeddable":true,"href":"https:\/\/www.europesays.com\/fr\/wp-json\/wp\/v2\/users\/2"}],"replies":[{"embeddable":true,"href":"https:\/\/www.europesays.com\/fr\/wp-json\/wp\/v2\/comments?post=539374"}],"version-history":[{"count":0,"href":"https:\/\/www.europesays.com\/fr\/wp-json\/wp\/v2\/posts\/539374\/revisions"}],"wp:featuredmedia":[{"embeddable":true,"href":"https:\/\/www.europesays.com\/fr\/wp-json\/wp\/v2\/media\/539375"}],"wp:attachment":[{"href":"https:\/\/www.europesays.com\/fr\/wp-json\/wp\/v2\/media?parent=539374"}],"wp:term":[{"taxonomy":"category","embeddable":true,"href":"https:\/\/www.europesays.com\/fr\/wp-json\/wp\/v2\/categories?post=539374"},{"taxonomy":"post_tag","embeddable":true,"href":"https:\/\/www.europesays.com\/fr\/wp-json\/wp\/v2\/tags?post=539374"}],"curies":[{"name":"wp","href":"https:\/\/api.w.org\/{rel}","templated":true}]}}