{"id":53938,"date":"2025-04-26T08:31:13","date_gmt":"2025-04-26T08:31:13","guid":{"rendered":"https:\/\/www.europesays.com\/fr\/53938\/"},"modified":"2025-04-26T08:31:13","modified_gmt":"2025-04-26T08:31:13","slug":"reichstett-les-poissons-sexposent-sous-toutes-les-formes-avec-les-apprentis-peintres-de-latelier-van-gogh","status":"publish","type":"post","link":"https:\/\/www.europesays.com\/fr\/53938\/","title":{"rendered":"Reichstett. Les poissons s\u2019exposent sous toutes les formes avec les apprentis peintres de l\u2019atelier Van Gogh"},"content":{"rendered":"<p>C\u2019est un rendez-vous qu\u2019ils attendent avec impatience chaque ann\u00e9e. Durant deux jours, \u00e0 l\u2019occasion de leur exposition annuelle ce samedi\u00a026 et dimanche 27\u00a0avril, les \u00e9l\u00e8ves de l\u2019atelier Van Gogh \u00e0 Reichstett pourront expliquer leur passion, pr\u00e9senter leurs tableaux au public et \u00e9changer sur les techniques artistiques utilis\u00e9es.<\/p>\n<p>  Des \u0153uvres personnelles et collectives<\/p>\n<p>\u00ab\u00a0 Cette rencontre avec le public est essentielle pour un artiste \u00a0\u00bb, explique Antoine Steinmetz, l\u2019animateur qui accompagne <a href=\"https:\/\/www.dna.fr\/culture-loisirs\/2025\/02\/26\/une-soiree-chez-les-apprentis-peintres-de-l-atelier-van-gogh\" target=\"_blank\" rel=\"nofollow noopener\">les apprentis peintres<\/a> avec beaucoup de bienveillance.<\/p>\n<p>Cette ann\u00e9e, ce sera une farandole de poissons color\u00e9s qui s\u2019installera dans la grande salle des f\u00eates. Ce th\u00e8me aura inspir\u00e9 les artistes et a \u00e9t\u00e9 d\u00e9clin\u00e9 sous toutes les formes, couleurs et mati\u00e8res.<\/p>\n<p>Les artistes auront leur stand personnel et pr\u00e9senteront \u00e9galement un travail collectif sur la g\u00e9om\u00e9trie, les Jeux olympiques et le patrimoine local. Les enfants du centre de loisirs, qui ont \u00e9t\u00e9 associ\u00e9s \u00e0 l\u2019\u00e9v\u00e9nement et ont peint avec beaucoup d\u2019imagination les poissons auront aussi leur coin \u00e0 eux. Tout comme les c\u00e9ramistes de l\u2019atelier Les pARTages d\u2019Illkirch.<\/p>\n<p class=\"note\">Exposition \u00e0 la salle des f\u00eates de Reichstett, place du gymnase. Samedi 26\u00a0avril de 14\u00a0h \u00e0 18\u00a0h, vernissage \u00e0 17\u00a0h, et dimanche 27\u00a0avril de 10\u00a0h \u00e0 18\u00a0h, avec boissons, p\u00e2tisseries et loterie.<\/p>\n<p class=\"note\">Atelier Van Gogh &#8211; Pr\u00e9sident G\u00e9rard Ullmann &#8211; g.ullmann@orange.fr. Les cours ont lieu chaque mardi de\u00a019\u00a0h\u00a0\u00e0\u00a021\u00a0h, de septembre \u00e0 juin, sauf pendant les vacances scolaires. Les s\u00e9ances sont ouvertes \u00e0 tous, quel que soit le niveau. https:\/\/www.latelierdespartages.fr\/<\/p>\n","protected":false},"excerpt":{"rendered":"C\u2019est un rendez-vous qu\u2019ils attendent avec impatience chaque ann\u00e9e. Durant deux jours, \u00e0 l\u2019occasion de leur exposition annuelle&hellip;\n","protected":false},"author":2,"featured_media":53939,"comment_status":"","ping_status":"","sticky":false,"template":"","format":"standard","meta":{"footnotes":""},"categories":[2820],"tags":[1111,11,1687,2880,1777,674,2271,107,1011,27,775,12,7092,25,640,3265],"class_list":{"0":"post-53938","1":"post","2":"type-post","3":"status-publish","4":"format-standard","5":"has-post-thumbnail","7":"category-strasbourg","8":"tag-actu","9":"tag-actualites","10":"tag-culture-loisirs","11":"tag-edition-strasbourg","12":"tag-eu","13":"tag-europe","14":"tag-exposition-arts-plastiques","15":"tag-fil-info","16":"tag-fr","17":"tag-france","18":"tag-grand-est","19":"tag-news","20":"tag-reichstett","21":"tag-republique-francaise","22":"tag-strasbourg","23":"tag-strasbourg-nord"},"share_on_mastodon":{"url":"https:\/\/pubeurope.com\/@fr\/114403336738907673","error":""},"_links":{"self":[{"href":"https:\/\/www.europesays.com\/fr\/wp-json\/wp\/v2\/posts\/53938","targetHints":{"allow":["GET"]}}],"collection":[{"href":"https:\/\/www.europesays.com\/fr\/wp-json\/wp\/v2\/posts"}],"about":[{"href":"https:\/\/www.europesays.com\/fr\/wp-json\/wp\/v2\/types\/post"}],"author":[{"embeddable":true,"href":"https:\/\/www.europesays.com\/fr\/wp-json\/wp\/v2\/users\/2"}],"replies":[{"embeddable":true,"href":"https:\/\/www.europesays.com\/fr\/wp-json\/wp\/v2\/comments?post=53938"}],"version-history":[{"count":0,"href":"https:\/\/www.europesays.com\/fr\/wp-json\/wp\/v2\/posts\/53938\/revisions"}],"wp:featuredmedia":[{"embeddable":true,"href":"https:\/\/www.europesays.com\/fr\/wp-json\/wp\/v2\/media\/53939"}],"wp:attachment":[{"href":"https:\/\/www.europesays.com\/fr\/wp-json\/wp\/v2\/media?parent=53938"}],"wp:term":[{"taxonomy":"category","embeddable":true,"href":"https:\/\/www.europesays.com\/fr\/wp-json\/wp\/v2\/categories?post=53938"},{"taxonomy":"post_tag","embeddable":true,"href":"https:\/\/www.europesays.com\/fr\/wp-json\/wp\/v2\/tags?post=53938"}],"curies":[{"name":"wp","href":"https:\/\/api.w.org\/{rel}","templated":true}]}}