{"id":539380,"date":"2025-11-17T03:10:15","date_gmt":"2025-11-17T03:10:15","guid":{"rendered":"https:\/\/www.europesays.com\/fr\/539380\/"},"modified":"2025-11-17T03:10:15","modified_gmt":"2025-11-17T03:10:15","slug":"rugby-le-rcv-simpose-face-a-grenoble-28-18-au-roazhon-park","status":"publish","type":"post","link":"https:\/\/www.europesays.com\/fr\/539380\/","title":{"rendered":"RUGBY. Le RCV s&rsquo;impose face \u00e0 Grenoble (28-18) au Roazhon Park"},"content":{"rendered":"\n<p style=\"text-align: justify;\">Annonc\u00e9e comme une simple rumeur la saison derni\u00e8re en Top 14, la d\u00e9localisation du RC Vannes est finalement devenue r\u00e9alit\u00e9 lors de cette 11\u1d49 journ\u00e9e de Pro D2. Exit La Rabine, place au Roazhon Park. Le stade rennais, par\u00e9 pour l\u2019occasion du bleu vannetais en lieu et place du traditionnel rouge du SRFC, a plut\u00f4t bien r\u00e9ussi aux Morbihannais. \u00ab On regarde ce qui se fait ailleurs, on sait tr\u00e8s bien que ce n&rsquo;est pas facile de d\u00e9localiser et gagner. C&rsquo;\u00e9tait important ce soir pour le club, ce n&rsquo;\u00e9tait pas un match d\u00e9cisif pour nous, mais important pour le moral \u00bb a r\u00e9agi Jean-No\u00ebl Spitzer, manager g\u00e9n\u00e9ral du RCV.\u00a0<\/p>\n<blockquote>\n<p><strong>D\u00e8s la sortie du bus, c&rsquo;\u00e9tait impressionnant<\/strong> <\/p>\n<\/blockquote>\n<p>\u00a0<\/p>\n<p>Si, sportivement, le RC Vannes n\u2019a jamais vraiment \u00e9t\u00e9 inqui\u00e9t\u00e9 par Grenoble, c\u2019est surtout l\u2019ambiance qui aura marqu\u00e9 cette soir\u00e9e de dimanche. Habitu\u00e9s aux 12 000 voix de La Rabine, les joueurs vannetais ont cette fois \u00e9volu\u00e9 dans une enceinte port\u00e9e par pr\u00e8s de 30 000 supporters.<br data-start=\"349\" data-end=\"352\"\/>\u00ab C\u2019est l\u2019un des plus beaux moments de ma carri\u00e8re \u00bb, confiait le troisi\u00e8me ligne Simon Augry, auteur du premier essai du match.<br data-start=\"480\" data-end=\"483\"\/>Maxime Lafage, l\u2019ouvreur du RCV, n\u2019a pas cach\u00e9 en conf\u00e9rence de presse son envie de revivre une telle exp\u00e9rience : \u00ab C\u2019est un moment qui restera grav\u00e9. Bien s\u00fbr qu\u2019on a envie d\u2019une nouvelle d\u00e9localisation devant autant de supporters. Apr\u00e8s, la d\u00e9cision appartient \u00e0 la direction du club \u00bb. Le RC Vannes retrouvera son stade de La Rabine le 28 novembre pour la r\u00e9ception d&rsquo;Agen (21h).\u00a0<\/p>\n<p>\u00a0<\/p><\/p>\n","protected":false},"excerpt":{"rendered":"Annonc\u00e9e comme une simple rumeur la saison derni\u00e8re en Top 14, la d\u00e9localisation du RC Vannes est finalement&hellip;\n","protected":false},"author":2,"featured_media":539381,"comment_status":"","ping_status":"","sticky":false,"template":"","format":"standard","meta":{"footnotes":""},"categories":[9566],"tags":[1111,11,2430,829,1777,674,1011,27,2731,62271,12,65814,3164,25,7091,479,60,3087],"class_list":{"0":"post-539380","1":"post","2":"type-post","3":"status-publish","4":"format-standard","5":"has-post-thumbnail","7":"category-grenoble","8":"tag-actu","9":"tag-actualites","10":"tag-auvergne-rhone-alpes","11":"tag-bretagne","12":"tag-eu","13":"tag-europe","14":"tag-fr","15":"tag-france","16":"tag-grenoble","17":"tag-la-rabine","18":"tag-news","19":"tag-prod2","20":"tag-rc-vannes","21":"tag-republique-francaise","22":"tag-roazhon-park","23":"tag-rugby","24":"tag-sports","25":"tag-stade-rennais"},"share_on_mastodon":{"url":"https:\/\/pubeurope.com\/@fr\/115562848146850883","error":""},"_links":{"self":[{"href":"https:\/\/www.europesays.com\/fr\/wp-json\/wp\/v2\/posts\/539380","targetHints":{"allow":["GET"]}}],"collection":[{"href":"https:\/\/www.europesays.com\/fr\/wp-json\/wp\/v2\/posts"}],"about":[{"href":"https:\/\/www.europesays.com\/fr\/wp-json\/wp\/v2\/types\/post"}],"author":[{"embeddable":true,"href":"https:\/\/www.europesays.com\/fr\/wp-json\/wp\/v2\/users\/2"}],"replies":[{"embeddable":true,"href":"https:\/\/www.europesays.com\/fr\/wp-json\/wp\/v2\/comments?post=539380"}],"version-history":[{"count":0,"href":"https:\/\/www.europesays.com\/fr\/wp-json\/wp\/v2\/posts\/539380\/revisions"}],"wp:featuredmedia":[{"embeddable":true,"href":"https:\/\/www.europesays.com\/fr\/wp-json\/wp\/v2\/media\/539381"}],"wp:attachment":[{"href":"https:\/\/www.europesays.com\/fr\/wp-json\/wp\/v2\/media?parent=539380"}],"wp:term":[{"taxonomy":"category","embeddable":true,"href":"https:\/\/www.europesays.com\/fr\/wp-json\/wp\/v2\/categories?post=539380"},{"taxonomy":"post_tag","embeddable":true,"href":"https:\/\/www.europesays.com\/fr\/wp-json\/wp\/v2\/tags?post=539380"}],"curies":[{"name":"wp","href":"https:\/\/api.w.org\/{rel}","templated":true}]}}