{"id":539392,"date":"2025-11-17T03:20:17","date_gmt":"2025-11-17T03:20:17","guid":{"rendered":"https:\/\/www.europesays.com\/fr\/539392\/"},"modified":"2025-11-17T03:20:17","modified_gmt":"2025-11-17T03:20:17","slug":"en-gironde-cet-artiste-a-fait-la-premiere-partie-dun-groupe-mythique-du-rap","status":"publish","type":"post","link":"https:\/\/www.europesays.com\/fr\/539392\/","title":{"rendered":"en Gironde, cet artiste a fait la premi\u00e8re partie d\u2019un groupe mythique du rap"},"content":{"rendered":"<p>                    Par<br \/>\n        <strong><br \/>\n            <a href=\"https:\/\/actu.fr\/auteur\/redaction-republicainlangon\" title=\"Consulter tous les articles de R\u00e9daction Le R\u00e9publicain Langon\" target=\"_blank\" rel=\"noopener\">R\u00e9daction Le R\u00e9publicain Langon<\/a><br \/>\n                    <\/strong><\/p>\n<p>        Publi\u00e9 le<\/p>\n<p>            16 nov. 2025 \u00e0 20h00        <\/p>\n<p>Un grand moment. Vendredi 7\u00a0novembre 2025, un habitant de <a href=\"https:\/\/actu.fr\/nouvelle-aquitaine\/beguey_33040\" target=\"_blank\" rel=\"noopener\">B\u00e9guey<\/a>, en <a href=\"https:\/\/actu.fr\/nouvelle-aquitaine\/gironde_33\" target=\"_blank\" rel=\"noopener\">Gironde<\/a>, a jou\u00e9 sur la sc\u00e8ne de l\u2019<b>IBOAT<\/b> \u00e0 <a href=\"https:\/\/actu.fr\/bordeaux\/\" target=\"_blank\" rel=\"noopener\">Bordeaux<\/a>. Cet artiste, c\u2019est <b>Doc X<\/b>. Et il n\u2019a pas jou\u00e9 dans n\u2019importe quel contexte. Il a donn\u00e9 un concert en ouverture d\u2019un <b>groupe de l\u00e9gende<\/b>. En effet, le rappeur sud-girondin, au nom inspir\u00e9 des super-h\u00e9ros de notre enfance, a eu l\u2019honneur de faire la premi\u00e8re partie du groupe <b>La rumeur<\/b>.<\/p>\n<p class=\" wall-content\">L\u2019occasion pour lui de revenir sur son parcours musical construit \u00e0 partir d\u2019amiti\u00e9s, d\u2019amour pour le rap et \u00e0 la gloire de manifestes anti-prise de t\u00eate.<\/p>\n<p>Les d\u00e9buts de Doc X en Gironde<\/p>\n<p class=\" wall-content\">\u00ab\u2009Deux ans apr\u00e8s mon arriv\u00e9e en Gironde, une fois que j\u2019ai pu me stabiliser, g\u00e9rer mon boulot, mes enfants tranquillement en place \u00e0 l\u2019\u00e9cole, j\u2019ai recommenc\u00e9 \u00e0 \u00e9crire tout doucement\u2026\u2009\u00bb, engage Doc X.<\/p>\n<p class=\" wall-content\">Un an apr\u00e8s ce <b>renouveau artistique<\/b>, en 2021, il monte sur sc\u00e8ne \u00e0 l\u2019occasion de retrouvailles avec une vieille connaissance parisienne. Puis rapidement, il recommence pour un concert caritatif au profit de l\u2019association de <b>Pone<\/b>, concepteur musical de la <b>Fonky Family<\/b>.<\/p>\n<p>Un artiste \u00e9nergique sur sc\u00e8ne<\/p>\n<p class=\" wall-content\"><a href=\"https:\/\/www.youtube.com\/channel\/UCVw9bDDacBzTeDE-VU6Lo2w\" target=\"_blank\" rel=\"noopener\">Doc X<\/a>, dot\u00e9 d\u2019une \u00e9nergie hors norme et sans limite sur sc\u00e8ne comme dans la vie de tous les jours, a \u00e9galement un <b>esprit cr\u00e9atif<\/b> qui ne s\u2019arr\u00eate jamais.<\/p>\n<p>Vid\u00e9os : en ce moment sur Actu<\/p>\n<p class=\" wall-content\">De plus, il sait s\u2019appuyer sur les comp\u00e9tences techniques et humaines de chacun. Pour cr\u00e9er un son qui marque les esprits et sait <b>faire bouger un maximum <\/b>de monde\u2009:<\/p>\n<blockquote class=\"ac-article-quote wall-content\">\n<p>Je travaille en solo pour l\u2019\u00e9criture. Mais la prod et le mix sont laiss\u00e9s aux soins de ceux qui savent le faire.<\/p>\n<p>Doc X<\/p><\/blockquote>\n<p>Votre r\u00e9gion, votre actu !<\/p>\n<p>Recevez chaque jour les infos qui comptent pour vous.<\/p>\n<p>\t<a href=\"https:\/\/actu.fr\/newsletter\" class=\"ac-btn ac-btn--corner ac-btn--medium ac-btn--blue800\" target=\"_blank\" rel=\"noopener\">S&rsquo;incrire<\/a><\/p>\n<p class=\" wall-content\">Pour la production des parties instrumentales, il sollicite des <b>beatmakers<\/b>. Ou bien ce sont eux qui le contactent et lui proposent leurs beats. \u00ab\u2009Pour le mix, tout d\u00e9pend du projet sur lequel je travaille\u2009\u00bb, compl\u00e8te le rappeur.<\/p>\n<p>    <img   decoding=\"async\" loading=\"lazy\" class=\"size-large\" src=\"https:\/\/www.europesays.com\/fr\/wp-content\/uploads\/2025\/11\/f79e2a4b11a56cb9e2a4b11a58f9e2v-960x640.jpg\" alt=\"Dans un clip de rap tourn\u00e9 en d\u00e9cembre 2023, on d\u00e9couvre Cadillac, Portets et B\u00e9guey (Gironde) version ann\u00e9es 70.\" width=\"960\" height=\"640\"\/><br \/>\n    Dans un clip de Doc X tourn\u00e9 en d\u00e9cembre\u00a02023, on d\u00e9couvrait Cadillac, Portets et B\u00e9guey (Gironde) \u00e0 la mode des ann\u00e9es 70. \u00a9Capture d\u2019\u00e9cran du clip<\/p>\n<p class=\" wall-content\">Dans ses textes, Doc X dit ce qu\u2019il pense, ressent, et fait part de ses <b>convictions philosophiques<\/b> et soci\u00e9tales. \u00ab\u2009Mais jamais en me prenant trop au s\u00e9rieux\u2009\u00bb, pr\u00e9cise-t-il.<\/p>\n<blockquote class=\"ac-article-quote wall-content\">\n<p>Dans la vie, je rigole beaucoup, je plaisante souvent, s\u2019il y a quelque chose que je veux faire ressentir en premier dans ma musique, c\u2019est cette l\u00e9g\u00e8ret\u00e9.<\/p>\n<p>Doc X<\/p><\/blockquote>\n<p class=\" wall-content\">Une philosophie qu\u2019il applique au quotidien\u2009: \u00ab\u2009La vie peut \u00eatre assez dure pour les gens. Donc j\u2019aime sourire et faire sourire, en faisant passer mes messages. Ceci est d\u00e9j\u00e0 un message en soi\u2026 D\u00e9tends-toi, de toute fa\u00e7on, on va tous mourir hein, alors autant se marrer en attendant.\u2009\u00bb<\/p>\n<p>Les influences de Doc X<\/p>\n<p class=\" wall-content\">Ses influences\u2009? Le <b>rap am\u00e9ricain, puis fran\u00e7ais\u2026<\/b> mais la musique est inn\u00e9e chez lui\u2009: \u00ab\u2009Depuis le ventre de ma m\u00e8re, j\u2019ai \u00e9t\u00e9 baign\u00e9 dans la salsa, le zouk, les musiques afro-carib\u00e9ennes, le kompa\u2026\u2009\u00bb<\/p>\n<blockquote class=\"ac-article-quote wall-content\">\n<p>Les artistes les plus marquants pour moi sont Oscar D\u2019Leon, Ruben Blades, Willie Collon, Juan Luis Guerra, Kassav et Malavoi. D\u2019ailleurs, je les \u00e9coute encore.<\/p>\n<p>Doc X<\/p><\/blockquote>\n<p class=\" wall-content\">Avec un tel parcours, Doc X \u00e9tait donc <b>destin\u00e9 \u00e0 monter sur sc\u00e8ne<\/b>. Mais faire la premi\u00e8re partie du groupe de l\u00e9gende La rumeur, c\u2019est arriv\u00e9 comment\u2009?<\/p>\n<p>L\u2019heure de gloire sur la sc\u00e8ne de l\u2019Iboat<\/p>\n<p class=\" wall-content\">S\u2019il en est arriv\u00e9 l\u00e0, c\u2019est gr\u00e2ce \u00e0 un ami\u2009: \u00ab\u2009Franck Da Cockroach, qui m\u2019a fait remonter sur sc\u00e8ne en 2021, m\u2019a connect\u00e9 avec La Rumeur et l\u2019Iboat. Les gars de La Rumeur ont fait confiance \u00e0 Franck et ont valid\u00e9 ma participation. Voici comment, encore une fois, il me fait un cadeau.\u2009\u00bb<\/p>\n<blockquote class=\"ac-article-quote wall-content\">\n<p>La Rumeur sont des po\u00e8tes urbains avec une mine tr\u00e8s aff\u00fbt\u00e9e et acerbe.<\/p>\n<p>Doc X<\/p><\/blockquote>\n<p class=\" wall-content\">Pour ses projets \u00e0 venir, Doc X<b> travaille sur un EP<\/b> avec Yuno Watt, \u00ab\u2009un vieux pote qui lui aussi a migr\u00e9 dans le Sud Ouest. D\u00e9cid\u00e9ment, elle est trop chouette cette r\u00e9gion\u2009\u00bb.<\/p>\n<p class=\" wall-content\">Le projet devrait \u00eatre boucl\u00e9 pour la fin 2025 et devrait sortir au premier trimestre 2026.<\/p>\n<p class=\" wall-content\">Personnalisez votre actualit\u00e9 en ajoutant vos villes et m\u00e9dias en favori avec <a href=\"https:\/\/moncompte.actu.fr\" title=\"D\u00e9couvez Mon Actu\" rel=\"nofollow noopener\" data-trk=\"{&quot;cta&quot;:{&quot;action&quot;:&quot;https:\\\/\\\/moncompte.actu.fr&quot;,&quot;category&quot;:&quot;mon compte&quot;,&quot;from&quot;:&quot;article footer&quot;,&quot;name&quot;:&quot;Mon actu&quot;,&quot;type&quot;:&quot;cta&quot;}}\" target=\"_blank\">Mon Actu<\/a>.<\/p>\n","protected":false},"excerpt":{"rendered":"Par R\u00e9daction Le R\u00e9publicain Langon Publi\u00e9 le 16 nov. 2025 \u00e0 20h00 Un grand moment. Vendredi 7\u00a0novembre 2025,&hellip;\n","protected":false},"author":2,"featured_media":539393,"comment_status":"","ping_status":"","sticky":false,"template":"","format":"standard","meta":{"footnotes":""},"categories":[2817],"tags":[1111,11,1997,1697,1777,674,1011,27,1652,873,12,2219,3616,25],"class_list":{"0":"post-539392","1":"post","2":"type-post","3":"status-publish","4":"format-standard","5":"has-post-thumbnail","7":"category-bordeaux","8":"tag-actu","9":"tag-actualites","10":"tag-bordeaux","11":"tag-concert","12":"tag-eu","13":"tag-europe","14":"tag-fr","15":"tag-france","16":"tag-loisirs-culture","17":"tag-musique","18":"tag-news","19":"tag-nouvelle-aquitaine","20":"tag-rap","21":"tag-republique-francaise"},"share_on_mastodon":{"url":"https:\/\/pubeurope.com\/@fr\/115562887662850817","error":""},"_links":{"self":[{"href":"https:\/\/www.europesays.com\/fr\/wp-json\/wp\/v2\/posts\/539392","targetHints":{"allow":["GET"]}}],"collection":[{"href":"https:\/\/www.europesays.com\/fr\/wp-json\/wp\/v2\/posts"}],"about":[{"href":"https:\/\/www.europesays.com\/fr\/wp-json\/wp\/v2\/types\/post"}],"author":[{"embeddable":true,"href":"https:\/\/www.europesays.com\/fr\/wp-json\/wp\/v2\/users\/2"}],"replies":[{"embeddable":true,"href":"https:\/\/www.europesays.com\/fr\/wp-json\/wp\/v2\/comments?post=539392"}],"version-history":[{"count":0,"href":"https:\/\/www.europesays.com\/fr\/wp-json\/wp\/v2\/posts\/539392\/revisions"}],"wp:featuredmedia":[{"embeddable":true,"href":"https:\/\/www.europesays.com\/fr\/wp-json\/wp\/v2\/media\/539393"}],"wp:attachment":[{"href":"https:\/\/www.europesays.com\/fr\/wp-json\/wp\/v2\/media?parent=539392"}],"wp:term":[{"taxonomy":"category","embeddable":true,"href":"https:\/\/www.europesays.com\/fr\/wp-json\/wp\/v2\/categories?post=539392"},{"taxonomy":"post_tag","embeddable":true,"href":"https:\/\/www.europesays.com\/fr\/wp-json\/wp\/v2\/tags?post=539392"}],"curies":[{"name":"wp","href":"https:\/\/api.w.org\/{rel}","templated":true}]}}