{"id":539415,"date":"2025-11-17T03:37:17","date_gmt":"2025-11-17T03:37:17","guid":{"rendered":"https:\/\/www.europesays.com\/fr\/539415\/"},"modified":"2025-11-17T03:37:17","modified_gmt":"2025-11-17T03:37:17","slug":"guerre-en-ukraine-en-direct-%e2%88%92-des-frappes-russes-font-au-moins-trois-morts-dans-lest-de-lukraine","status":"publish","type":"post","link":"https:\/\/www.europesays.com\/fr\/539415\/","title":{"rendered":"Guerre en Ukraine, en direct \u2212 Des frappes russes font au moins trois morts dans l&rsquo;est de l&rsquo;Ukraine"},"content":{"rendered":"<p>      L&rsquo;essentiel<\/p>\n<p><strong>Offensive.<\/strong> L&rsquo;arm\u00e9e russe a revendiqu\u00e9 dimanche la prise de deux villages dans la r\u00e9gion de Zaporijjia, dans le sud de l&rsquo;Ukraine, o\u00f9 elle avait d\u00e9j\u00e0 annonc\u00e9 cette semaine la prise de deux autres localit\u00e9s. Outre les combats sur le front, la Russie continue de pilonner les infrastructures \u00e9nerg\u00e9tiques sur l&rsquo;ensemble du territoire ukrainien avec des missiles et des drones.<\/p>\n<p><strong>R\u00e9ponse ukrainienne.<\/strong> De son c\u00f4t\u00e9, Kiev a annonc\u00e9 samedi sur les r\u00e9seaux sociaux avoir attaqu\u00e9 une raffinerie russe pr\u00e8s de Moscou, dans la r\u00e9gion de Riazan. Une op\u00e9ration lanc\u00e9e \u00abdans le cadre des efforts visant \u00e0 r\u00e9duire la capacit\u00e9 de l&rsquo;ennemi \u00e0 lancer des missiles et des bombes\u00bb.<\/p>\n<p><strong>Aide.<\/strong> La Gr\u00e8ce va livrer du gaz naturel liqu\u00e9fi\u00e9 (GNL) am\u00e9ricain \u00e0 l&rsquo;Ukraine cet hiver alors que les infrastructures gazi\u00e8res ukrainiennes ont \u00e9t\u00e9 la cible de frappes russes, ont annonc\u00e9 dimanche les dirigeants des deux pays \u00e0 Ath\u00e8nes.<\/p>\n","protected":false},"excerpt":{"rendered":"L&rsquo;essentiel Offensive. L&rsquo;arm\u00e9e russe a revendiqu\u00e9 dimanche la prise de deux villages dans la r\u00e9gion de Zaporijjia, dans&hellip;\n","protected":false},"author":2,"featured_media":539416,"comment_status":"","ping_status":"","sticky":false,"template":"","format":"standard","meta":{"footnotes":""},"categories":[1591],"tags":[11,674,1887,4438,12,1885,1886,132,220],"class_list":{"0":"post-539415","1":"post","2":"type-post","3":"status-publish","4":"format-standard","5":"has-post-thumbnail","7":"category-russie","8":"tag-actualites","9":"tag-europe","10":"tag-federation-de-russie","11":"tag-free","12":"tag-news","13":"tag-russia","14":"tag-russian-federation","15":"tag-russie","16":"tag-ukraine"},"share_on_mastodon":{"url":"https:\/\/pubeurope.com\/@fr\/115562954554221562","error":""},"_links":{"self":[{"href":"https:\/\/www.europesays.com\/fr\/wp-json\/wp\/v2\/posts\/539415","targetHints":{"allow":["GET"]}}],"collection":[{"href":"https:\/\/www.europesays.com\/fr\/wp-json\/wp\/v2\/posts"}],"about":[{"href":"https:\/\/www.europesays.com\/fr\/wp-json\/wp\/v2\/types\/post"}],"author":[{"embeddable":true,"href":"https:\/\/www.europesays.com\/fr\/wp-json\/wp\/v2\/users\/2"}],"replies":[{"embeddable":true,"href":"https:\/\/www.europesays.com\/fr\/wp-json\/wp\/v2\/comments?post=539415"}],"version-history":[{"count":0,"href":"https:\/\/www.europesays.com\/fr\/wp-json\/wp\/v2\/posts\/539415\/revisions"}],"wp:featuredmedia":[{"embeddable":true,"href":"https:\/\/www.europesays.com\/fr\/wp-json\/wp\/v2\/media\/539416"}],"wp:attachment":[{"href":"https:\/\/www.europesays.com\/fr\/wp-json\/wp\/v2\/media?parent=539415"}],"wp:term":[{"taxonomy":"category","embeddable":true,"href":"https:\/\/www.europesays.com\/fr\/wp-json\/wp\/v2\/categories?post=539415"},{"taxonomy":"post_tag","embeddable":true,"href":"https:\/\/www.europesays.com\/fr\/wp-json\/wp\/v2\/tags?post=539415"}],"curies":[{"name":"wp","href":"https:\/\/api.w.org\/{rel}","templated":true}]}}