{"id":539419,"date":"2025-11-17T03:39:14","date_gmt":"2025-11-17T03:39:14","guid":{"rendered":"https:\/\/www.europesays.com\/fr\/539419\/"},"modified":"2025-11-17T03:39:14","modified_gmt":"2025-11-17T03:39:14","slug":"retour-a-la-normale-les-etats-unis-levent-les-restrictions-sur-les-vols-decides-lors-du-shutdown","status":"publish","type":"post","link":"https:\/\/www.europesays.com\/fr\/539419\/","title":{"rendered":"\u00ab Retour \u00e0 la normale \u00bb : les Etats-Unis l\u00e8vent les restrictions sur les vols d\u00e9cid\u00e9s lors du shutdown"},"content":{"rendered":"<p class=\"paragraph text_align_left lp-f-body-02\">Le r\u00e9gulateur am\u00e9ricain de l\u2019aviation (FAA) a annonc\u00e9 dimanche soir mettre fin, \u00e0 compter de lundi, aux r\u00e9ductions de vols d\u00e9cid\u00e9es lors de la paralysie budg\u00e9taire pour pallier l\u2019absence de contr\u00f4leurs a\u00e9riens. \u00ab Cela signifie que les op\u00e9rations normales peuvent reprendre dans l\u2019ensemble de l\u2019espace a\u00e9rien national \u00bb \u00e0 partir de 6H00 lundi \u00e0 Washington (10H00 GMT), a \u00e9crit la FAA dans un communiqu\u00e9.<\/p>\n<p class=\"paragraph text_align_left lp-f-body-02\">Le 7 novembre, une r\u00e9duction de 10% des vols domestiques dans 40 des a\u00e9roports les plus fr\u00e9quent\u00e9s du pays avait \u00e9t\u00e9 impos\u00e9e face au manque de personnel dans les tours de contr\u00f4le. En pleine paralysie budg\u00e9taire, il \u00e9tait demand\u00e9 \u00e0 ces fonctionnaires de travailler sans \u00eatre pay\u00e9. Plusieurs milliers de vols avaient \u00e9t\u00e9 annul\u00e9s avant que les restrictions ne soient all\u00e9g\u00e9es progressivement.<\/p>\n<p class=\"paragraph text_align_left lp-f-body-02\">Malgr\u00e9 la fin du plus long \u00ab <a href=\"https:\/\/www.leparisien.fr\/international\/etats-unis\/stupide-et-inutile-les-etats-unis-mettent-fin-a-six-semaines-de-shutdown-apres-un-vote-au-congres-13-11-2025-TO6WBTAATNCYXGVFIGB7ZGLLOE.php\" target=\"_blank\" rel=\"noreferrer nofollow noopener\">shutdown<\/a> \u00bb de l\u2019histoire des Etats-Unis mercredi, le seuil des r\u00e9ductions \u00e9tait encore fix\u00e9 \u00e0 3% ce weekend. Mais la FAA a expliqu\u00e9 dimanche avoir observ\u00e9 des compagnies a\u00e9riennes n\u2019ayant pas respect\u00e9 ces quotas. Gr\u00e2ce \u00e0 la fin de ces limitations, \u00ab nous pouvons d\u00e9sormais recentrer nos efforts sur le recrutement massif de contr\u00f4leurs et la mise en place du tout nouveau syst\u00e8me de contr\u00f4le du trafic a\u00e9rien \u00bb, a dit le ministre am\u00e9ricain des Transports Sean Duffy, cit\u00e9 dans le communiqu\u00e9.<\/p>\n<p class=\"paragraph text_align_left lp-f-body-02\">Le retour \u00e0 la normale va intervenir juste avant les grands d\u00e9parts pour les festivit\u00e9s de Thanksgiving, rendez-vous familial incontournable des Am\u00e9ricains le 27 novembre. Un record de passagers a\u00e9riens est attendu.<\/p>\n","protected":false},"excerpt":{"rendered":"Le r\u00e9gulateur am\u00e9ricain de l\u2019aviation (FAA) a annonc\u00e9 dimanche soir mettre fin, \u00e0 compter de lundi, aux r\u00e9ductions&hellip;\n","protected":false},"author":2,"featured_media":539420,"comment_status":"","ping_status":"","sticky":false,"template":"","format":"standard","meta":{"footnotes":""},"categories":[1589],"tags":[11,73,1866,14,12,1864,1865,1863,308],"class_list":{"0":"post-539419","1":"post","2":"type-post","3":"status-publish","4":"format-standard","5":"has-post-thumbnail","7":"category-etats-unis","8":"tag-actualites","9":"tag-etats-unis","10":"tag-etats-unis-damerique","11":"tag-international","12":"tag-news","13":"tag-united-states","14":"tag-united-states-of-america","15":"tag-us","16":"tag-usa"},"share_on_mastodon":{"url":"https:\/\/pubeurope.com\/@fr\/115562962432129376","error":""},"_links":{"self":[{"href":"https:\/\/www.europesays.com\/fr\/wp-json\/wp\/v2\/posts\/539419","targetHints":{"allow":["GET"]}}],"collection":[{"href":"https:\/\/www.europesays.com\/fr\/wp-json\/wp\/v2\/posts"}],"about":[{"href":"https:\/\/www.europesays.com\/fr\/wp-json\/wp\/v2\/types\/post"}],"author":[{"embeddable":true,"href":"https:\/\/www.europesays.com\/fr\/wp-json\/wp\/v2\/users\/2"}],"replies":[{"embeddable":true,"href":"https:\/\/www.europesays.com\/fr\/wp-json\/wp\/v2\/comments?post=539419"}],"version-history":[{"count":0,"href":"https:\/\/www.europesays.com\/fr\/wp-json\/wp\/v2\/posts\/539419\/revisions"}],"wp:featuredmedia":[{"embeddable":true,"href":"https:\/\/www.europesays.com\/fr\/wp-json\/wp\/v2\/media\/539420"}],"wp:attachment":[{"href":"https:\/\/www.europesays.com\/fr\/wp-json\/wp\/v2\/media?parent=539419"}],"wp:term":[{"taxonomy":"category","embeddable":true,"href":"https:\/\/www.europesays.com\/fr\/wp-json\/wp\/v2\/categories?post=539419"},{"taxonomy":"post_tag","embeddable":true,"href":"https:\/\/www.europesays.com\/fr\/wp-json\/wp\/v2\/tags?post=539419"}],"curies":[{"name":"wp","href":"https:\/\/api.w.org\/{rel}","templated":true}]}}