{"id":539421,"date":"2025-11-17T03:40:36","date_gmt":"2025-11-17T03:40:36","guid":{"rendered":"https:\/\/www.europesays.com\/fr\/539421\/"},"modified":"2025-11-17T03:40:36","modified_gmt":"2025-11-17T03:40:36","slug":"dans-les-coulisses-video-des-fiancailles-de-william-et-kate-il-y-a-15-ans","status":"publish","type":"post","link":"https:\/\/www.europesays.com\/fr\/539421\/","title":{"rendered":"Dans les coulisses vid\u00e9o des fian\u00e7ailles de William et Kate, il y a 15 ans"},"content":{"rendered":"<p>Bienvenue dans <strong>l\u2019envers du d\u00e9cor d\u2019un jour historique<\/strong>. Un monde dans lequel la jeune roturi\u00e8re <a target=\"_blank\" href=\"https:\/\/www.pointdevue.fr\/grand-angle\/biographies\/kate-middleton\" rel=\"nofollow noopener\">Kate Middleton<\/a>, qui a beau tenter de garder son calme et pr\u00e9server les apparences, est en r\u00e9alit\u00e9 <strong>dans tous ses \u00e9tats<\/strong>. Et comme on la comprend\u00a0! \u00c0 ses c\u00f4t\u00e9s, le <a target=\"_blank\" href=\"https:\/\/www.pointdevue.fr\/grand-angle\/biographies\/prince-william\" rel=\"nofollow noopener\">prince William<\/a> se veut dr\u00f4le et rassurant. \u00ab\u00a0<strong>Et\u2026 respiiiire<\/strong>\u00a0\u00bb lui conseille-t-il avec de grands gestes, non d\u00e9nu\u00e9s d&rsquo;une certaine moquerie. \u00ab\u00a0Je ne suis pas tr\u00e8s dou\u00e9e pour \u00e7a\u00a0\u00bb r\u00e9pond-elle dans un rire nerveux.<\/p>\n<p>Ce jour d\u2019automne 2010, il y a 15 ans exactement, le petit-fils d&rsquo;<a target=\"_blank\" href=\"https:\/\/www.pointdevue.fr\/grand-angle\/biographies\/elisabeth-ii\" rel=\"nofollow noopener\">\u00c9lisabeth II<\/a>, fils a\u00een\u00e9 de <a target=\"_blank\" href=\"https:\/\/www.pointdevue.fr\/grand-angle\/biographies\/charles-iii\" rel=\"nofollow noopener\">Charles<\/a> et <a target=\"_blank\" href=\"https:\/\/www.pointdevue.fr\/grand-angle\/biographies\/diana-spencer\" rel=\"nofollow noopener\">Diana<\/a>, faisait officiellement de Kate sa future \u00e9pouse. Apr\u00e8s <a target=\"_blank\" href=\"https:\/\/www.pointdevue.fr\/royal\/royaume-uni\/en-images-kate-et-william-deja-10-ans-de-fiancailles\" rel=\"nofollow noopener\">l\u2019annonce des fian\u00e7ailles<\/a> tant attendues \u00e0 la presse via un communiqu\u00e9, <strong>le couple donnait depuis le palais St James sa premi\u00e8re interview commune<\/strong>. Et m\u00eame la premi\u00e8re tout court pour celle qui, en disant oui, savait qu\u2019elle embrassait un destin extraordinaire <a target=\"_blank\" href=\"https:\/\/www.pointdevue.fr\/royal\/royaume-uni\/kate-la-consecration-dune-future-reine\" rel=\"nofollow noopener\">qui ferait un jour d\u2019elle une reine<\/a>.<\/p>\n<p>\u00ab\u00a0Est-ce que je peux enlever ce coussin\u00a0?\u00a0\u00bb demande-t-elle d\u2019une petite voix, de peur de ruiner le cadrage, peu avant que ne r\u00e9sonne clap. \u00ab\u00a0Bien s\u00fbr\u00a0\u00bb r\u00e9pond la production. <strong>\u00ab\u00a0Mets-toi \u00e0 l\u2019aise oui, \u00e7a pourrait durer\u00a0\u00bb<\/strong> insiste alors William pour remuer le couteau dans la plaie, un sourire en coin.<\/p>\n<p><img decoding=\"async\" src=\"https:\/\/www.europesays.com\/fr\/wp-content\/uploads\/2025\/11\/STAR_STAR_387544_006LCUy7d8IfV.jpg\" alt=\"Un prince heureux et une future princesse nerveuse, le 16 novembre 2010.\"\/><strong>Un prince heureux et une future princesse nerveuse, le 16 novembre 2010.<\/strong> \u00a9 Visual \/ Starface\u00a0\u00bbVous \u00eates superbe !\u00a0\u00bb<\/p>\n<p>Face \u00e0 William et Kate ce jour-l\u00e0, le journaliste britannique Tom Bradby, presque un intime des Windsor, s\u2019appr\u00eate \u00e0 interroger le couple sur <strong>sa rencontre, la naissance de leur amour<\/strong> et l\u2019annonce de <a target=\"_blank\" href=\"https:\/\/www.pointdevue.fr\/royal\/royaume-uni\/william-et-kate-le-mariage-du-siecle\" rel=\"nofollow noopener\">leur mariage<\/a>. Un moment historique pour eux trois, mais aussi pour toute une nation.<\/p>\n<p>\u00ab\u00a0Vous \u00eates superbe\u00a0\u00bb, lance le journaliste \u00e0 l\u2019arriv\u00e9e du couple. \u00ab\u00a0Merci !\u00a0\u00bb r\u00e9pond William avant d\u2019ajouter, taquin comme toujours\u00a0: \u00ab\u00a0Ah ce n\u2019\u00e9tait pas pour moi\u00a0?\u00a0\u00bb. <strong>Une tentative toute britannique de d\u00e9tendre l&rsquo;atmosph\u00e8re<\/strong>&#8230;\u00a0<\/p>\n<p><strong>Ces images \u00ab\u00a0off\u00a0\u00bb des coulisses de leur entretien<\/strong> n\u2019ont bien s\u00fbr vu le jour pas imm\u00e9diatement. Elles n\u2019ont \u00e9t\u00e9 d\u00e9voil\u00e9es que plusieurs ann\u00e9es plus tard, dans le documentaire William &amp; Kate: In Their Own Words, diffus\u00e9 sur ITV. Mais chaque ann\u00e9e, pour l\u2019anniversaire de leurs fian\u00e7ailles, elles font le bonheur (un brin nostalgique) des fans d\u2019histoires d\u2019amour princi\u00e8res.<\/p>\n<p>Lire aussi &gt;&gt; <a target=\"_blank\" href=\"https:\/\/www.pointdevue.fr\/royal\/royaume-uni\/les-cinq-raisons-de-lamour-indestructible-de-william-et-kate\" rel=\"nofollow noopener\">Les cinq raisons de l\u2019amour indestructible de William et Kate<\/a><\/p>\n","protected":false},"excerpt":{"rendered":"Bienvenue dans l\u2019envers du d\u00e9cor d\u2019un jour historique. Un monde dans lequel la jeune roturi\u00e8re Kate Middleton, qui&hellip;\n","protected":false},"author":2,"featured_media":539422,"comment_status":"","ping_status":"","sticky":false,"template":"","format":"standard","meta":{"footnotes":""},"categories":[1588],"tags":[11,1777,674,12,473,1853,1851,1850,1852],"class_list":{"0":"post-539421","1":"post","2":"type-post","3":"status-publish","4":"format-standard","5":"has-post-thumbnail","7":"category-royaume-uni","8":"tag-actualites","9":"tag-eu","10":"tag-europe","11":"tag-news","12":"tag-royaume-uni","13":"tag-royaume-uni-de-grande-bretagne-et-dirlande-du-nord","14":"tag-uk","15":"tag-united-kingdom","16":"tag-united-kingdom-of-great-britain-and-northern-ireland"},"share_on_mastodon":{"url":"https:\/\/pubeurope.com\/@fr\/115562966763007376","error":""},"_links":{"self":[{"href":"https:\/\/www.europesays.com\/fr\/wp-json\/wp\/v2\/posts\/539421","targetHints":{"allow":["GET"]}}],"collection":[{"href":"https:\/\/www.europesays.com\/fr\/wp-json\/wp\/v2\/posts"}],"about":[{"href":"https:\/\/www.europesays.com\/fr\/wp-json\/wp\/v2\/types\/post"}],"author":[{"embeddable":true,"href":"https:\/\/www.europesays.com\/fr\/wp-json\/wp\/v2\/users\/2"}],"replies":[{"embeddable":true,"href":"https:\/\/www.europesays.com\/fr\/wp-json\/wp\/v2\/comments?post=539421"}],"version-history":[{"count":0,"href":"https:\/\/www.europesays.com\/fr\/wp-json\/wp\/v2\/posts\/539421\/revisions"}],"wp:featuredmedia":[{"embeddable":true,"href":"https:\/\/www.europesays.com\/fr\/wp-json\/wp\/v2\/media\/539422"}],"wp:attachment":[{"href":"https:\/\/www.europesays.com\/fr\/wp-json\/wp\/v2\/media?parent=539421"}],"wp:term":[{"taxonomy":"category","embeddable":true,"href":"https:\/\/www.europesays.com\/fr\/wp-json\/wp\/v2\/categories?post=539421"},{"taxonomy":"post_tag","embeddable":true,"href":"https:\/\/www.europesays.com\/fr\/wp-json\/wp\/v2\/tags?post=539421"}],"curies":[{"name":"wp","href":"https:\/\/api.w.org\/{rel}","templated":true}]}}