{"id":539423,"date":"2025-11-17T03:41:33","date_gmt":"2025-11-17T03:41:33","guid":{"rendered":"https:\/\/www.europesays.com\/fr\/539423\/"},"modified":"2025-11-17T03:41:33","modified_gmt":"2025-11-17T03:41:33","slug":"football-qualif-coupe-du-monde-le-resume-de-luxembourg-allemagne-lequipe","status":"publish","type":"post","link":"https:\/\/www.europesays.com\/fr\/539423\/","title":{"rendered":"Football &#8211; Qualif. Coupe du monde : Le r\u00e9sum\u00e9 de Luxembourg &#8211; Allemagne &#8211; L&#039;\u00c9quipe"},"content":{"rendered":"<ol>\n<li><a href=\"https:\/\/news.google.com\/rss\/articles\/CBMipAFBVV95cUxNUHZRTThJV19vVDNzbUhPLVZMRWNadC00YkFVNFMySGhUTDdxMXRETnRYYmFhMmJPSHZEOWNZNE1GX2N1Sl85S2o4Y0dLZkJyY2s0U09LQTV4S1lhUUpuTGZ2YkJGTURxaWw5UzlUSldmTUNka3NzMjBQdGl5M3o2RHBNUWlCY1h1SzVOZDYyNVZUZGJSaUxCbDgwcnVvYmlES0N3cA?oc=5\" target=\"_blank\" rel=\"nofollow noopener\">Football &#8211; Qualif. Coupe du monde : Le r\u00e9sum\u00e9 de Luxembourg &#8211; Allemagne<\/a>&nbsp;&nbsp;L&rsquo;\u00c9quipe<\/li>\n<li><a href=\"https:\/\/news.google.com\/rss\/articles\/CBMikwJBVV95cUxOUDVYRVgwY0xfYkJYMEY4dXlVcVFOdFVOWFhTWEFhOGIxQWR0Q0s2TFBvdVhrVkoybm1qWTM5VkJnMEgybGlSN2NJcU1Pc244MnNINlpnbEtwSjYyWEY4RzNJX0h5MlJGLW9PNUZTM19XWFlqYkZNT1NpbnYweDlZZjQ3WE9GaWs4ZDVIaVZhWHFxSjRxX3M1N092NEVQUm1RNFE0TDlvNVZ1UDlYTmh1U1hVTHlGS1QtZ25UY0J2Z3RMMW9wdnpIbTVtbzJFQ1lsRHcteHN4a1JtUU1YRDJNRmdpX19RWnY2SzlPUGEwbXNkaGdHTjNjbFpHSW1TdVZrSzR2UGJ3Z0RLZXkzVTltWGFZNA?oc=5\" target=\"_blank\" rel=\"nofollow noopener\">L&rsquo;Allemagne s&rsquo;impose au Luxembourg gr\u00e2ce \u00e0 un doubl\u00e9 de Nick Woltemade et jouera son billet pour la Coupe du monde face \u00e0 la Slovaquie<\/a>&nbsp;&nbsp;L&rsquo;\u00c9quipe<\/li>\n<li><a href=\"https:\/\/news.google.com\/rss\/articles\/CBMi3AFBVV95cUxQREZqRzBXWktBa0hNWDV3b2FKcmJ2NmN0cTJuaHJlVUhqMnUtYmljN0R1eWFvTm9yUTlzOVU4OUlna0FUaDVqaUt0dkxYSTJkeFZtNjJpZ19ubDk5RzRVc0VyLTdTOWtMNzRrOFdwdHFjRUhIcDNvQl9tNmc4elo5YzZVOUlNS0p6ajFBMDhXdC1qNWxNZ1Jvb1pMaVNHQm43VDR4aWpyX3l4OXJvRTRkUXhnQkZkTXAwZTJ5LVBGOUxGMFcyZi1ZaVpjblRpcV9zR0d1Z1hSWEdmaGQ3?oc=5\" target=\"_blank\" rel=\"nofollow noopener\">Coupe du monde 2026 : vainqueur au Luxembourg, l\u2019Allemagne garde son destin en main<\/a>&nbsp;&nbsp;Le Figaro<\/li>\n<\/ol>\n","protected":false},"excerpt":{"rendered":"Football &#8211; Qualif. Coupe du monde : Le r\u00e9sum\u00e9 de Luxembourg &#8211; Allemagne&nbsp;&nbsp;L&rsquo;\u00c9quipe L&rsquo;Allemagne s&rsquo;impose au Luxembourg gr\u00e2ce&hellip;\n","protected":false},"author":2,"featured_media":539424,"comment_status":"","ping_status":"","sticky":false,"template":"","format":"standard","meta":{"footnotes":""},"categories":[1587],"tags":[11,672,1804,1805,1803,1777,674,1801,12,1802],"class_list":{"0":"post-539423","1":"post","2":"type-post","3":"status-publish","4":"format-standard","5":"has-post-thumbnail","7":"category-allemagne","8":"tag-actualites","9":"tag-allemagne","10":"tag-bundesrepublik-deutschland","11":"tag-de","12":"tag-deutschland","13":"tag-eu","14":"tag-europe","15":"tag-germany","16":"tag-news","17":"tag-republique-federale-dallemagne"},"share_on_mastodon":{"url":"https:\/\/pubeurope.com\/@fr\/115562970147296619","error":""},"_links":{"self":[{"href":"https:\/\/www.europesays.com\/fr\/wp-json\/wp\/v2\/posts\/539423","targetHints":{"allow":["GET"]}}],"collection":[{"href":"https:\/\/www.europesays.com\/fr\/wp-json\/wp\/v2\/posts"}],"about":[{"href":"https:\/\/www.europesays.com\/fr\/wp-json\/wp\/v2\/types\/post"}],"author":[{"embeddable":true,"href":"https:\/\/www.europesays.com\/fr\/wp-json\/wp\/v2\/users\/2"}],"replies":[{"embeddable":true,"href":"https:\/\/www.europesays.com\/fr\/wp-json\/wp\/v2\/comments?post=539423"}],"version-history":[{"count":0,"href":"https:\/\/www.europesays.com\/fr\/wp-json\/wp\/v2\/posts\/539423\/revisions"}],"wp:featuredmedia":[{"embeddable":true,"href":"https:\/\/www.europesays.com\/fr\/wp-json\/wp\/v2\/media\/539424"}],"wp:attachment":[{"href":"https:\/\/www.europesays.com\/fr\/wp-json\/wp\/v2\/media?parent=539423"}],"wp:term":[{"taxonomy":"category","embeddable":true,"href":"https:\/\/www.europesays.com\/fr\/wp-json\/wp\/v2\/categories?post=539423"},{"taxonomy":"post_tag","embeddable":true,"href":"https:\/\/www.europesays.com\/fr\/wp-json\/wp\/v2\/tags?post=539423"}],"curies":[{"name":"wp","href":"https:\/\/api.w.org\/{rel}","templated":true}]}}