{"id":539427,"date":"2025-11-17T03:43:23","date_gmt":"2025-11-17T03:43:23","guid":{"rendered":"https:\/\/www.europesays.com\/fr\/539427\/"},"modified":"2025-11-17T03:43:23","modified_gmt":"2025-11-17T03:43:23","slug":"jai-eu-limpression-de-lever-le-voile-sur-une-nouvelle-vie-comment-laffirmation-de-sa-bisexualite-peut-changer-son-intimite","status":"publish","type":"post","link":"https:\/\/www.europesays.com\/fr\/539427\/","title":{"rendered":"\u00abJ\u2019ai eu l\u2019impression de lever le voile sur une nouvelle vie\u00bb: comment l\u2019affirmation de sa bisexualit\u00e9 peut changer son intimit\u00e9"},"content":{"rendered":"<p>    R\u00e9sum\u00e9 en 20 secondes<\/p>\n<p>        En savoir plus sur ce type de contenu<\/p>\n<p>Ce r\u00e9sum\u00e9 peut avoir \u00e9t\u00e9 \u00e9crit avec l&rsquo;assistance d\u2019une IA g\u00e9n\u00e9rative. <a href=\"https:\/\/www.letemps.ch\/cyber\/l-usage-de-l-ia-generative-par-les-journalistes-du-temps\" target=\"_blank\" rel=\"noopener\">En savoir plus<\/a><\/p>\n<p class=\"article__abstract-call-to-action\" data-ariato=\"TrackableElement\" data-trackable-element-type=\"article_abstract_cta\" data-trackable-element-location=\"article_header\" data-trackable-element-id=\"512323\">\n        <a data-event=\"click-&gt;clicked\" href=\"https:\/\/www.letemps.ch\/abonnements\" target=\"_blank\" rel=\"noopener\">Abonnez-vous<\/a> pour acc\u00e9der au r\u00e9sum\u00e9 en 20 secondes.\n      <\/p>\n<p>Pendant longtemps, Minna a v\u00e9cu sans m\u00eame conna\u00eetre le mot \u00abbisexuelle\u00bb. \u00abQuand j\u2019\u00e9tais ado, puis jeune adulte, \u00e7a ne faisait pas partie du champ des possibles et je ne connaissais personne qui se d\u00e9finissait ainsi\u00bb, raconte cette directrice de casting et r\u00e9alisatrice franco-suisse de 35\u00a0ans. Pourtant, m\u00eame sans nommer ce qu\u2019elle vivait, Minna a eu des relations sexuelles et sentimentales avec des filles et des gar\u00e7ons d\u00e8s l\u2019adolescence. Puis, de ses 23 \u00e0 ses 33\u00a0ans, elle a \u00e9t\u00e9 en couple avec un homme. \u00abJe lui ai dit que j\u2019\u00e9tais attir\u00e9e par les hommes et par les femmes, ce dont il s\u2019est servi pour justifier sa jalousie. Il me disait que j\u2019allais \u00abfinir lesbienne\u00bb et il \u00e9tait sans cesse heurt\u00e9. Donc, il fallait tout le temps que je le rassure. C\u2019\u00e9tait une forme de contr\u00f4le, qui a fait que j\u2019ai occult\u00e9 toute la part bisexuelle de mes d\u00e9sirs\u00bb, ajoute-t-elle.<\/p>\n<p>A la fin de cette relation, Minna est tomb\u00e9e amoureuse d\u2019une coll\u00e8gue de travail. Ses sentiments ne se sont pas concr\u00e9tis\u00e9s, mais ils ont raviv\u00e9 cette attirance. \u00ab\u00c7a a rendu ma bisexualit\u00e9 vivante \u00e0 nouveau et j\u2019\u00e9tais oblig\u00e9e d\u2019en tenir compte. J\u2019ai renou\u00e9 avec cette partie-l\u00e0 de moi et j\u2019ai eu envie de la vivre. Je me suis dit bi \u00e0 ce moment-l\u00e0\u00bb.<\/p>\n","protected":false},"excerpt":{"rendered":"R\u00e9sum\u00e9 en 20 secondes En savoir plus sur ce type de contenu Ce r\u00e9sum\u00e9 peut avoir \u00e9t\u00e9 \u00e9crit&hellip;\n","protected":false},"author":2,"featured_media":539428,"comment_status":"","ping_status":"","sticky":false,"template":"","format":"standard","meta":{"footnotes":""},"categories":[1586],"tags":[11,3297,1777,674,1779,1011,27,12,301,25,8703,1778,364],"class_list":{"0":"post-539427","1":"post","2":"type-post","3":"status-publish","4":"format-standard","5":"has-post-thumbnail","7":"category-europe","8":"tag-actualites","9":"tag-entre-temps","10":"tag-eu","11":"tag-europe","12":"tag-european-union","13":"tag-fr","14":"tag-france","15":"tag-news","16":"tag-premium","17":"tag-republique-francaise","18":"tag-sexualite","19":"tag-ue","20":"tag-union-europeenne"},"share_on_mastodon":{"url":"https:\/\/pubeurope.com\/@fr\/115562978009269763","error":""},"_links":{"self":[{"href":"https:\/\/www.europesays.com\/fr\/wp-json\/wp\/v2\/posts\/539427","targetHints":{"allow":["GET"]}}],"collection":[{"href":"https:\/\/www.europesays.com\/fr\/wp-json\/wp\/v2\/posts"}],"about":[{"href":"https:\/\/www.europesays.com\/fr\/wp-json\/wp\/v2\/types\/post"}],"author":[{"embeddable":true,"href":"https:\/\/www.europesays.com\/fr\/wp-json\/wp\/v2\/users\/2"}],"replies":[{"embeddable":true,"href":"https:\/\/www.europesays.com\/fr\/wp-json\/wp\/v2\/comments?post=539427"}],"version-history":[{"count":0,"href":"https:\/\/www.europesays.com\/fr\/wp-json\/wp\/v2\/posts\/539427\/revisions"}],"wp:featuredmedia":[{"embeddable":true,"href":"https:\/\/www.europesays.com\/fr\/wp-json\/wp\/v2\/media\/539428"}],"wp:attachment":[{"href":"https:\/\/www.europesays.com\/fr\/wp-json\/wp\/v2\/media?parent=539427"}],"wp:term":[{"taxonomy":"category","embeddable":true,"href":"https:\/\/www.europesays.com\/fr\/wp-json\/wp\/v2\/categories?post=539427"},{"taxonomy":"post_tag","embeddable":true,"href":"https:\/\/www.europesays.com\/fr\/wp-json\/wp\/v2\/tags?post=539427"}],"curies":[{"name":"wp","href":"https:\/\/api.w.org\/{rel}","templated":true}]}}