{"id":539433,"date":"2025-11-17T03:46:15","date_gmt":"2025-11-17T03:46:15","guid":{"rendered":"https:\/\/www.europesays.com\/fr\/539433\/"},"modified":"2025-11-17T03:46:15","modified_gmt":"2025-11-17T03:46:15","slug":"un-sommet-choose-france-dedie-aux-entreprises-tricolores","status":"publish","type":"post","link":"https:\/\/www.europesays.com\/fr\/539433\/","title":{"rendered":"Un sommet Choose France d\u00e9di\u00e9 aux entreprises tricolores"},"content":{"rendered":"<p>Lors de cette version franco-fran\u00e7aise de l&rsquo;\u00e9v\u00e9nement, plus de 30 milliards d&rsquo;euros d&rsquo;investissement fran\u00e7ais\u00a0\u00bb seront annonc\u00e9s dont 9,2 milliards d&rsquo;euros de projets nouveaux, a annonc\u00e9 Bercy dimanche soir.<\/p>\n<p>Ces 30 milliards d&rsquo;investissements \u00ab\u00a0concernent 151 projets r\u00e9partis partout en France\u00a0\u00bb, a ajout\u00e9 le minist\u00e8re.  <\/p>\n<p>Avant de prononcer le discours d&rsquo;ouverture du sommet \u00e0 la mi-journ\u00e9e, le ministre de l&rsquo;Economie Roland Lescure se rendra lundi matin avec le ministre d\u00e9l\u00e9gu\u00e9 charg\u00e9 de l&rsquo;Industrie, S\u00e9bastien Martin, sur un site du groupe L&rsquo;Or\u00e9al \u00e0 Gauchy, dans l&rsquo;Aisne.<\/p>\n<p>Le sommet r\u00e9unira, \u00e0 la Maison de la Chimie \u00e0 Paris, 200 entreprises (grands groupes, PME, start-ups, ETI&#8230;) mais \u00e9galement des f\u00e9d\u00e9rations professionnelles et des organisations syndicales et patronales alors que le climat d&rsquo;instabilit\u00e9 politique p\u00e8se sur les d\u00e9cisions des acteurs \u00e9conomiques. <\/p>\n<p>Selon le barom\u00e8tre trimestriel Bpifrance Le Lab et Rexecode publi\u00e9 mercredi, 39% des dirigeants de PME et de tr\u00e8s petites entreprises (TPE) pr\u00e9voient d&rsquo;investir cette ann\u00e9e, alors qu&rsquo;ils \u00e9taient 45% \u00e0 en avoir l&rsquo;intention en septembre. C&rsquo;est le niveau le plus faible observ\u00e9 depuis la crise sanitaire.<\/p>\n<p><img alt=\"Le ministre de l'Economie et des Finances, Roland Lescure, \u00e0 l'Assembl\u00e9e nationale, \u00e0 Paris, le 27 octobre 2025\" loading=\"lazy\" decoding=\"async\" data-nimg=\"fill\" class=\" TwicCore_img__i9TC1 undefined  undefined\" style=\"position:absolute;height:100%;width:100%;left:0;top:0;right:0;bottom:0;color:transparent;background-size:cover;background-position:50% 50%;background-repeat:no-repeat;background-image:url(&quot;data:image\/svg+xml;charset=utf-8,%3Csvg xmlns='http:\/\/www.w3.org\/2000\/svg' %3E%3Cfilter id='b' color-interpolation-filters='sRGB'%3E%3CfeGaussianBlur stdDeviation='20'\/%3E%3CfeColorMatrix values='1 0 0 0 0 0 1 0 0 0 0 0 1 0 0 0 0 0 100 -1' result='s'\/%3E%3CfeFlood x='0' y='0' width='100%25' height='100%25'\/%3E%3CfeComposite operator='out' in='s'\/%3E%3CfeComposite in2='SourceGraphic'\/%3E%3CfeGaussianBlur stdDeviation='20'\/%3E%3C\/filter%3E%3Cimage width='100%25' height='100%25' x='0' y='0' preserveAspectRatio='none' style='filter: url(%23b);' href='https:\/\/pictures.laprovence.com\/cdn-cgi\/image\/blur=250\/media\/afp\/ace0f62620f817c312d1fc781e90f64d7140d25d.jpg'\/%3E%3C\/svg%3E&quot;)\"   src=\"https:\/\/www.europesays.com\/fr\/wp-content\/uploads\/2025\/11\/ace0f62620f817c312d1fc781e90f64d7140d25d.jpg\"\/>Le ministre de l&rsquo;Economie et des Finances, Roland Lescure, \u00e0 l&rsquo;Assembl\u00e9e nationale, \u00e0 Paris, le 27 octobre 2025 PHOTO AFP \/ STEPHANE DE SAKUTIN<\/p>\n<p>\u00ab\u00a0L&rsquo;incertitude politique g\u00e9n\u00e8re de l&rsquo;incertitude \u00e9conomique. Pour lever cette incertitude, il faut adopter un budget 2026\u2026 mais pas \u00e0 n&rsquo;importe quel prix\u00a0\u00bb, souligne Roland Lescure dans une interview au Figaro publi\u00e9e dimanche soir.<\/p>\n<p>\u00ab\u00a0Les entreprises doivent prendre leur part au redressement budg\u00e9taire. Pour autant, le texte final ne doit pas \u00eatre un budget +anti-entreprises+\u00a0\u00bb, ajoute-t-il reconnaissant que cette \u00e9dition de Choose France doit aussi \u00ab\u00a0permettre d&rsquo;entendre les pr\u00e9occupations des dirigeants d&rsquo;entreprise\u00a0\u00bb.<\/p>\n<p>Ces derniers jours, des repr\u00e9sentants du patronat se sont \u00e9lev\u00e9s contre la \u00ab\u00a0surench\u00e8re fiscale\u00a0\u00bb dont font preuve selon eux les d\u00e9put\u00e9s, ou la suspension de la r\u00e9forme des retraites, qualifi\u00e9e d'\u00a0\u00bberreur fatale\u00a0\u00bb par le pr\u00e9sident du Medef Patrick Martin.<\/p>\n<p>L&rsquo;examen du projet de loi de finances 2026 reprend lundi \u00e0 l&rsquo;Assembl\u00e9e, avec le risque d&rsquo;\u00eatre transmis au S\u00e9nat sans vote sur l&rsquo;ensemble du texte, comme celui de la S\u00e9curit\u00e9 sociale mercredi, faute de temps.<\/p>\n<p>Ce sort incertain des textes budg\u00e9taires au Parlement en toile de fond de Choose France. Le Premier ministre S\u00e9bastien Lecornu et la ministre de l&rsquo;Action et des Comptes publics Am\u00e9lie de Montchalin participeront ainsi en d\u00e9but d&rsquo;apr\u00e8s-midi \u00e0 une table-ronde intitul\u00e9e \u00ab\u00a0Budget 2026 : construire le compromis, pour la stabilit\u00e9 et l&rsquo;investissement\u00a0\u00bb.<\/p>\n<p>&#8211; Tous les secteurs concern\u00e9s &#8211;<\/p>\n<p>Les secteurs repr\u00e9sent\u00e9s au sommet vont de l&rsquo;\u00e9nergie \u00e0 l&rsquo;agroalimentaire, en passant par la sant\u00e9, la chimie ou le spatial. Des secteurs consid\u00e9r\u00e9s comme \u00ab\u00a0strat\u00e9giques\u00a0\u00bb seront mis en avant: \u00ab\u00a0la transition \u00e9cologique et \u00e9nerg\u00e9tique, l&rsquo;intelligence artificielle, le num\u00e9rique\u00a0\u00bb, notamment.<\/p>\n<p>Les investissements annonc\u00e9s concerneront les 12 derniers mois, une partie ayant d\u00e9j\u00e0 \u00e9t\u00e9 d\u00e9voil\u00e9e par les entreprises. Sur les 30 milliards d&rsquo;euros d&rsquo;investissement mis en avant, \u00ab\u00a021,2 milliards d&rsquo;euros d&rsquo;investissements d\u00e9j\u00e0 annonc\u00e9s par les diff\u00e9rentes entreprises ces 12 derniers mois\u00a0\u00bb, et \u00ab\u00a09,2 milliards d&rsquo;euros de projets totalement nouveaux\u00a0\u00bb, selon Bercy.<\/p>\n<p><img alt=\"Sanofi va se s\u00e9parer de sa division Sant\u00e9 Grand Public pour se concentrer sur de nouveaux relais de croissance dans les m\u00e9dicaments innovants, financ\u00e9s gr\u00e2ce \u00e0 un plan d'\u00e9conomies\" loading=\"lazy\" decoding=\"async\" data-nimg=\"fill\" class=\" TwicCore_img__i9TC1 undefined  undefined\" style=\"position:absolute;height:100%;width:100%;left:0;top:0;right:0;bottom:0;color:transparent;background-size:cover;background-position:50% 50%;background-repeat:no-repeat;background-image:url(&quot;data:image\/svg+xml;charset=utf-8,%3Csvg xmlns='http:\/\/www.w3.org\/2000\/svg' %3E%3Cfilter id='b' color-interpolation-filters='sRGB'%3E%3CfeGaussianBlur stdDeviation='20'\/%3E%3CfeColorMatrix values='1 0 0 0 0 0 1 0 0 0 0 0 1 0 0 0 0 0 100 -1' result='s'\/%3E%3CfeFlood x='0' y='0' width='100%25' height='100%25'\/%3E%3CfeComposite operator='out' in='s'\/%3E%3CfeComposite in2='SourceGraphic'\/%3E%3CfeGaussianBlur stdDeviation='20'\/%3E%3C\/filter%3E%3Cimage width='100%25' height='100%25' x='0' y='0' preserveAspectRatio='none' style='filter: url(%23b);' href='https:\/\/pictures.laprovence.com\/cdn-cgi\/image\/blur=250\/media\/afp\/ef7f5d04b70843813a89566bf7d6d88df51b8990.jpg'\/%3E%3C\/svg%3E&quot;)\"   src=\"https:\/\/www.europesays.com\/fr\/wp-content\/uploads\/2025\/11\/ef7f5d04b70843813a89566bf7d6d88df51b8990.jpg\"\/>Sanofi va se s\u00e9parer de sa division Sant\u00e9 Grand Public pour se concentrer sur de nouveaux relais de croissance dans les m\u00e9dicaments innovants, financ\u00e9s gr\u00e2ce \u00e0 un plan d&rsquo;\u00e9conomies PHOTO AFP \/ ALAIN JOCARD<\/p>\n<p>Sanofi annoncera une enveloppe de 700 millions d&rsquo;euros d&rsquo;investissements \u00ab\u00a0sur une ann\u00e9e glissante\u00a0\u00bb en 2025-2026 concernant des projets \u00ab\u00a0d\u00e9j\u00e0 engag\u00e9s\u00a0\u00bb mais aussi \u00ab\u00a0d&rsquo;autres \u00e0 venir\u00a0\u00bb.<\/p>\n<p>Le groupe industriel fran\u00e7ais Urgo, marque embl\u00e9matique du pansement, a annonc\u00e9 vendredi la construction d&rsquo;une nouvelle usine dans la Loire, fruit d&rsquo;un investissement de 60 millions d&rsquo;euros d&rsquo;ici \u00e0 2029.<\/p>\n<p>Sera aussi mise en avant la construction d&rsquo;une usine de freins carbone par Safran dans l&rsquo;Ain, un investissement de plus de 450 millions d&rsquo;euros \u00e0 terme.<\/p>\n<p>L&rsquo;entreprise HoloSolis a elle annonc\u00e9 dimanche avoir s\u00e9curis\u00e9 \u00ab\u00a0plus de 220 millions d&rsquo;euros\u00a0\u00bb d&rsquo;investissements publics et priv\u00e9s sur les 850 millions d&rsquo;euros n\u00e9cessaires \u00e0 son projet de \u00ab\u00a0plus grande\u00a0\u00bb usine de panneaux solaires d&rsquo;Europe, en Moselle.<\/p>\n<p>Le g\u00e9ant agroalimentaire Danone a communiqu\u00e9 vendredi sur ses pr\u00e9visions d&rsquo;investissement de 300 millions d&rsquo;euros et la relocalisation de la production de plus de 45.000 tonnes de produits d&rsquo;ici 2028.<\/p>\n<p>Le lundi apr\u00e8s-midi sera consacr\u00e9 \u00e0 plusieurs tables rondes pr\u00e9sid\u00e9es par des ministres avec des entreprises. <\/p>\n<p>La journ\u00e9e sera cl\u00f4tur\u00e9e par un d\u00eener \u00e0 l&rsquo;Elys\u00e9e, hors presse.<\/p>\n","protected":false},"excerpt":{"rendered":"Lors de cette version franco-fran\u00e7aise de l&rsquo;\u00e9v\u00e9nement, plus de 30 milliards d&rsquo;euros d&rsquo;investissement fran\u00e7ais\u00a0\u00bb seront annonc\u00e9s dont 9,2&hellip;\n","protected":false},"author":2,"featured_media":539434,"comment_status":"","ping_status":"","sticky":false,"template":"","format":"standard","meta":{"footnotes":""},"categories":[4],"tags":[17,11,1007,22295,9728,313,1011,27,329,12,25,2764,65815],"class_list":{"0":"post-539433","1":"post","2":"type-post","3":"status-publish","4":"format-standard","5":"has-post-thumbnail","7":"category-france","8":"tag-17","9":"tag-actualites","10":"tag-aux","11":"tag-choose","12":"tag-dedie","13":"tag-entreprises","14":"tag-fr","15":"tag-france","16":"tag-france-monde","17":"tag-news","18":"tag-republique-francaise","19":"tag-sommet","20":"tag-tricolores"},"share_on_mastodon":{"url":"https:\/\/pubeurope.com\/@fr\/115562990215893560","error":""},"_links":{"self":[{"href":"https:\/\/www.europesays.com\/fr\/wp-json\/wp\/v2\/posts\/539433","targetHints":{"allow":["GET"]}}],"collection":[{"href":"https:\/\/www.europesays.com\/fr\/wp-json\/wp\/v2\/posts"}],"about":[{"href":"https:\/\/www.europesays.com\/fr\/wp-json\/wp\/v2\/types\/post"}],"author":[{"embeddable":true,"href":"https:\/\/www.europesays.com\/fr\/wp-json\/wp\/v2\/users\/2"}],"replies":[{"embeddable":true,"href":"https:\/\/www.europesays.com\/fr\/wp-json\/wp\/v2\/comments?post=539433"}],"version-history":[{"count":0,"href":"https:\/\/www.europesays.com\/fr\/wp-json\/wp\/v2\/posts\/539433\/revisions"}],"wp:featuredmedia":[{"embeddable":true,"href":"https:\/\/www.europesays.com\/fr\/wp-json\/wp\/v2\/media\/539434"}],"wp:attachment":[{"href":"https:\/\/www.europesays.com\/fr\/wp-json\/wp\/v2\/media?parent=539433"}],"wp:term":[{"taxonomy":"category","embeddable":true,"href":"https:\/\/www.europesays.com\/fr\/wp-json\/wp\/v2\/categories?post=539433"},{"taxonomy":"post_tag","embeddable":true,"href":"https:\/\/www.europesays.com\/fr\/wp-json\/wp\/v2\/tags?post=539433"}],"curies":[{"name":"wp","href":"https:\/\/api.w.org\/{rel}","templated":true}]}}