{"id":539435,"date":"2025-11-17T03:49:12","date_gmt":"2025-11-17T03:49:12","guid":{"rendered":"https:\/\/www.europesays.com\/fr\/539435\/"},"modified":"2025-11-17T03:49:12","modified_gmt":"2025-11-17T03:49:12","slug":"thibault-giroud-refuse-de-prolonger-a-lubb-les-raisons-de-la-separation","status":"publish","type":"post","link":"https:\/\/www.europesays.com\/fr\/539435\/","title":{"rendered":"Thibault Giroud refuse de prolonger \u00e0 l\u2019UBB : Les raisons de la s\u00e9paration !"},"content":{"rendered":"<p>C\u2019est un d\u00e9part qui fait beaucoup parler du c\u00f4t\u00e9 de Bordeaux.<\/p>\n<p>Thibault Giroud, le pr\u00e9parateur physique de l\u2019UBB, a annonc\u00e9 \u00e0 ses dirigeants qu\u2019il ne prolongerait pas son aventure avec le champion de France.<\/p>\n<p>Selon Midi Olympique, le technicien b\u00e9n\u00e9ficiait d\u2019une clause lui permettant d\u2019\u00eatre revaloris\u00e9 sur le plan financier, mais souhaitait \u00eatre fix\u00e9 rapidement sur son avenir. Le club n\u2019ayant pas r\u00e9pondu comme il l\u2019esp\u00e9rait, Giroud a choisi de tourner la page.<\/p>\n<p>Sous contrat jusqu\u2019en 2027, il ne devrait pourtant pas aller au bout. L\u2019Aviron Bayonnais, qui le courtise depuis plusieurs semaines, lui a propos\u00e9 un engagement de quatre saisons. Et les deux parties aimeraient m\u00eame d\u00e9buter leur collaboration d\u00e8s la saison prochaine, ce qui change totalement le calendrier pr\u00e9vu.<\/p>\n<p>Le dossier n\u2019est pas encore enti\u00e8rement boucl\u00e9, car tout d\u00e9pend d\u00e9sormais d\u2019une d\u00e9cision : Laurent Marti acceptera-t-il de lib\u00e9rer son pr\u00e9parateur avec deux ans d\u2019avance ? L\u2019UBB devra trancher rapidement, car Bayonne aimerait avancer sur la construction de son staff 2026.<\/p>\n<p>Si l\u2019arriv\u00e9e de Giroud devait se confirmer, elle provoquerait un autre mouvement en interne : Lo\u00efc Louit, actuel directeur de la performance de l\u2019Aviron, pourrait faire ses valises.<\/p>\n<p>Le club basque semble pr\u00eat \u00e0 remodeler toute sa cellule performance pour attirer l\u2019un des pr\u00e9parateurs les plus r\u00e9put\u00e9s du rugby fran\u00e7ais.<\/p>\n<p><strong>Affaire \u00e0 suivre\u2026<\/strong><\/p>\n","protected":false},"excerpt":{"rendered":"C\u2019est un d\u00e9part qui fait beaucoup parler du c\u00f4t\u00e9 de Bordeaux. Thibault Giroud, le pr\u00e9parateur physique de l\u2019UBB,&hellip;\n","protected":false},"author":2,"featured_media":539436,"comment_status":"","ping_status":"","sticky":false,"template":"","format":"standard","meta":{"footnotes":""},"categories":[1416],"tags":[1011,27,479,1468,60],"class_list":{"0":"post-539435","1":"post","2":"type-post","3":"status-publish","4":"format-standard","5":"has-post-thumbnail","7":"category-rugby","8":"tag-fr","9":"tag-france","10":"tag-rugby","11":"tag-rugby-football","12":"tag-sports"},"share_on_mastodon":{"url":"https:\/\/pubeurope.com\/@fr\/115563001569205853","error":""},"_links":{"self":[{"href":"https:\/\/www.europesays.com\/fr\/wp-json\/wp\/v2\/posts\/539435","targetHints":{"allow":["GET"]}}],"collection":[{"href":"https:\/\/www.europesays.com\/fr\/wp-json\/wp\/v2\/posts"}],"about":[{"href":"https:\/\/www.europesays.com\/fr\/wp-json\/wp\/v2\/types\/post"}],"author":[{"embeddable":true,"href":"https:\/\/www.europesays.com\/fr\/wp-json\/wp\/v2\/users\/2"}],"replies":[{"embeddable":true,"href":"https:\/\/www.europesays.com\/fr\/wp-json\/wp\/v2\/comments?post=539435"}],"version-history":[{"count":0,"href":"https:\/\/www.europesays.com\/fr\/wp-json\/wp\/v2\/posts\/539435\/revisions"}],"wp:featuredmedia":[{"embeddable":true,"href":"https:\/\/www.europesays.com\/fr\/wp-json\/wp\/v2\/media\/539436"}],"wp:attachment":[{"href":"https:\/\/www.europesays.com\/fr\/wp-json\/wp\/v2\/media?parent=539435"}],"wp:term":[{"taxonomy":"category","embeddable":true,"href":"https:\/\/www.europesays.com\/fr\/wp-json\/wp\/v2\/categories?post=539435"},{"taxonomy":"post_tag","embeddable":true,"href":"https:\/\/www.europesays.com\/fr\/wp-json\/wp\/v2\/tags?post=539435"}],"curies":[{"name":"wp","href":"https:\/\/api.w.org\/{rel}","templated":true}]}}