{"id":539437,"date":"2025-11-17T03:50:19","date_gmt":"2025-11-17T03:50:19","guid":{"rendered":"https:\/\/www.europesays.com\/fr\/539437\/"},"modified":"2025-11-17T03:50:19","modified_gmt":"2025-11-17T03:50:19","slug":"atp-henman-se-plaint-dun-tennis-sans-enjeu-sports","status":"publish","type":"post","link":"https:\/\/www.europesays.com\/fr\/539437\/","title":{"rendered":"ATP : Henman se plaint d&rsquo;un tennis \u00ab sans enjeu \u00bb : Sports"},"content":{"rendered":"<p class=\"date\">\n                                                            Thibaut Simon, Media365 : publi\u00e9 le dimanche 16 novembre 2025 \u00e0 23h55\n                                                    <\/p>\n<p>Tim Henman a donn\u00e9 son avis sur le calendrier de l&rsquo;ATP en amont de la finale du Masters \u00e0 Turin. L&rsquo;ancienne l\u00e9gende britannique du tennis souhaite que l&rsquo;organisation change sa mani\u00e8re d&rsquo;aborder les saisons.<\/p>\n<p>Le d\u00e9bat continue au sujet du calendrier ATP. Alors que la saison vient officiellement de se terminer ce dimanche avec <a href=\"https:\/\/sports.orange.fr\/tennis\/atp\/article\/atp-finals-sinner-domine-alcaraz-et-conserve-son-titre-CNT000002lKvl5.html\" rel=\"nofollow noopener\" target=\"_blank\">le sacre de Jannik Sinner face \u00e0 Carlos Alcaraz lors des ATP Finals<\/a>, la charge de matchs fait l&rsquo;objet de plusieurs d\u00e9saccords au sein du circuit. Les joueurs eux-m\u00eames n&rsquo;ont pas h\u00e9sit\u00e9 \u00e0 pointer du doigt cette surcharge, \u00e0 l&rsquo;image d&rsquo;Alcaraz en personne, <a href=\"https:\/\/sports.orange.fr\/tennis\/atp\/article\/atp-finals-alcaraz-donne-rendez-vous-l-an-prochain-a-sinner-exclu-CNT000002lKvJc.html\" rel=\"nofollow noopener\" target=\"_blank\">num\u00e9ro un mondial \u00e0 l&rsquo;issue de la saison 2025<\/a>. En effet, les calendriers ATP ont subi un changement radical avec la r\u00e9forme des Masters 1000. A l&rsquo;exception de Paris et Monte-Carlo, les autres Masters 1000 sont pass\u00e9s de sept \u00e0 12 jours cette saison. Plus de matchs, plus de joueurs et plus d&rsquo;argent. Une philosophie par forc\u00e9ment suivie sur le terrain, puisque les abandons se sont multipli\u00e9s dans certains tournois. Ce sentiment de fatigue, la l\u00e9gende Tim Henman le per\u00e7oit, m\u00eame s&rsquo;il a quitt\u00e9 les terrains en 2007.<\/p>\n<p>Difficile pour les spectateurs de s&rsquo;y retrouver juge Henman<\/p>\n<p>Trop de tennis, c&rsquo;est ce que reproche le Britannique \u00e0 l&rsquo;ATP dans son discours. Le repos n&rsquo;est plus une priorit\u00e9 au profit d&rsquo;un encha\u00eenement des tournois, difficile \u00e0 suivre pour les joueurs, comme pour le public. Henman sent que la qualit\u00e9 du jeu et les enjeux des matchs sont mis de c\u00f4t\u00e9. \u00ab Il y a parfois trop de tennis sans v\u00e9ritable enjeu. En f\u00e9vrier, on peut compter jusqu&rsquo;\u00e0 douze tournois en quatre semaines. Vous avez Sinner qui joue ici, Alcaraz l\u00e0-bas, Zverev ailleurs et Djokovic dans un autre endroit. Pour les fans, il n&rsquo;y a pas de fil conducteur lisible \u00bb, explique Henman. Vice-capitaine aux c\u00f4t\u00e9s de Noah au sein de la Team Europe lors de la Laver Cup 2025, le Britannique met en parall\u00e8le le tennis \u00e0 la Formule 1 o\u00f9 le calendrier est pens\u00e9 pour les pilotes. \u00ab Avoir des semaines sans tennis, c&rsquo;est une bonne chose. [&#8230;] Je ne suis pas un grand fan de F1, mais c&rsquo;est assez simple \u00e0 suivre : une course tous les quinze jours, une vingtaine de courses au total, des points qui s&rsquo;additionnent et des pauses entre chaque. \u00bb<\/p>\n<p>Pour Henman, la solution est simple. \u00ab En ce moment, c&rsquo;est difficile pour les fans de s&rsquo;y retrouver. Si je pouvais changer quelque chose, ce serait l&rsquo;organisation du calendrier. \u00bb Un discours que plusieurs joueurs partagent, mais jusqu&rsquo;\u00e0 quand ? Si Alcaraz n&rsquo;avait pas h\u00e9sit\u00e9 \u00e0 se montrer critique envers l&rsquo;ATP, il participera le 10 janvier 2026 \u00e0 un match exhibition face \u00e0 Jannik Sinner en Cor\u00e9e du Sud. Un \u00e9v\u00e8nement sponsoris\u00e9 par Hyundai, une semaine avant le d\u00e9but de l&rsquo;Open d&rsquo;Australie.<\/p>\n","protected":false},"excerpt":{"rendered":"Thibaut Simon, Media365 : publi\u00e9 le dimanche 16 novembre 2025 \u00e0 23h55 Tim Henman a donn\u00e9 son avis&hellip;\n","protected":false},"author":2,"featured_media":539438,"comment_status":"","ping_status":"","sticky":false,"template":"","format":"standard","meta":{"footnotes":""},"categories":[1415],"tags":[1011,27,60,1467],"class_list":{"0":"post-539437","1":"post","2":"type-post","3":"status-publish","4":"format-standard","5":"has-post-thumbnail","7":"category-tennis","8":"tag-fr","9":"tag-france","10":"tag-sports","11":"tag-tennis"},"share_on_mastodon":{"url":"https:\/\/pubeurope.com\/@fr\/115563005436938743","error":""},"_links":{"self":[{"href":"https:\/\/www.europesays.com\/fr\/wp-json\/wp\/v2\/posts\/539437","targetHints":{"allow":["GET"]}}],"collection":[{"href":"https:\/\/www.europesays.com\/fr\/wp-json\/wp\/v2\/posts"}],"about":[{"href":"https:\/\/www.europesays.com\/fr\/wp-json\/wp\/v2\/types\/post"}],"author":[{"embeddable":true,"href":"https:\/\/www.europesays.com\/fr\/wp-json\/wp\/v2\/users\/2"}],"replies":[{"embeddable":true,"href":"https:\/\/www.europesays.com\/fr\/wp-json\/wp\/v2\/comments?post=539437"}],"version-history":[{"count":0,"href":"https:\/\/www.europesays.com\/fr\/wp-json\/wp\/v2\/posts\/539437\/revisions"}],"wp:featuredmedia":[{"embeddable":true,"href":"https:\/\/www.europesays.com\/fr\/wp-json\/wp\/v2\/media\/539438"}],"wp:attachment":[{"href":"https:\/\/www.europesays.com\/fr\/wp-json\/wp\/v2\/media?parent=539437"}],"wp:term":[{"taxonomy":"category","embeddable":true,"href":"https:\/\/www.europesays.com\/fr\/wp-json\/wp\/v2\/categories?post=539437"},{"taxonomy":"post_tag","embeddable":true,"href":"https:\/\/www.europesays.com\/fr\/wp-json\/wp\/v2\/tags?post=539437"}],"curies":[{"name":"wp","href":"https:\/\/api.w.org\/{rel}","templated":true}]}}