{"id":539447,"date":"2025-11-17T03:59:24","date_gmt":"2025-11-17T03:59:24","guid":{"rendered":"https:\/\/www.europesays.com\/fr\/539447\/"},"modified":"2025-11-17T03:59:24","modified_gmt":"2025-11-17T03:59:24","slug":"des-choristes-de-caen-vont-chanter-avec-les-eleves-sur-le-plateau-de-tf1","status":"publish","type":"post","link":"https:\/\/www.europesays.com\/fr\/539447\/","title":{"rendered":"des choristes de Caen vont chanter avec les \u00e9l\u00e8ves sur le plateau de TF1"},"content":{"rendered":"<p>                    Par<br \/>\n        <strong><br \/>\n            <a href=\"https:\/\/actu.fr\/auteur\/matgirard14\" title=\"Consulter tous les articles de Mathieu Girard\" rel=\"nofollow noopener\" target=\"_blank\">Mathieu Girard<\/a><br \/>\n                    <\/strong><\/p>\n<p>        Publi\u00e9 le<\/p>\n<p>            16 nov. 2025 \u00e0 16h32        <\/p>\n<p>Vendredi 21 novembre 2025, TF1 diffusera le <b>sixi\u00e8me prime de la Star Academy<\/b>, au cours duquel les \u00e9l\u00e8ves du ch\u00e2teau vont chanter en direct devant des millions de spectateurs. Sur un morceau bien pr\u00e9cis, ils seront accompagn\u00e9s par une chorale de\u2026\u00a0<b>1 000 chanteurs amateurs !<\/b> Parmi ceux-ci, sept choristes venus de <a href=\"https:\/\/actu.fr\/normandie\/caen_14118\" rel=\"nofollow noopener\" target=\"_blank\">Caen<\/a> (Calvados).\u00a0<\/p>\n<p>3 millions de spectateurs pour le \u00ab prime \u00bb<\/p>\n<p class=\" wall-content\">Le 19 octobre, <b>17 jeunes \u00e9taient dans les starting-blocks<\/b> de la <a href=\"https:\/\/www.tf1.fr\/tf1\/star-academy\" rel=\"nofollow noopener\" target=\"_blank\">Star Academy<\/a>, la 13\u1d49 du nom. Ils ont entre 18 et 25 ans, et s\u2019appellent Anouk, Ambre, Bastiaan,\u00a0Jeanne, L\u00e9a, L\u00e9ane, L\u00e9o, Lily, M\u00e9lissa, Sarah, Th\u00e9o ou encore Victor. Ils ont <b>des r\u00eaves plein la t\u00eate et l\u2019espoir de lancer une grande carri\u00e8re<\/b>, comme l\u2019a si bien fait le Caennais <a href=\"https:\/\/www.pierregarniermusique.fr\/\" rel=\"nofollow noopener\" target=\"_blank\">Pierre Garnier<\/a>, le vainqueur de la 11\u1d49 saison.<\/p>\n<p class=\" wall-content\">La semaine prochaine, ils ne seront plus que 13 \u00e0 se pr\u00e9senter sur le plateau de <a href=\"https:\/\/www.tf1.fr\/\" rel=\"nofollow noopener\" target=\"_blank\">TF1<\/a>, en direct et en \u00ab prime time \u00bb, devant pr\u00e8s de 3 millions de spectateurs. <b>Ils se produiront en solo ou \u00e0 plusieurs<\/b>, en fonction de ce que les \u00ab acad\u00e9miciens \u00bb ont pr\u00e9par\u00e9 dans la semaine.<\/p>\n<p>1000 choristes venus de toute la France<\/p>\n<p class=\" wall-content\"><b>Cette \u00e9mission du 21 novembre aura une saveur particuli\u00e8re<\/b>, puisque les \u00e9l\u00e8ves partageront un titre avec 1000 choristes venus de toute la France. Parmi ceux-ci, sept chanteurs et chanteuses de Caen issus du projet <a href=\"https:\/\/www.facebook.com\/VoicesHarmony2\/\" rel=\"nofollow noopener\" target=\"_blank\">Voices Harmony<\/a>\u00a0du producteur Math\u00e9o Hardit :<\/p>\n<blockquote class=\"ac-article-quote wall-content\">\n<p>N\u00e9 pour rassembler des passionn\u00e9s de chant \u00e0 travers la France, il permet \u00e0 des amateurs de vivre des exp\u00e9riences uniques : z\u00e9niths, stades, t\u00e9l\u00e9vision\u2026<\/p>\n<p>Math\u00e9o Hardit\u00a0<\/p><\/blockquote>\n<p>Vid\u00e9os : en ce moment sur Actu<\/p>\n<p class=\" wall-content\">Ces amateurs participeront ensuite au spectacle <a href=\"https:\/\/500voix.com\/15-000-voix-pour-les-legendes-du-rock\/\" rel=\"nofollow noopener\" target=\"_blank\">15 000 Voix pour les L\u00e9gendes du Rock<\/a>, aux c\u00f4t\u00e9s de <b>500 autres Normands. <\/b>Pour eux, participer \u00e0 la Star Ac\u2019 constituera une superbe r\u00e9p\u00e9tition avant de se produire eux-m\u00eames sur la sc\u00e8ne du <a href=\"https:\/\/zenith-caen.fr\/evenements\/15000-voix-pour-les-legendes-du-rock\/\" rel=\"nofollow noopener\" target=\"_blank\">Z\u00e9nith de Caen<\/a>, le dimanche 29 mars 2026.\u00a0<\/p>\n<p class=\" wall-content\">Personnalisez votre actualit\u00e9 en ajoutant vos villes et m\u00e9dias en favori avec <a href=\"https:\/\/moncompte.actu.fr\" title=\"D\u00e9couvez Mon Actu\" rel=\"nofollow noopener\" data-trk=\"{&quot;cta&quot;:{&quot;action&quot;:&quot;https:\\\/\\\/moncompte.actu.fr&quot;,&quot;category&quot;:&quot;mon compte&quot;,&quot;from&quot;:&quot;article footer&quot;,&quot;name&quot;:&quot;Mon actu&quot;,&quot;type&quot;:&quot;cta&quot;}}\" target=\"_blank\">Mon Actu<\/a>.<\/p>\n","protected":false},"excerpt":{"rendered":"Par Mathieu Girard Publi\u00e9 le 16 nov. 2025 \u00e0 16h32 Vendredi 21 novembre 2025, TF1 diffusera le sixi\u00e8me&hellip;\n","protected":false},"author":2,"featured_media":539448,"comment_status":"","ping_status":"","sticky":false,"template":"","format":"standard","meta":{"footnotes":""},"categories":[1356],"tags":[58,59,1011,27,1652,853,5095,252,1364],"class_list":{"0":"post-539447","1":"post","2":"type-post","3":"status-publish","4":"format-standard","5":"has-post-thumbnail","7":"category-television","8":"tag-divertissement","9":"tag-entertainment","10":"tag-fr","11":"tag-france","12":"tag-loisirs-culture","13":"tag-spectacles","14":"tag-star-academy","15":"tag-television","16":"tag-tv"},"share_on_mastodon":{"url":"https:\/\/pubeurope.com\/@fr\/115563040930556747","error":""},"_links":{"self":[{"href":"https:\/\/www.europesays.com\/fr\/wp-json\/wp\/v2\/posts\/539447","targetHints":{"allow":["GET"]}}],"collection":[{"href":"https:\/\/www.europesays.com\/fr\/wp-json\/wp\/v2\/posts"}],"about":[{"href":"https:\/\/www.europesays.com\/fr\/wp-json\/wp\/v2\/types\/post"}],"author":[{"embeddable":true,"href":"https:\/\/www.europesays.com\/fr\/wp-json\/wp\/v2\/users\/2"}],"replies":[{"embeddable":true,"href":"https:\/\/www.europesays.com\/fr\/wp-json\/wp\/v2\/comments?post=539447"}],"version-history":[{"count":0,"href":"https:\/\/www.europesays.com\/fr\/wp-json\/wp\/v2\/posts\/539447\/revisions"}],"wp:featuredmedia":[{"embeddable":true,"href":"https:\/\/www.europesays.com\/fr\/wp-json\/wp\/v2\/media\/539448"}],"wp:attachment":[{"href":"https:\/\/www.europesays.com\/fr\/wp-json\/wp\/v2\/media?parent=539447"}],"wp:term":[{"taxonomy":"category","embeddable":true,"href":"https:\/\/www.europesays.com\/fr\/wp-json\/wp\/v2\/categories?post=539447"},{"taxonomy":"post_tag","embeddable":true,"href":"https:\/\/www.europesays.com\/fr\/wp-json\/wp\/v2\/tags?post=539447"}],"curies":[{"name":"wp","href":"https:\/\/api.w.org\/{rel}","templated":true}]}}