{"id":539453,"date":"2025-11-17T04:03:12","date_gmt":"2025-11-17T04:03:12","guid":{"rendered":"https:\/\/www.europesays.com\/fr\/539453\/"},"modified":"2025-11-17T04:03:12","modified_gmt":"2025-11-17T04:03:12","slug":"les-cinq-defis-de-deschamps-avant-le-mondial","status":"publish","type":"post","link":"https:\/\/www.europesays.com\/fr\/539453\/","title":{"rendered":"les cinq d\u00e9fis de Deschamps avant le Mondial"},"content":{"rendered":"<p>\n    En qu\u00eate d\u2019une troisi\u00e8me \u00e9toile \u00e0 la Coupe du monde 2026, le s\u00e9lectionneur de l\u2019\u00e9quipe de France a des dossiers \u00e0 (bien) g\u00e9rer d\u2019ici l\u2019\u00e9t\u00e9 prochain. \u00c9tat des lieux.<\/p>\n<p><strong>La gestion des corps fatigu\u00e9s\u00a0<\/strong><\/p>\n<p class=\"fig-paragraph\">C\u2019est sans doute l\u2019\u00e9l\u00e9ment qui en dira beaucoup sur les capacit\u00e9s de la France \u00e0 tr\u00f4ner sur\u00a0<a href=\"http:\/\/www.lefigaro.fr\/sports\/football\/coupe-du-monde\/coupe-du-monde-2026-qui-est-qualifie-qui-va-trembler-on-fait-le-point-20251111\" data-fig-type=\"NewsFlash\" data-gtm-custom-categorie=\"navigation\" data-gtm-custom-action=\"crossclick\" data-gtm-custom-label=\"Contextuel\" data-gtm-event=\"customEventSPE\" data-fig-domain=\"LEFIGARO\" target=\"_blank\" rel=\"noopener\">la plan\u00e8te football le 19 juillet prochain<\/a>. La question du calendrier \u00e0 rallonge et de joueurs ext\u00e9nu\u00e9s n\u2019est pas nouvelle, mais cette \u00e9quation sera essentielle \u00e0 r\u00e9soudre si les Bleus d\u00e9sirent aller loin en Am\u00e9rique. Entre les d\u00e9placements, les temp\u00e9ratures cons\u00e9quentes et l\u2019\u00e9tat physique des internationaux, le s\u00e9lectionneur se sait face \u00e0 un immense d\u00e9fi.<\/p>\n<p class=\"fig-paragraph\">En 2024,\u00a0<a href=\"http:\/\/www.lefigaro.fr\/sports\/football\/euro\/le-carnet-de-notes-des-bleus-a-l-euro-2024-mbappe-et-griezmann-naufrages-maignan-gardien-du-temple-saliba-s-impose-20240711\" data-fig-type=\"NewsFlash\" data-gtm-custom-categorie=\"navigation\" data-gtm-custom-action=\"crossclick\" data-gtm-custom-label=\"Contextuel\" data-gtm-event=\"customEventSPE\" data-fig-domain=\"LEFIGARO\" target=\"_blank\" rel=\"noopener\">Kylian Mbapp\u00e9 et Antoine Griezmann<\/a>\u00a0n\u2019avaient plus d\u2019essence dans le moteur et cela s\u2019est vu. Deschamps le savait depuis le d\u00e9but de la pr\u00e9paration au regard des datas, mais jamais il n\u2019a pu, avec son staff, remettre sur pied ses deux meilleurs joueurs. Chaque d\u00e9tail comptera et\u00a0<a href=\"http:\/\/www.lefigaro.fr\/sports\/football\/coupe-du-monde\/bleus-kylian-mbappe-exempte-du-voyage-en-azerbaidjan-20251114\" data-fig-type=\"NewsFlash\" data-gtm-custom-categorie=\"navigation\" data-gtm-custom-action=\"crossclick\" data-gtm-custom-label=\"Contextuel\" data-gtm-event=\"customEventSPE\" data-fig-domain=\"LEFIGARO\" target=\"_blank\" rel=\"noopener\">l\u2019absence du capitaine en Azerba\u00efdjan<\/a>, tout comme en Islande en octobre, montre que \u00ab DD\u00a0\u00bb ne veut prendre aucun risque. Fin mars, une tourn\u00e9e aux US se murmure, intercal\u00e9e entre les 8es et quarts de finale de C1. L\u00e0 aussi, ses choix et sa gestion seront importants en vue de l\u2019\u00e9t\u00e9 prochain.<\/p>\n<p>    Antoine Griezmann et Kylian Mbapp\u00e9 \u00e0 l\u2019Euro 2024<br \/>\n                Anthony Dibon \/ Icon Sport<\/p>\n<p class=\"fig-body-link\">\n            \u00c0 lire aussi<br \/>\n        <a class=\"fig-body-link__link fig-premium-mark\" href=\"http:\/\/www.lefigaro.fr\/sports\/football\/ligue-des-nations\/art-de-la-langue-de-bois-mesentente-avec-zidane-victoire-au-detriment-du-beau-jeu-didier-deschamps-casse-ces-cliches-20250322\" data-fig-type=\"Article\" data-gtm-custom-categorie=\"navigation\" data-gtm-custom-action=\"crossclick\" data-gtm-custom-label=\"Contextuel\" data-gtm-event=\"customEventSPE\" data-fig-domain=\"LEFIGARO\" target=\"_blank\" rel=\"noopener\"><\/p>\n<p>        Art de la langue de bois, m\u00e9sentente avec Zidane, victoire au d\u00e9triment du beau jeu&#8230; Didier Deschamps casse ces clich\u00e9s<br \/>\n    <\/a>\n<\/p>\n<p>                                    <a class=\"fig-a11y-skip a11y-hidden\" href=\"#fig-a11y-skip-main-inarticle\"><br \/>\n        Passer la publicit\u00e9<br \/>\n    <\/a><\/p>\n<p><strong>Faire les bons choix dans sa liste\u00a0<\/strong><\/p>\n<p class=\"fig-paragraph\">Avec toujours plus de matchs et d\u2019\u00e9quipes, la Fifa propose aux s\u00e9lectionneurs d\u2019embarquer 26 \u00e9l\u00e9ments dans leur liste pour la Coupe du monde. Peu d\u00e9sireux d\u2019avoir autant de joueurs sous ses ordres pendant des semaines \u2013 Deschamps r\u00e9p\u00e8te souvent qu\u2019il passe plus de temps \u00e0 g\u00e9rer les rempla\u00e7ants que les titulaires \u2013 le s\u00e9lectionneur, face aux d\u00e9fis des cadences et de la fra\u00eecheur,\u00a0<a href=\"http:\/\/www.lefigaro.fr\/sports\/football\/coupe-du-monde\/coupe-du-monde-2026-benjamin-pavard-desire-doue-rayan-cherki-quels-bleus-dans-l-avion-pour-l-amerique-20251114\" data-fig-type=\"Article\" data-gtm-custom-categorie=\"navigation\" data-gtm-custom-action=\"crossclick\" data-gtm-custom-label=\"Contextuel\" data-gtm-event=\"customEventSPE\" data-fig-domain=\"LEFIGARO\" target=\"_blank\" rel=\"noopener\">devrait composer le billet de 26 internationaux<\/a>\u00a0mi-mai, date de l\u2019annonce de sa liste. Si le noyau dur est d\u00e9j\u00e0 connu, sauf blessure ou m\u00e9forme, il reste encore des choix \u00e0 faire, notamment dans le domaine offensif.<\/p>\n<p class=\"fig-paragraph\">En 2021, il avait tout chamboul\u00e9 en rappelant\u00a0<a href=\"https:\/\/video.lefigaro.fr\/figaro\/sports\/karim-benzema-defend-lyna-khoudri-face-aux-attaques-de-damien-rieu-sur-l-hommage-aux-victimes-du-13-novembre-20251114\" data-fig-type=\"Video\" data-gtm-custom-categorie=\"navigation\" data-gtm-custom-action=\"crossclick\" data-gtm-custom-label=\"Contextuel\" data-gtm-event=\"customEventSPE\" data-fig-domain=\"LEFIGARO\" target=\"_blank\" rel=\"noopener\">Karim Benzema<\/a>\u00a0au dernier moment. Ce qui n\u2019avait pas eu le r\u00e9sultat escompt\u00e9 (\u00e9limination en 8e de finale contre la Suisse, son pire r\u00e9sultat sur le banc des Bleus). Et si Paul Pogba cassait tout avec l\u2019AS Monaco\u00a0? Le rappeler ou laisser vivre un groupe qui ne l\u2019a plus vu depuis 2022. Comme \u00e0 son habitude, le champion du monde 1998 profitera de ses observations des rassemblements de Clairefontaine depuis deux ans pour arbitrer ses ultimes d\u00e9cisions. Entre un \u00e9l\u00e9ment plus fort amen\u00e9 \u00e0 peu jouer et un autre, moins fort mais plus altruiste et facile \u00e0 g\u00e9rer dans la vie de groupe, il penchera pour le second. Il a toujours fonctionn\u00e9 comme cela. Jusqu\u2019\u00e0 maintenant, cette m\u00e9thode a port\u00e9 ses fruits, difficile de le contredire.<\/p>\n<p><strong>Le camp de base, son dada\u00a0<\/strong><\/p>\n<p class=\"fig-paragraph\">C\u2019est un d\u00e9tail pour le grand public, mais pour Didier Deschamps cela veut dire beaucoup.\u00a0<a href=\"http:\/\/www.lefigaro.fr\/sports\/football\/coupe-du-monde\/deschamps-et-le-camp-de-base-au-mondial-2026-pourquoi-ce-choix-obsede-le-patron-des-bleus-20251115\" data-fig-type=\"NewsFlash\" data-gtm-custom-categorie=\"navigation\" data-gtm-custom-action=\"crossclick\" data-gtm-custom-label=\"Contextuel\" data-gtm-event=\"customEventSPE\" data-fig-domain=\"LEFIGARO\" target=\"_blank\" rel=\"noopener\">Le choix du camp de base<\/a>\u00a0pour la Coupe du monde occupe l\u2019esprit du s\u00e9lectionneur depuis la qualification act\u00e9e. D\u00e8s jeudi soir apr\u00e8s\u00a0<a href=\"http:\/\/www.lefigaro.fr\/sports\/football\/coupe-du-monde\/les-notes-des-bleus-contre-l-ukraine-mbappe-et-olise-aux-deux-visages-eternel-kante-cherki-discret-20251113\" data-fig-type=\"NewsFlash\" data-gtm-custom-categorie=\"navigation\" data-gtm-custom-action=\"crossclick\" data-gtm-custom-label=\"Contextuel\" data-gtm-event=\"customEventSPE\" data-fig-domain=\"LEFIGARO\" target=\"_blank\" rel=\"noopener\">la victoire contre l\u2019Ukraine (4-0)<\/a>, dans les salons de l\u2019h\u00f4tel parisien \u00e0 c\u00f4t\u00e9 du Parc des Princes, il n\u2019a cess\u00e9 d\u2019en parler \u00e0 son staff. Chaque d\u00e9tail compte. Et tout sera scrut\u00e9 (localisation, praticit\u00e9, distance du terrain d\u2019entra\u00eenement, confort, espace de vie commune, salle de soins, chambres, accueil des familles\u2026). Une \u00e9quipe de la FFF fera le d\u00e9placement dans les prochains jours pour observer des \u00e9tablissements d\u00e9j\u00e0 rep\u00e9r\u00e9s.<\/p>\n<p class=\"fig-body-link\">\n            \u00c0 lire aussi<br \/>\n        <a class=\"fig-body-link__link fig-premium-mark\" href=\"http:\/\/www.lefigaro.fr\/sports\/football\/euro\/euro-2024-calme-confortable-mais-pas-luxueux-a-la-decouverte-du-camp-de-base-des-bleus-en-allemagne-20240612\" data-fig-type=\"NewsFlash\" data-gtm-custom-categorie=\"navigation\" data-gtm-custom-action=\"crossclick\" data-gtm-custom-label=\"Contextuel\" data-gtm-event=\"customEventSPE\" data-fig-domain=\"LEFIGARO\" target=\"_blank\" rel=\"noopener\"><\/p>\n<p>        Euro 2024\u00a0: calme, verdure, confortable mais pas luxueux\u2026 \u00c0 la d\u00e9couverte du camp de base des Bleus<br \/>\n    <\/a>\n<\/p>\n<p class=\"fig-paragraph\">Apr\u00e8s\u00a0<a href=\"http:\/\/www.lefigaro.fr\/sports\/football\/coupe-du-monde\/coupe-du-monde-2026-la-date-du-tirage-au-sort-est-connue-la-sphere-de-las-vegas-louee-pour-l-occasion-20250730\" data-fig-type=\"NewsFlash\" data-gtm-custom-categorie=\"navigation\" data-gtm-custom-action=\"crossclick\" data-gtm-custom-label=\"Contextuel\" data-gtm-event=\"customEventSPE\" data-fig-domain=\"LEFIGARO\" target=\"_blank\" rel=\"noopener\">le tirage au sort du 5 d\u00e9cembre<\/a>, le staff des Bleus prendra vite une d\u00e9cision. Premier arriv\u00e9, premier servi, m\u00eame si la France, t\u00eate de s\u00e9rie, a un avantage sur d\u2019autres s\u00e9lections. Que ce soit en 2022 \u00e0 Doha au Qatar ou en 2018 \u00e0 Istra, situ\u00e9e \u00e0 1 heure de Moscou en Russie, \u00ab DD\u00a0\u00bb a appr\u00e9ci\u00e9 la qualit\u00e9 des installations, leur calme et leur praticit\u00e9. Il veut la m\u00eame chose en Am\u00e9rique m\u00eame si la participation de 48 nations change la donne sur certains points et notamment lors des matches \u00e0 \u00e9limination directe avec l\u2019obligation de figurer dans des h\u00f4tels pr\u00e9d\u00e9finis par l\u2019organisation. Le choix d\u2019un camp de base ne vous fait pas gagner une grande comp\u00e9tition, mais il peut vous la faire perdre. Deschamps le sait mieux que personne.<\/p>\n<p class=\"fig-body-link\">\n            \u00c0 lire aussi<br \/>\n        <a class=\"fig-body-link__link fig-premium-mark\" href=\"http:\/\/www.lefigaro.fr\/sports\/football\/equipe-de-france\/j-essaie-toujours-d-etre-humble-et-bien-eduque-adrien-rabiot-au-figaro-sort-du-silence-apres-son-depart-de-l-om-20251007\" data-fig-type=\"Article\" data-gtm-custom-categorie=\"navigation\" data-gtm-custom-action=\"crossclick\" data-gtm-custom-label=\"Contextuel\" data-gtm-event=\"customEventSPE\" data-fig-domain=\"LEFIGARO\" target=\"_blank\" rel=\"noopener\"><\/p>\n<p>        \u00ab\u00a0J\u2019essaie toujours d\u2019\u00eatre humble et bien \u00e9duqu\u00e9\u00a0\u00bb\u00a0: Adrien Rabiot, au Figaro, sort du silence apr\u00e8s son d\u00e9part de l\u2019OM<br \/>\n    <\/a>\n<\/p>\n<p><strong>Int\u00e9grer du mieux possible le Ballon d\u2019Or Demb\u00e9l\u00e9<\/strong><\/p>\n<p class=\"fig-paragraph\">Avec seulement 35 minutes de jeu, en seconde p\u00e9riode contre l\u2019Ukraine en septembre dernier -ce qui avait provoqu\u00e9<a href=\"http:\/\/www.lefigaro.fr\/sports\/football\/coupe-du-monde\/dembele-blesse-deschamps-fautif-fausse-polemique-mauvais-coupable-arretons-d-etre-naifs-20250907\" data-fig-type=\"NewsFlash\" data-gtm-custom-categorie=\"navigation\" data-gtm-custom-action=\"crossclick\" data-gtm-custom-label=\"Contextuel\" data-gtm-event=\"customEventSPE\" data-fig-domain=\"LEFIGARO\" target=\"_blank\" rel=\"noopener\">\u00a0une pol\u00e9mique avec le PSG<\/a>&#8211; Ousmane Demb\u00e9l\u00e9 a travers\u00e9 la campagne de qualification des Bleus tel un fant\u00f4me.\u00a0<a href=\"http:\/\/www.lefigaro.fr\/sports\/football\/ligue-des-champions\/ousmane-dembele-n-a-pas-change-le-psg-retrouve-son-ballon-d-or-20251021\" data-fig-type=\"NewsFlash\" data-gtm-custom-categorie=\"navigation\" data-gtm-custom-action=\"crossclick\" data-gtm-custom-label=\"Contextuel\" data-gtm-event=\"customEventSPE\" data-fig-domain=\"LEFIGARO\" target=\"_blank\" rel=\"noopener\">Le Ballon d\u2019Or 2025<\/a>\u00a0n\u2019a pas pes\u00e9 dans le ticket valid\u00e9 pour l\u2019Am\u00e9rique. Forc\u00e9ment, le champion d\u2019Europe parisien voudra montrer autre chose en 2026 et son entente avec Kylian Mbapp\u00e9, si son corps le laisse tranquille, sera l\u2019une des cl\u00e9s de la r\u00e9ussite de l\u2019\u00e9quipe de France. Comment faire jouer les deux hommes\u00a0? Le capitaine des Bleus a tenu son rang depuis la rentr\u00e9e (5 buts en 4 matches) et sa place dans l\u2019axe de l\u2019attaque n\u2019est plus un sujet.<\/p>\n<p>    Ousmane Demb\u00e9l\u00e9 et Didier Deschamps<br \/>\n                Mis \/ Icon Sport<\/p>\n<p class=\"fig-body-link\">\n            \u00c0 lire aussi<br \/>\n        <a class=\"fig-body-link__link fig-premium-mark\" href=\"http:\/\/www.lefigaro.fr\/sports\/football\/ligue-des-champions\/gardien-au-psg-ce-n-est-pas-le-meme-metier-qu-a-lille-lucas-chevalier-se-livre-au-figaro-pour-son-premier-grand-entretien-depuis-son-arrivee-a-paris-20251103\" data-fig-type=\"NewsFlash\" data-gtm-custom-categorie=\"navigation\" data-gtm-custom-action=\"crossclick\" data-gtm-custom-label=\"Contextuel\" data-gtm-event=\"customEventSPE\" data-fig-domain=\"LEFIGARO\" target=\"_blank\" rel=\"noopener\"><\/p>\n<p>        \u00abGardien au PSG, ce n\u2019est pas le m\u00eame m\u00e9tier qu\u2019\u00e0 Lille\u00bb\u00a0: Lucas Chevalier se livre au Figaro pour son premier grand entretien depuis son arriv\u00e9e \u00e0 Paris<br \/>\n    <\/a>\n<\/p>\n<p>                                    <a class=\"fig-a11y-skip a11y-hidden\" href=\"#fig-a11y-skip-main-inarticle_mtf\"><br \/>\n        Passer la publicit\u00e9<br \/>\n    <\/a><\/p>\n<p class=\"fig-paragraph\">Quid de Demb\u00e9l\u00e9, utilis\u00e9 dans un r\u00f4le de faux num\u00e9ro 9 au Paris-SG\u00a0? L\u2019incorporer dans un duo avec Mbapp\u00e9 dans le 4-2-3-1 mis en place depuis mars dernier\u00a0? Le faire glisser \u00e0 droite alors qu\u2019il a \u00e9t\u00e9 le meilleur joueur de la Ligue des champions 2025 au poste d\u2019attaquant axial\u00a0?\u00a0<a href=\"http:\/\/www.lefigaro.fr\/sports\/football\/ligue-des-nations\/les-notes-des-bleus-contre-l-espagne-une-defense-catastrophique-un-milieu-atone-et-une-attaque-caricaturale-20250605\" data-fig-type=\"NewsFlash\" data-gtm-custom-categorie=\"navigation\" data-gtm-custom-action=\"crossclick\" data-gtm-custom-label=\"Contextuel\" data-gtm-event=\"customEventSPE\" data-fig-domain=\"LEFIGARO\" target=\"_blank\" rel=\"noopener\">En juin dernier contre l\u2019Espagne (d\u00e9faite 5-4)<\/a>, Demb\u00e9l\u00e9 a \u00e9t\u00e9 utilis\u00e9 \u00e0 droite. En septembre quand il rentre en jeu, bis repetita. Si le Parisien retrouve ses sensations et son niveau de jeu du printemps, Deschamps devra trouver la bonne formule. Ici r\u00e9side aussi l\u2019une des cl\u00e9s de la r\u00e9ussite des Bleus au pays de Donald Trump.<\/p>\n<p><strong>L\u2019ombre de Zidane et ne pas faire de son arr\u00eat un probl\u00e8me\u00a0<\/strong><\/p>\n<p class=\"fig-paragraph\"><a href=\"http:\/\/www.lefigaro.fr\/sports\/football\/equipe-de-france\/il-faut-que-ca-s-arrete-a-un-moment-didier-deschamps-les-questions-apres-une-annonce-choc-20250108\" data-fig-type=\"Article\" data-gtm-custom-categorie=\"navigation\" data-gtm-custom-action=\"crossclick\" data-gtm-custom-label=\"Contextuel\" data-gtm-event=\"customEventSPE\" data-fig-domain=\"LEFIGARO\" target=\"_blank\" rel=\"noopener\">En annon\u00e7ant en janvier dernier sa d\u00e9cision d\u2019arr\u00eater<\/a>\u00a0l\u2019\u00e9quipe de France apr\u00e8s la Coupe du monde 2026, Didier Deschamps a pris les devants. Maitre des horloges, il a d\u00e9min\u00e9 le terrain sur un sujet qu\u2019il ne voulait pas encombrant pour ses joueurs. Depuis, le technicien de 57 ans appara\u00eet plus l\u00e9ger et d\u00e9lest\u00e9 d\u2019un poids. Il sait o\u00f9 son aventure, lanc\u00e9e en juillet 2012 dans le costume de s\u00e9lectionneur, s\u2019arr\u00eatera. \u00ab DD\u00a0\u00bb esp\u00e8re d\u00e9rouler le fil jusqu\u2019au 19 juillet au MetLife Stadium pour glaner sa troisi\u00e8me \u00e9toile et entretenir encore un peu plus sa l\u00e9gende.<\/p>\n<p class=\"fig-paragraph\">Depuis son annonce, un homme se tient pr\u00eat\u00a0:\u00a0<a href=\"http:\/\/www.lefigaro.fr\/sports\/football\/equipe-de-france\/equipe-de-france-les-indiscretions-espagnoles-sur-le-futur-staff-de-zidane-20251112\" data-fig-type=\"NewsFlash\" data-gtm-custom-categorie=\"navigation\" data-gtm-custom-action=\"crossclick\" data-gtm-custom-label=\"Contextuel\" data-gtm-event=\"customEventSPE\" data-fig-domain=\"LEFIGARO\" target=\"_blank\" rel=\"noopener\">Zin\u00e9dine Zidane<\/a>. S\u2019ils ne sont pas les plus grands amis, malgr\u00e9 leur doubl\u00e9 en 1998-2000, les deux hommes se vouent un respect mutuel. Sauf cataclysme, \u00ab ZZ\u00a0\u00bb prendra la suite au sortir du Mondial. Reste \u00e0 savoir quand tout sera d\u00e9cid\u00e9. Avant la Coupe du monde\u00a0? Apr\u00e8s\u00a0? Au sein de la FFF, personne ne veut obstruer le travail de Deschamps et de son staff.\u00a0<a href=\"http:\/\/www.lefigaro.fr\/sports\/football\/zidane-apres-deschamps-banqueroute-des-clubs-francais-entrisme-islamiste-les-reponses-de-philippe-diallo-le-patron-de-la-fff-au-figaro-20250611\" data-fig-type=\"Article\" data-gtm-custom-categorie=\"navigation\" data-gtm-custom-action=\"crossclick\" data-gtm-custom-label=\"Contextuel\" data-gtm-event=\"customEventSPE\" data-fig-domain=\"LEFIGARO\" target=\"_blank\" rel=\"noopener\">Philippe Diallo<\/a>\u00a0marche sur des \u0153ufs et assure qu\u2019il sera pr\u00eat en temps voulu. D\u2019autres avancent que le ma\u00eetre du temps reste l\u2019actuel s\u00e9lectionneur. Une chose est certaine, tous les acteurs n\u2019ont qu\u2019une id\u00e9e en t\u00eate\u00a0: que ce sujet n\u2019alt\u00e8re en rien la vie de l\u2019\u00e9quipe de France. Charge aux principaux int\u00e9ress\u00e9s de le traiter avec professionnalisme et d\u00e9licatesse.<\/p>\n","protected":false},"excerpt":{"rendered":"En qu\u00eate d\u2019une troisi\u00e8me \u00e9toile \u00e0 la Coupe du monde 2026, le s\u00e9lectionneur de l\u2019\u00e9quipe de France a&hellip;\n","protected":false},"author":2,"featured_media":539454,"comment_status":"","ping_status":"","sticky":false,"template":"","format":"standard","meta":{"footnotes":""},"categories":[9],"tags":[18833,20532,6713,1011,27,6477,2782,60,24863],"class_list":{"0":"post-539453","1":"post","2":"type-post","3":"status-publish","4":"format-standard","5":"has-post-thumbnail","7":"category-sports","8":"tag-coupe-du-monde-2026","9":"tag-didier-deschamps","10":"tag-equipe-de-france-de-football","11":"tag-fr","12":"tag-france","13":"tag-kylian-mbappe","14":"tag-ousmane-dembele","15":"tag-sports","16":"tag-zinedine-zidane"},"share_on_mastodon":{"url":"https:\/\/pubeurope.com\/@fr\/115563056662995085","error":""},"_links":{"self":[{"href":"https:\/\/www.europesays.com\/fr\/wp-json\/wp\/v2\/posts\/539453","targetHints":{"allow":["GET"]}}],"collection":[{"href":"https:\/\/www.europesays.com\/fr\/wp-json\/wp\/v2\/posts"}],"about":[{"href":"https:\/\/www.europesays.com\/fr\/wp-json\/wp\/v2\/types\/post"}],"author":[{"embeddable":true,"href":"https:\/\/www.europesays.com\/fr\/wp-json\/wp\/v2\/users\/2"}],"replies":[{"embeddable":true,"href":"https:\/\/www.europesays.com\/fr\/wp-json\/wp\/v2\/comments?post=539453"}],"version-history":[{"count":0,"href":"https:\/\/www.europesays.com\/fr\/wp-json\/wp\/v2\/posts\/539453\/revisions"}],"wp:featuredmedia":[{"embeddable":true,"href":"https:\/\/www.europesays.com\/fr\/wp-json\/wp\/v2\/media\/539454"}],"wp:attachment":[{"href":"https:\/\/www.europesays.com\/fr\/wp-json\/wp\/v2\/media?parent=539453"}],"wp:term":[{"taxonomy":"category","embeddable":true,"href":"https:\/\/www.europesays.com\/fr\/wp-json\/wp\/v2\/categories?post=539453"},{"taxonomy":"post_tag","embeddable":true,"href":"https:\/\/www.europesays.com\/fr\/wp-json\/wp\/v2\/tags?post=539453"}],"curies":[{"name":"wp","href":"https:\/\/api.w.org\/{rel}","templated":true}]}}