{"id":539459,"date":"2025-11-17T04:06:13","date_gmt":"2025-11-17T04:06:13","guid":{"rendered":"https:\/\/www.europesays.com\/fr\/539459\/"},"modified":"2025-11-17T04:06:13","modified_gmt":"2025-11-17T04:06:13","slug":"la-station-essence-du-centre-e-leclerc-vandalisee-par-quatre-personnes-cagoulees-a-agneaux","status":"publish","type":"post","link":"https:\/\/www.europesays.com\/fr\/539459\/","title":{"rendered":"La station essence du centre E. Leclerc vandalis\u00e9e par \u00ab quatre personnes cagoul\u00e9es \u00bb, \u00e0 Agneaux"},"content":{"rendered":"<p>                    Par<br \/>\n        <strong><br \/>\n            <a href=\"https:\/\/actu.fr\/auteur\/s-lavenu\" title=\"Consulter tous les articles de Sol\u00e8ne Lavenu\" rel=\"nofollow noopener\" target=\"_blank\">Sol\u00e8ne Lavenu<\/a><br \/>\n                    <\/strong><\/p>\n<p>        Publi\u00e9 le<\/p>\n<p>            16 nov. 2025 \u00e0 18h00        <\/p>\n<p>Elle est d\u00e9sormais surveill\u00e9e nuit et jour. La <b>station-service<\/b> du centre E. Leclerc situ\u00e9e \u00e0 Agneaux (<a href=\"https:\/\/actu.fr\/normandie\/manche_50\" rel=\"nofollow noopener\" target=\"_blank\">Manche<\/a>), a subi un acte de vandalisme dans la nuit de <b>vendredi\u00a014 \u00e0 samedi 15\u00a0novembre<\/b> 2025.<\/p>\n<p class=\" wall-content\">\u00ab\u2009Quatre <b>personnes cagoul\u00e9es<\/b> sont venues \u00e0 pied mettre de la mousse expansive dans t<b>ous les monnayeurs<\/b> de la dizaine de bornes \u00e0 essence de la station. Il \u00e9tait \u00e0 peu pr\u00e8s 1 heure du matin, nous voyons les malfrats op\u00e9rer sur les vid\u00e9os\u2009\u00bb, d\u00e9taille le vigile. Le paiement par carte bancaire devenait alors<b> impossible<\/b> dans la station-service.<\/p>\n<p>Plus d\u2019attente pour les usagers<\/p>\n<p class=\" wall-content\">Un probl\u00e8me tr\u00e8s rapidement r\u00e9solu, en petite partie. D\u00e8s samedi apr\u00e8s-midi, trois bornes avaient \u00e9t\u00e9 r\u00e9par\u00e9es, leur monnayeur compl\u00e8tement chang\u00e9, et pouvaient de nouveau accueillir la client\u00e8le dans des conditions normales d\u2019utilisation. Les autres bornes, pour le moment encore inaccessibles, restent cependant utilisables si \u00ab\u2009le paiement s\u2019effectue<b> en liquide<\/b>\u2009\u00bb, d\u00e9taillent les affiches plac\u00e9es sur chaque borne par la direction.<\/p>\n<p class=\" wall-content\">\u00ab\u2009Finalement, ce sont encore les utilisateurs qui sont p\u00e9nalis\u00e9s. Il y a simplement <b>plus d\u2019attente.<\/b> Pour faire son plein, il faut \u00eatre patient\u2009\u00bb, r\u00e9sume encore le vigile.<\/p>\n<p>Une action sign\u00e9e Zorro<\/p>\n<p class=\" wall-content\">Selon nos confr\u00e8res de Ouest France Saint-L\u00f4, qui ont re\u00e7u un courrier dans la bo\u00eete aux lettres de leur r\u00e9daction, l\u2019action a \u00e9t\u00e9 revendiqu\u00e9e par un groupe baptis\u00e9 <b>\u00ab\u2009Zorro saint-lois\u2009\u00bb.<\/b> Elle visait \u00e0 \u00ab\u2009mettre un grain de sable dans la machine de la <b>grande distribution<\/b>\u2009\u00bb, que le communiqu\u00e9 de presse accuse de m\u00e9pris \u00ab\u2009pour l\u2019agriculture et les consommateurs.\u2009\u00bb E. Leclerc, lui, \u00e9tait particuli\u00e8rement cibl\u00e9 pour \u00ab\u2009participer aux in\u00e9galit\u00e9s salariales\u2009\u00bb.<\/p>\n<p class=\" wall-content\">Quant au choix de la station essence, il se justifie, toujours selon la lettre adress\u00e9e \u00e0 la r\u00e9daction de Ouest France, parce qu\u2019il soul\u00e8ve \u00ab\u2009la probl\u00e9matique \u00e9cologique. La combustion des \u00e9nergies fossiles fait plusieurs millions de morts chaque ann\u00e9e.\u2009\u00bb<\/p>\n<p>Vid\u00e9os : en ce moment sur Actu<\/p>\n<p class=\" wall-content\">Le groupe Zorro saint-lois s\u2019\u00e9tait par ailleurs d\u00e9j\u00e0 manifest\u00e9 avec <b>des collages d\u2019affiches<\/b>.\u00a0Une plainte doit \u00eatre d\u00e9pos\u00e9e par l\u2019enseigne de grande distribution. Le pr\u00e9judice est estim\u00e9 \u00e0 <b>plusieurs milliers d\u2019euros<\/b>.<\/p>\n<p class=\" wall-content\">Personnalisez votre actualit\u00e9 en ajoutant vos villes et m\u00e9dias en favori avec <a href=\"https:\/\/moncompte.actu.fr\" title=\"D\u00e9couvez Mon Actu\" rel=\"nofollow noopener\" data-trk=\"{&quot;cta&quot;:{&quot;action&quot;:&quot;https:\\\/\\\/moncompte.actu.fr&quot;,&quot;category&quot;:&quot;mon compte&quot;,&quot;from&quot;:&quot;article footer&quot;,&quot;name&quot;:&quot;Mon actu&quot;,&quot;type&quot;:&quot;cta&quot;}}\" target=\"_blank\">Mon Actu<\/a>.<\/p>\n","protected":false},"excerpt":{"rendered":"Par Sol\u00e8ne Lavenu Publi\u00e9 le 16 nov. 2025 \u00e0 18h00 Elle est d\u00e9sormais surveill\u00e9e nuit et jour. La&hellip;\n","protected":false},"author":2,"featured_media":539460,"comment_status":"","ping_status":"","sticky":false,"template":"","format":"standard","meta":{"footnotes":""},"categories":[6],"tags":[35,130,33,34,118,1011,27,1272],"class_list":{"0":"post-539459","1":"post","2":"type-post","3":"status-publish","4":"format-standard","5":"has-post-thumbnail","7":"category-economie","8":"tag-business","9":"tag-consommation","10":"tag-economie","11":"tag-economy","12":"tag-faits-divers","13":"tag-fr","14":"tag-france","15":"tag-manifestations"},"share_on_mastodon":{"url":"https:\/\/pubeurope.com\/@fr\/115563068337503140","error":""},"_links":{"self":[{"href":"https:\/\/www.europesays.com\/fr\/wp-json\/wp\/v2\/posts\/539459","targetHints":{"allow":["GET"]}}],"collection":[{"href":"https:\/\/www.europesays.com\/fr\/wp-json\/wp\/v2\/posts"}],"about":[{"href":"https:\/\/www.europesays.com\/fr\/wp-json\/wp\/v2\/types\/post"}],"author":[{"embeddable":true,"href":"https:\/\/www.europesays.com\/fr\/wp-json\/wp\/v2\/users\/2"}],"replies":[{"embeddable":true,"href":"https:\/\/www.europesays.com\/fr\/wp-json\/wp\/v2\/comments?post=539459"}],"version-history":[{"count":0,"href":"https:\/\/www.europesays.com\/fr\/wp-json\/wp\/v2\/posts\/539459\/revisions"}],"wp:featuredmedia":[{"embeddable":true,"href":"https:\/\/www.europesays.com\/fr\/wp-json\/wp\/v2\/media\/539460"}],"wp:attachment":[{"href":"https:\/\/www.europesays.com\/fr\/wp-json\/wp\/v2\/media?parent=539459"}],"wp:term":[{"taxonomy":"category","embeddable":true,"href":"https:\/\/www.europesays.com\/fr\/wp-json\/wp\/v2\/categories?post=539459"},{"taxonomy":"post_tag","embeddable":true,"href":"https:\/\/www.europesays.com\/fr\/wp-json\/wp\/v2\/tags?post=539459"}],"curies":[{"name":"wp","href":"https:\/\/api.w.org\/{rel}","templated":true}]}}