{"id":539467,"date":"2025-11-17T04:11:39","date_gmt":"2025-11-17T04:11:39","guid":{"rendered":"https:\/\/www.europesays.com\/fr\/539467\/"},"modified":"2025-11-17T04:11:39","modified_gmt":"2025-11-17T04:11:39","slug":"le-jeune-pieton-fauche-cette-nuit-a-saint-etienne-de-montluc-venait-davoir-un-accident","status":"publish","type":"post","link":"https:\/\/www.europesays.com\/fr\/539467\/","title":{"rendered":"Le jeune pi\u00e9ton fauch\u00e9 cette nuit \u00e0 Saint-\u00c9tienne-de-Montluc venait d\u2019avoir un accident"},"content":{"rendered":"<tr wp_automatic_readability=\"2.9302325581395\">\n<td valign=\"middle\" align=\"center\" class=\"col-logo\">\n    <img decoding=\"async\" src=\"https:\/\/www.europesays.com\/fr\/wp-content\/uploads\/2025\/04\/presse-ocean.gif\" alt=\"logo Presse-Oc\u00e9an\" height=\"66\"\/><\/p>\n<\/td>\n<td class=\"col-titre\">\n\t\t\tDimanche 16 novembre 2025 16:17<br \/>\n\t\t\t<a class=\"icon-bulle sizeL count\" href=\"#ancreAvis\"><br \/>\n\t&#8230;<br \/>\n<\/a><\/td>\n<\/tr>\n<p>\t\t<a class=\"mavillebox2 elmt-photo\" href=\"https:\/\/maville.com\/photosmvi\/2025\/11\/16\/P35583897D7066090G.jpg\" title=\" Un premier accident a \u00e9t\u00e9 signal\u00e9 cette nuit au lieu-dit Le Ch\u00eane-creux, o\u00f9 a \u00e9t\u00e9 retrouv\u00e9e la voiture accident\u00e9e du jeune homme.  \u00a9  capture d\u2019\u00e9cran Google street maps  \" rel=\"galerie_actu noopener\" target=\"_blank\"><br \/>\n\t<img decoding=\"async\" src=\"https:\/\/www.europesays.com\/fr\/wp-content\/uploads\/2025\/11\/P35583897D7066090G_crop_640-330_.jpg\" alt=\"photo  un premier accident a \u00e9t\u00e9 signal\u00e9 cette nuit au lieu-dit le ch\u00eane-creux, o\u00f9 a \u00e9t\u00e9 retrouv\u00e9e la voiture accident\u00e9e du jeune homme.  \u00a9  capture d\u2019\u00e9cran google street maps \"\/><br \/>\n\t1<br \/>\n<\/a><\/p>\n<p class=\"elmt-legende\"> Un premier accident a \u00e9t\u00e9 signal\u00e9 cette nuit au lieu-dit Le Ch\u00eane-creux, o\u00f9 a \u00e9t\u00e9 retrouv\u00e9e la voiture accident\u00e9e du jeune homme.  \u00a9  capture d\u2019\u00e9cran Google street maps  <\/p>\n<p>\t\tOn en sait davantage sur le drame qui a conduit un jeune homme de 24\u00a0ans au CHU de Nantes cette nuit dans un \u00e9tat grave. Sa voiture accident\u00e9e a \u00e9t\u00e9 retrouv\u00e9e \u00e0 quelques centaines de m\u00e8tres du lieu o\u00f9 il a \u00e9t\u00e9 percut\u00e9 alors qu\u2019il marchait sur la d\u00e9partementale reliant Cou\u00ebron \u00e0 Saint-\u00c9tienne-de-Montluc.<\/p>\n<p><b>Cet article est r\u00e9serv\u00e9 aux abonn\u00e9s<\/b><\/p>\n<p>Pour un acc\u00e8s imm\u00e9diat, abonnez-vous<\/p>\n<p><b>1\u00e8re semaine offerte<\/b><\/p>\n<p>\t\t Lucie Beaup\u00e9rin \u00a0\u00a0<br \/>\n\t\tPresse-Oc\u00e9an<\/p>\n<p>Retrouvez d&rsquo;autres actus sur la commune de :<\/p>\n<p>\t\t&#13;<\/p>\n","protected":false},"excerpt":{"rendered":"Dimanche 16 novembre 2025 16:17 &#8230; 1 Un premier accident a \u00e9t\u00e9 signal\u00e9 cette nuit au lieu-dit Le&hellip;\n","protected":false},"author":2,"featured_media":539468,"comment_status":"","ping_status":"","sticky":false,"template":"","format":"standard","meta":{"footnotes":""},"categories":[9653],"tags":[119,1111,11,2430,1777,674,34196,1011,27,3913,766,12,293,29988,25,4001,30932,53933],"class_list":{"0":"post-539467","1":"post","2":"type-post","3":"status-publish","4":"format-standard","5":"has-post-thumbnail","7":"category-saint-etienne","8":"tag-accident","9":"tag-actu","10":"tag-actualites","11":"tag-auvergne-rhone-alpes","12":"tag-eu","13":"tag-europe","14":"tag-fauche","15":"tag-fr","16":"tag-france","17":"tag-jeune","18":"tag-nantes","19":"tag-news","20":"tag-nuit","21":"tag-pieton","22":"tag-republique-francaise","23":"tag-saint-etienne","24":"tag-saint-etienne-de-montluc","25":"tag-venait"},"share_on_mastodon":{"url":"https:\/\/pubeurope.com\/@fr\/115563088637356450","error":""},"_links":{"self":[{"href":"https:\/\/www.europesays.com\/fr\/wp-json\/wp\/v2\/posts\/539467","targetHints":{"allow":["GET"]}}],"collection":[{"href":"https:\/\/www.europesays.com\/fr\/wp-json\/wp\/v2\/posts"}],"about":[{"href":"https:\/\/www.europesays.com\/fr\/wp-json\/wp\/v2\/types\/post"}],"author":[{"embeddable":true,"href":"https:\/\/www.europesays.com\/fr\/wp-json\/wp\/v2\/users\/2"}],"replies":[{"embeddable":true,"href":"https:\/\/www.europesays.com\/fr\/wp-json\/wp\/v2\/comments?post=539467"}],"version-history":[{"count":0,"href":"https:\/\/www.europesays.com\/fr\/wp-json\/wp\/v2\/posts\/539467\/revisions"}],"wp:featuredmedia":[{"embeddable":true,"href":"https:\/\/www.europesays.com\/fr\/wp-json\/wp\/v2\/media\/539468"}],"wp:attachment":[{"href":"https:\/\/www.europesays.com\/fr\/wp-json\/wp\/v2\/media?parent=539467"}],"wp:term":[{"taxonomy":"category","embeddable":true,"href":"https:\/\/www.europesays.com\/fr\/wp-json\/wp\/v2\/categories?post=539467"},{"taxonomy":"post_tag","embeddable":true,"href":"https:\/\/www.europesays.com\/fr\/wp-json\/wp\/v2\/tags?post=539467"}],"curies":[{"name":"wp","href":"https:\/\/api.w.org\/{rel}","templated":true}]}}