{"id":539469,"date":"2025-11-17T04:13:38","date_gmt":"2025-11-17T04:13:38","guid":{"rendered":"https:\/\/www.europesays.com\/fr\/539469\/"},"modified":"2025-11-17T04:13:38","modified_gmt":"2025-11-17T04:13:38","slug":"direct-le-gsa-tomblaine-elimine-avec-les-honneurs-face-a-las-nancy-lorraine-revivez-le-direct","status":"publish","type":"post","link":"https:\/\/www.europesays.com\/fr\/539469\/","title":{"rendered":"Direct. Le GSA Tomblaine \u00e9limin\u00e9 avec les honneurs face \u00e0\u00a0l&rsquo;AS Nancy-Lorraine ! Revivez le direct"},"content":{"rendered":"<p>C&rsquo;est le grand jour pour le GSA Tomblaine \u00a0! Les pensionnaires de R3 d\u00e9fient le prestigieux voisin de l&rsquo;ASNL lors du 7e tour de la Coupe de France ce dimanche. Le petit Poucet tomblainois a vite c\u00e9d\u00e9 sur une t\u00eate de Nahounou sur corner (2e), puis une deuxi\u00e8me fois face \u00e0 Sidib\u00e9 \u00e0 la 34e minute.\u00a0<\/p>\n<p>&#13;<br \/>\n              Adrien Richard &#8211; &#13;<br \/>\n        &#13;<br \/>\n          Hier \u00e0 11:00&#13;<br \/>\n    &#13;<br \/>\n                  | mis \u00e0 jour hier \u00e0 19:00&#13;<br \/>\n              &#8211; Temps de lecture : &#13;<br \/>\n  &#13;<\/p>\n","protected":false},"excerpt":{"rendered":"C&rsquo;est le grand jour pour le GSA Tomblaine \u00a0! Les pensionnaires de R3 d\u00e9fient le prestigieux voisin de&hellip;\n","protected":false},"author":2,"featured_media":539470,"comment_status":"","ping_status":"","sticky":false,"template":"","format":"standard","meta":{"footnotes":""},"categories":[9635],"tags":[1111,11,3703,15922,3602,1707,1704,1706,1705,10174,1777,674,1701,63,1011,27,775,1702,12,25,517,1700],"class_list":{"0":"post-539469","1":"post","2":"type-post","3":"status-publish","4":"format-standard","5":"has-post-thumbnail","7":"category-nancy","8":"tag-actu","9":"tag-actualites","10":"tag-asnl","11":"tag-coupe-de-france-de-football","12":"tag-edition-bar-le-duc","13":"tag-edition-luneville","14":"tag-edition-nancy-et-agglomeration","15":"tag-edition-pont-a-mousson","16":"tag-edition-toul","17":"tag-edition-verdun","18":"tag-eu","19":"tag-europe","20":"tag-fil-info-sport","21":"tag-football","22":"tag-fr","23":"tag-france","24":"tag-grand-est","25":"tag-nancy","26":"tag-news","27":"tag-republique-francaise","28":"tag-sport","29":"tag-sport-lorrain"},"share_on_mastodon":{"url":"https:\/\/pubeurope.com\/@fr\/115563095946453555","error":""},"_links":{"self":[{"href":"https:\/\/www.europesays.com\/fr\/wp-json\/wp\/v2\/posts\/539469","targetHints":{"allow":["GET"]}}],"collection":[{"href":"https:\/\/www.europesays.com\/fr\/wp-json\/wp\/v2\/posts"}],"about":[{"href":"https:\/\/www.europesays.com\/fr\/wp-json\/wp\/v2\/types\/post"}],"author":[{"embeddable":true,"href":"https:\/\/www.europesays.com\/fr\/wp-json\/wp\/v2\/users\/2"}],"replies":[{"embeddable":true,"href":"https:\/\/www.europesays.com\/fr\/wp-json\/wp\/v2\/comments?post=539469"}],"version-history":[{"count":0,"href":"https:\/\/www.europesays.com\/fr\/wp-json\/wp\/v2\/posts\/539469\/revisions"}],"wp:featuredmedia":[{"embeddable":true,"href":"https:\/\/www.europesays.com\/fr\/wp-json\/wp\/v2\/media\/539470"}],"wp:attachment":[{"href":"https:\/\/www.europesays.com\/fr\/wp-json\/wp\/v2\/media?parent=539469"}],"wp:term":[{"taxonomy":"category","embeddable":true,"href":"https:\/\/www.europesays.com\/fr\/wp-json\/wp\/v2\/categories?post=539469"},{"taxonomy":"post_tag","embeddable":true,"href":"https:\/\/www.europesays.com\/fr\/wp-json\/wp\/v2\/tags?post=539469"}],"curies":[{"name":"wp","href":"https:\/\/api.w.org\/{rel}","templated":true}]}}