{"id":539476,"date":"2025-11-17T04:17:12","date_gmt":"2025-11-17T04:17:12","guid":{"rendered":"https:\/\/www.europesays.com\/fr\/539476\/"},"modified":"2025-11-17T04:17:12","modified_gmt":"2025-11-17T04:17:12","slug":"comment-acceder-au-parking-comedie-pendant-les-travaux-de-lentree-mistral","status":"publish","type":"post","link":"https:\/\/www.europesays.com\/fr\/539476\/","title":{"rendered":"comment acc\u00e9der au parking Com\u00e9die pendant les travaux de l\u2019entr\u00e9e Mistral"},"content":{"rendered":"<p>                    Par<br \/>\n        <strong><br \/>\n            <a href=\"https:\/\/actu.fr\/auteur\/metropoop\" title=\"Consulter tous les articles de R\u00e9daction M\u00e9tropolitain\" rel=\"nofollow noopener\" target=\"_blank\">R\u00e9daction M\u00e9tropolitain<\/a><br \/>\n                    <\/strong><\/p>\n<p>        Publi\u00e9 le<\/p>\n<p>            17 nov. 2025 \u00e0 5h06        <\/p>\n<p><a href=\"https:\/\/actu.fr\/occitanie\/montpellier_34172\/montpellier-une-galerie-cyclable-dans-le-tunnel-de-la-comedie-pour-aussi-rendre-la-place-aux-pietons_61373066.html\" rel=\"nofollow noopener\" target=\"_blank\">La future galerie cyclable et la r\u00e9habilitation du parking Com\u00e9die<\/a> approchent de la mise en service. La date du 27 novembre 2025 se rapproche. Cette op\u00e9ration oblige \u00e0 fermer ponctuellement cet acc\u00e8s. La ville veut limiter l\u2019impact pour les automobiliste et donc d\u2019effectuer les travaux de nuit. Les interventions sont pr\u00e9vues <strong>de ce lundi 17 au mercredi 19 novembre 2025<\/strong>. Les \u00e9quipes interviendront de 22h \u00e0 6h.<\/p>\n<p>    <a href=\"https:\/\/www.google.com\/maps\/embed?pb=!1m18!1m12!1m3!1d23116.608007995343!2d3.8404096!3d43.594547199999994!2m3!1f0!2f0!3f0!3m2!1i1024!2i768!4f13.1!3m3!1m2!1s0x12b6afa7249e07c3%3A0x889767ab87f19a7b!2sParking%20TaM%20Com%C3%A9die!5e0!3m2!1sfr!2sfr!4v1763196296040!5m2!1sfr!2sfr\" title=\"Ouvrie le lien\" rel=\"nofollow noopener\" target=\"_blank\">Cliquez ici pour visualiser le contenu<\/a><\/p>\n<p>Un acc\u00e8s ferm\u00e9 mais plusieurs sorties possibles<\/p>\n<p class=\" wall-content\">La fermeture de l\u2019entr\u00e9e Mistral ne bloque pas la circulation interne. Les conducteurs pourront quitter le parking par les sorties rue du Jeu de Ballon et rue Michelet. Pour stationner pr\u00e8s de la Com\u00e9die, les automobilistes seront invit\u00e9s \u00e0 se diriger vers le parking Corum.\u00a0<\/p>\n<p class=\" wall-content\">Personnalisez votre actualit\u00e9 en ajoutant vos villes et m\u00e9dias en favori avec <a href=\"https:\/\/moncompte.actu.fr\" title=\"D\u00e9couvez Mon Actu\" rel=\"nofollow noopener\" data-trk=\"{&quot;cta&quot;:{&quot;action&quot;:&quot;https:\\\/\\\/moncompte.actu.fr&quot;,&quot;category&quot;:&quot;mon compte&quot;,&quot;from&quot;:&quot;article footer&quot;,&quot;name&quot;:&quot;Mon actu&quot;,&quot;type&quot;:&quot;cta&quot;}}\" target=\"_blank\">Mon Actu<\/a>.<\/p>\n","protected":false},"excerpt":{"rendered":"Par R\u00e9daction M\u00e9tropolitain Publi\u00e9 le 17 nov. 2025 \u00e0 5h06 La future galerie cyclable et la r\u00e9habilitation du&hellip;\n","protected":false},"author":2,"featured_media":539477,"comment_status":"","ping_status":"","sticky":false,"template":"","format":"standard","meta":{"footnotes":""},"categories":[9599],"tags":[1111,11,3542,1777,674,118,1011,27,2208,12,2680,25,59623,2086],"class_list":{"0":"post-539476","1":"post","2":"type-post","3":"status-publish","4":"format-standard","5":"has-post-thumbnail","7":"category-montpellier","8":"tag-actu","9":"tag-actualites","10":"tag-circulation","11":"tag-eu","12":"tag-europe","13":"tag-faits-divers","14":"tag-fr","15":"tag-france","16":"tag-montpellier","17":"tag-news","18":"tag-occitanie","19":"tag-republique-francaise","20":"tag-tam","21":"tag-travaux"},"share_on_mastodon":{"url":"https:\/\/pubeurope.com\/@fr\/115563111616281419","error":""},"_links":{"self":[{"href":"https:\/\/www.europesays.com\/fr\/wp-json\/wp\/v2\/posts\/539476","targetHints":{"allow":["GET"]}}],"collection":[{"href":"https:\/\/www.europesays.com\/fr\/wp-json\/wp\/v2\/posts"}],"about":[{"href":"https:\/\/www.europesays.com\/fr\/wp-json\/wp\/v2\/types\/post"}],"author":[{"embeddable":true,"href":"https:\/\/www.europesays.com\/fr\/wp-json\/wp\/v2\/users\/2"}],"replies":[{"embeddable":true,"href":"https:\/\/www.europesays.com\/fr\/wp-json\/wp\/v2\/comments?post=539476"}],"version-history":[{"count":0,"href":"https:\/\/www.europesays.com\/fr\/wp-json\/wp\/v2\/posts\/539476\/revisions"}],"wp:featuredmedia":[{"embeddable":true,"href":"https:\/\/www.europesays.com\/fr\/wp-json\/wp\/v2\/media\/539477"}],"wp:attachment":[{"href":"https:\/\/www.europesays.com\/fr\/wp-json\/wp\/v2\/media?parent=539476"}],"wp:term":[{"taxonomy":"category","embeddable":true,"href":"https:\/\/www.europesays.com\/fr\/wp-json\/wp\/v2\/categories?post=539476"},{"taxonomy":"post_tag","embeddable":true,"href":"https:\/\/www.europesays.com\/fr\/wp-json\/wp\/v2\/tags?post=539476"}],"curies":[{"name":"wp","href":"https:\/\/api.w.org\/{rel}","templated":true}]}}