{"id":539478,"date":"2025-11-17T04:21:24","date_gmt":"2025-11-17T04:21:24","guid":{"rendered":"https:\/\/www.europesays.com\/fr\/539478\/"},"modified":"2025-11-17T04:21:24","modified_gmt":"2025-11-17T04:21:24","slug":"complexe-au-niveau-des-deux-articulations-le-capitaine-du-rcv-joe-edwards-est-sorti-sur-civiere-lors-de-rc-vannes-grenoble","status":"publish","type":"post","link":"https:\/\/www.europesays.com\/fr\/539478\/","title":{"rendered":"\u00ab\u00a0Complexe au niveau des deux articulations\u00a0\u00bb\u00a0: le capitaine du RCV Joe Edwards est sorti sur civi\u00e8re lors de RC Vannes &#8211; Grenoble"},"content":{"rendered":"<p>Pro D2 (11e journ\u00e9e). RC Vannes &#8211; Grenoble<\/p>\n<p>La tuile pour le RC Vannes ! Son capitaine Joe Edwards a d\u00fb quitter pr\u00e9matur\u00e9ment ses co\u00e9quipiers, ce dimanche \u00e0 Rennes, face \u00e0 Grenoble. Apr\u00e8s les nombreuses blessures subies depuis le d\u00e9but de saison, c\u2019est un nouveau coup dur pour Jean-No\u00ebl Spitzer.<\/p>\n<p>Le troisi\u00e8me ligne, qui avait jou\u00e9 dix des onze matchs du RCV cette saison, est sorti sur civi\u00e8re \u00e0 la 43e minute. Il semblait s\u00e9rieusement touch\u00e9. Apr\u00e8s la victoire, il est revenu sur le terrain en b\u00e9quilles, \u00e0 la surprise g\u00e9n\u00e9rale, avec un imposant bandage au niveau de la cheville. Pourtant, il semblait touch\u00e9 au genou en sortant. \u00ab Je ne vais pas me prononcer, je pense que c\u2019est complexe au niveau des deux articulations \u00bb, expliquait l\u2019entra\u00eeneur Jean-No\u00ebl Spitzer, prudent.<\/p>\n","protected":false},"excerpt":{"rendered":"Pro D2 (11e journ\u00e9e). RC Vannes &#8211; Grenoble La tuile pour le RC Vannes ! Son capitaine Joe&hellip;\n","protected":false},"author":2,"featured_media":539479,"comment_status":"","ping_status":"","sticky":false,"template":"","format":"standard","meta":{"footnotes":""},"categories":[9566],"tags":[1111,11,2430,3166,1777,674,1011,27,2731,12,3164,584,25,479,60,3165],"class_list":{"0":"post-539478","1":"post","2":"type-post","3":"status-publish","4":"format-standard","5":"has-post-thumbnail","7":"category-grenoble","8":"tag-actu","9":"tag-actualites","10":"tag-auvergne-rhone-alpes","11":"tag-en-continu-sports","12":"tag-eu","13":"tag-europe","14":"tag-fr","15":"tag-france","16":"tag-grenoble","17":"tag-news","18":"tag-rc-vannes","19":"tag-rennes","20":"tag-republique-francaise","21":"tag-rugby","22":"tag-sports","23":"tag-vannes"},"share_on_mastodon":{"url":"https:\/\/pubeurope.com\/@fr\/115563127297406839","error":""},"_links":{"self":[{"href":"https:\/\/www.europesays.com\/fr\/wp-json\/wp\/v2\/posts\/539478","targetHints":{"allow":["GET"]}}],"collection":[{"href":"https:\/\/www.europesays.com\/fr\/wp-json\/wp\/v2\/posts"}],"about":[{"href":"https:\/\/www.europesays.com\/fr\/wp-json\/wp\/v2\/types\/post"}],"author":[{"embeddable":true,"href":"https:\/\/www.europesays.com\/fr\/wp-json\/wp\/v2\/users\/2"}],"replies":[{"embeddable":true,"href":"https:\/\/www.europesays.com\/fr\/wp-json\/wp\/v2\/comments?post=539478"}],"version-history":[{"count":0,"href":"https:\/\/www.europesays.com\/fr\/wp-json\/wp\/v2\/posts\/539478\/revisions"}],"wp:featuredmedia":[{"embeddable":true,"href":"https:\/\/www.europesays.com\/fr\/wp-json\/wp\/v2\/media\/539479"}],"wp:attachment":[{"href":"https:\/\/www.europesays.com\/fr\/wp-json\/wp\/v2\/media?parent=539478"}],"wp:term":[{"taxonomy":"category","embeddable":true,"href":"https:\/\/www.europesays.com\/fr\/wp-json\/wp\/v2\/categories?post=539478"},{"taxonomy":"post_tag","embeddable":true,"href":"https:\/\/www.europesays.com\/fr\/wp-json\/wp\/v2\/tags?post=539478"}],"curies":[{"name":"wp","href":"https:\/\/api.w.org\/{rel}","templated":true}]}}