{"id":539480,"date":"2025-11-17T04:23:15","date_gmt":"2025-11-17T04:23:15","guid":{"rendered":"https:\/\/www.europesays.com\/fr\/539480\/"},"modified":"2025-11-17T04:23:15","modified_gmt":"2025-11-17T04:23:15","slug":"municipales-2026-a-rennes-les-communistes-rejoignent-la-liste-de-la-majorite-municipale","status":"publish","type":"post","link":"https:\/\/www.europesays.com\/fr\/539480\/","title":{"rendered":"Municipales 2026. \u00c0 Rennes, les communistes\u00a0rejoignent la liste de la majorit\u00e9 municipale"},"content":{"rendered":"<p><strong>\u00ab\u00a0Alors que les id\u00e9es d\u2019extr\u00eame droite infusent dans toute la soci\u00e9t\u00e9, c\u2019est avec l\u2019esprit de responsabilit\u00e9 et la force de nos convictions communistes que nous sommes heureux de rejoindre le rassemblement qui agit concr\u00e8tement pour le progr\u00e8s social et l\u2019\u00e9cologie.\u00a0\u00bb<\/strong> Les\u00a0127\u00a0adh\u00e9rents \u00e0 <a href=\"https:\/\/rennes.maville.com\/info\/info-locale\/\" target=\"_blank\" rel=\"noopener\">Rennes<\/a> (Ille-et-Vilaine) se sont exprim\u00e9s, \u00e0 92\u00a0% <strong>\u00ab\u00a0pour rejoindre la liste de la majorit\u00e9 municipale sortante\u00a0\u00bb<\/strong> comprenant notamment <a href=\"https:\/\/rennes.maville.com\/actu\/actudet_-municipales-2026-a-rennes-les-ecologistes-annoncent-leur-union-avec-le-ps-des-le-premier-tour-_7-7026646_actu.Htm\" target=\"_blank\" rel=\"noopener\">le parti socialiste et les \u00e9cologistes<\/a>.<\/p>\n<p>Un petit groupe (1,33\u00a0%) s\u2019est exprim\u00e9 pour rejoindre <a href=\"https:\/\/rennes.maville.com\/actu\/actudet_-municipales-a-rennes.-sans-attendre-le-feu-vert-des-insoumis-ulysse-rabate-se-declare-candidat-_52674-7045207_actu.Htm\" target=\"_blank\" rel=\"noopener\">la liste conduite par la France Insoumise<\/a> et 6,67\u00a0% se sont exprim\u00e9s pour une campagne autonome conduite par le PCF.<\/p>\n<p>Quatre \u00e9lus actuellement<\/p>\n<p>Le parti communiste compte actuellement quatre \u00e9lus au conseil municipal\u00a0: Iris Bouchonnet, Arnaud Stephan, Claire Lemeilleur et Yannick Nadesan. <a href=\"https:\/\/rennes.maville.com\/sport\/detail_-municipales-2026-les-communistes-veulent-rabibocher-rennes-avec-le-tour-de-france-_7-7025435_actu.Htm\" target=\"_blank\" rel=\"noopener\">Le mois dernier, ils d\u00e9claraient discuter avec\u00a0les Insoumis<\/a>. \u00ab<strong>\u00a0Nous ne voulons pas travailler aux divisions \u00e0 gauche, nous ne l\u2019avons jamais fait\u00a0\u00bb<\/strong>, appuyait Yannick Nadesan.<\/p>\n<p>\u00a0<\/p>\n","protected":false},"excerpt":{"rendered":"\u00ab\u00a0Alors que les id\u00e9es d\u2019extr\u00eame droite infusent dans toute la soci\u00e9t\u00e9, c\u2019est avec l\u2019esprit de responsabilit\u00e9 et la&hellip;\n","protected":false},"author":2,"featured_media":539481,"comment_status":"","ping_status":"","sticky":false,"template":"","format":"standard","meta":{"footnotes":""},"categories":[2821],"tags":[5734,1111,11,829,13150,3472,1777,674,1011,27,5110,58510,16009,3554,12,65817,584,25],"class_list":{"0":"post-539480","1":"post","2":"type-post","3":"status-publish","4":"format-standard","5":"has-post-thumbnail","7":"category-rennes","8":"tag-5734","9":"tag-actu","10":"tag-actualites","11":"tag-bretagne","12":"tag-communistes","13":"tag-dinan","14":"tag-eu","15":"tag-europe","16":"tag-fr","17":"tag-france","18":"tag-liste","19":"tag-majorite","20":"tag-municipale","21":"tag-municipales","22":"tag-news","23":"tag-rejoignent","24":"tag-rennes","25":"tag-republique-francaise"},"share_on_mastodon":{"url":"https:\/\/pubeurope.com\/@fr\/115563135255848897","error":""},"_links":{"self":[{"href":"https:\/\/www.europesays.com\/fr\/wp-json\/wp\/v2\/posts\/539480","targetHints":{"allow":["GET"]}}],"collection":[{"href":"https:\/\/www.europesays.com\/fr\/wp-json\/wp\/v2\/posts"}],"about":[{"href":"https:\/\/www.europesays.com\/fr\/wp-json\/wp\/v2\/types\/post"}],"author":[{"embeddable":true,"href":"https:\/\/www.europesays.com\/fr\/wp-json\/wp\/v2\/users\/2"}],"replies":[{"embeddable":true,"href":"https:\/\/www.europesays.com\/fr\/wp-json\/wp\/v2\/comments?post=539480"}],"version-history":[{"count":0,"href":"https:\/\/www.europesays.com\/fr\/wp-json\/wp\/v2\/posts\/539480\/revisions"}],"wp:featuredmedia":[{"embeddable":true,"href":"https:\/\/www.europesays.com\/fr\/wp-json\/wp\/v2\/media\/539481"}],"wp:attachment":[{"href":"https:\/\/www.europesays.com\/fr\/wp-json\/wp\/v2\/media?parent=539480"}],"wp:term":[{"taxonomy":"category","embeddable":true,"href":"https:\/\/www.europesays.com\/fr\/wp-json\/wp\/v2\/categories?post=539480"},{"taxonomy":"post_tag","embeddable":true,"href":"https:\/\/www.europesays.com\/fr\/wp-json\/wp\/v2\/tags?post=539480"}],"curies":[{"name":"wp","href":"https:\/\/api.w.org\/{rel}","templated":true}]}}