{"id":539494,"date":"2025-11-17T04:41:19","date_gmt":"2025-11-17T04:41:19","guid":{"rendered":"https:\/\/www.europesays.com\/fr\/539494\/"},"modified":"2025-11-17T04:41:19","modified_gmt":"2025-11-17T04:41:19","slug":"boe-tient-tete-a-bordeaux-marmande-qualifie-pour-le-8e-tour","status":"publish","type":"post","link":"https:\/\/www.europesays.com\/fr\/539494\/","title":{"rendered":"Bo\u00e9 tient t\u00eate \u00e0 Bordeaux, Marmande qualifi\u00e9 pour le 8e tour"},"content":{"rendered":"<p>                    Par<br \/>\n        <strong><br \/>\n            <a href=\"https:\/\/actu.fr\/auteur\/tomy-rigouleau\" title=\"Consulter tous les articles de Tomy Rigouleau\" rel=\"nofollow noopener\" target=\"_blank\">Tomy Rigouleau<\/a><br \/>\n                    <\/strong><\/p>\n<p>        Publi\u00e9 le<\/p>\n<p>            16 nov. 2025 \u00e0 18h14<br \/>\n        ; mis \u00e0 jour le 16 nov. 2025 \u00e0 18h29    <\/p>\n<p>Ce samedi 15 et dimanche 16 novembre 2025, les deux derniers repr\u00e9sentants du <a href=\"https:\/\/actu.fr\/le-republicain-lot-et-garonne\/dernieres-actus\" rel=\"nofollow noopener\" target=\"_blank\">Lot-et-Garonne<\/a> en Coupe de France de football jouaient leur ticket pour le 8e tour de la comp\u00e9tition. Au stade Armandie d\u2019Agen, <b>Bo\u00e9-Bon Encontre<\/b> a fait jeu \u00e9gal avec les <b>Girondins de Bordeaux<\/b> (National 2) et sort la t\u00eate haute en s\u2019inclinant sur la plus petite des marges (0-1). \u00c7a passe dans les <a href=\"https:\/\/actu.fr\/nouvelle-aquitaine\/landes_40\" rel=\"nofollow noopener\" target=\"_blank\">Landes<\/a> pour <b>Marmande<\/b> face \u00e0 Seignosse-Capbreton (R\u00e9gional 2) malgr\u00e9 quelques frayeurs.\u00a0<\/p>\n<p>Bo\u00e9 Bon-Encontre tient t\u00eate aux Girondins de Bordeaux<\/p>\n<p data-end=\"1334\" class=\" wall-content\">C\u2019\u00e9tait le match attendu de ce week-end. L\u2019Entente Bo\u00e9-Bon-Encontre, pensionnaire de R\u00e9gional 1, accueillait ce dimanche (15h45)<b> la prestigieuse \u00e9quipe des Girondins de Bordeaux<\/b>. Condamn\u00e9s \u00e0 l\u2019exploit, les joueurs d\u2019Alexis Jourdan ont \u00e9t\u00e9 <b>\u00e0 la hauteur de l\u2019\u00e9v\u00e9nement<\/b> au stade Armandie, jardin du<a href=\"https:\/\/actu.fr\/le-republicain-lot-et-garonne\/sports\" rel=\"nofollow noopener\" target=\"_blank\"> SU Agen <\/a>qui accueillait encore il y a deux jours une rencontre de Pro D2.<\/p>\n<p data-end=\"1334\" class=\" wall-content\"><br data-end=\"1054\"\/>Dans une ambiance survolt\u00e9e et devant <b>plus de 6 750 spectateurs<\/b>, les Bo\u00e9tiens sont parfaitement entr\u00e9s dans leur match en mettant l\u2019engagement n\u00e9cessaire pour bousculer cette \u00e9quipe de <a href=\"https:\/\/actu.fr\/bordeaux\/\" rel=\"nofollow noopener\" target=\"_blank\">Bordeaux<\/a>. Ils obtiennent d\u2019ailleurs le premier corner du match d\u00e8s la deuxi\u00e8me minute de jeu.<\/p>\n<p data-end=\"1795\" class=\" wall-content\">Si les Bordelais ont logiquement mis le pied sur le ballon, ils ne se sont procur\u00e9 aucune occasion franche en premi\u00e8re mi-temps (0-0), la faute \u00e0 des Lot-et-Garonnais bien en place d\u00e9fensivement, obligeant leurs adversaires \u00e0 jouer le plus souvent vers l\u2019arri\u00e8re. Si les Bo\u00e9tiens n\u2019ont pas r\u00e9ussi \u00e0 inqui\u00e9ter Diabat\u00e9, le gardien bordelais, ils ont \u00e0 plusieurs reprises port\u00e9 le ballon dans la surface adverse, avec un <b>Mathias P\u00e9ja<\/b>c particuli\u00e8rement inspir\u00e9.<\/p>\n<p data-end=\"2281\" class=\" wall-content\">Au retour des vestiaires, les Lot-et-Garonnais sont cueillis \u00e0 froid sur la <b>premi\u00e8re occasion bordelaise<\/b>. Apr\u00e8s une perte de balle c\u00f4t\u00e9 gauche, <b>Soufiane Bahassa<\/b> est servi \u00e0 l\u2019entr\u00e9e de la surface et d\u00e9coche une frappe crois\u00e9e imparable (0-1, 55e).<\/p>\n<p data-end=\"2281\" class=\" wall-content\"><br data-end=\"2047\"\/>Bo\u00e9 r\u00e9agit dans la foul\u00e9e avec un bon centre de <b>Belloch<\/b>, bien repouss\u00e9 par la d\u00e9fense girondine. Loin de baisser les bras, les Lot-et-Garonnais parviennent \u00e0 s\u2019approcher de la cage bordelaise mais sans se cr\u00e9er d\u2019occasions franches.<\/p>\n<p>Votre r\u00e9gion, votre actu !<\/p>\n<p>Recevez chaque jour les infos qui comptent pour vous.<\/p>\n<p>\t<a href=\"https:\/\/actu.fr\/newsletter\" class=\"ac-btn ac-btn--corner ac-btn--medium ac-btn--blue800\" rel=\"nofollow noopener\" target=\"_blank\">S&rsquo;incrire<\/a><\/p>\n<p data-end=\"2534\" class=\" wall-content\">Jusqu\u2019au coup de sifflet final, les Bo\u00e9tiens vont rivaliser avec Bordeaux, emp\u00eachant les Girondins de se mettre \u00e0 l\u2019abri, notamment gr\u00e2ce \u00e0 un magnifique tacle d\u2019<b>Alexis Tillier <\/b>(68e) ou encore \u00e0 une belle parade de <b>Grossetie<\/b> dans le temps additionnel.<\/p>\n<blockquote class=\"ac-article-quote wall-content\">\n<p>Tr\u00e8s fier de mes joueurs. On perd sur la plus petite des marges. Bordeaux a domin\u00e9 mais sans se cr\u00e9er d\u2019occasion franche. \u00c7a aurait pu se jouer \u00e0 des petits d\u00e9tails, notamment sur coup de pied arr\u00eat\u00e9. Mais \u00e7a reste une belle journ\u00e9e pour le football lot-et-garonnais.<\/p>\n<p>Alexis Jourdan, coach de Bo\u00e9-Bon Encontre<\/p><\/blockquote>\n<p>Marmande se qualifie mais s\u2019est fait peur<\/p>\n<p data-end=\"3225\" class=\" wall-content\">Du c\u00f4t\u00e9 de <a href=\"https:\/\/actu.fr\/nouvelle-aquitaine\/marmande_47157\" rel=\"nofollow noopener\" target=\"_blank\">Marmande<\/a>, qui jouait samedi sur le terrain de Saint-Paul-l\u00e8s-Dax face \u00e0 Seignosse-Capbreton, un adversaire \u00e9voluant un \u00e9chelon en dessous, la hi\u00e9rarchie a \u00e9t\u00e9 respect\u00e9e. Les Marmandais se sont qualifi\u00e9s 3-2, non sans trembler apr\u00e8s avoir rapidement men\u00e9 2-0 gr\u00e2ce \u00e0 des buts de <b>Kond\u00e9<\/b> et <b>Zbat<\/b>.<\/p>\n<p data-end=\"3496\" class=\" wall-content\">Revenus \u00e0 \u00e9galit\u00e9 en seconde p\u00e9riode, les Landais ont donn\u00e9 du fil \u00e0 retordre aux Marmandais, qui ont finalement inscrit le troisi\u00e8me but en toute fin de rencontre gr\u00e2ce \u00e0 Imed Zbat, auteur d\u2019un doubl\u00e9, synonyme de qualification pour le 8e tour de la Coupe de France.<\/p>\n<p data-end=\"3602\" class=\" wall-content\">Les Marmandais affronteront le vainqueur du match entre Blagnac et Arcachon, deux \u00e9quipes de National 3.<\/p>\n<p class=\" wall-content\">Personnalisez votre actualit\u00e9 en ajoutant vos villes et m\u00e9dias en favori avec <a href=\"https:\/\/moncompte.actu.fr\" title=\"D\u00e9couvez Mon Actu\" rel=\"nofollow noopener\" data-trk=\"{&quot;cta&quot;:{&quot;action&quot;:&quot;https:\\\/\\\/moncompte.actu.fr&quot;,&quot;category&quot;:&quot;mon compte&quot;,&quot;from&quot;:&quot;article footer&quot;,&quot;name&quot;:&quot;Mon actu&quot;,&quot;type&quot;:&quot;cta&quot;}}\" target=\"_blank\">Mon Actu<\/a>.<\/p>\n","protected":false},"excerpt":{"rendered":"Par Tomy Rigouleau Publi\u00e9 le 16 nov. 2025 \u00e0 18h14 ; mis \u00e0 jour le 16 nov. 2025&hellip;\n","protected":false},"author":2,"featured_media":539495,"comment_status":"","ping_status":"","sticky":false,"template":"","format":"standard","meta":{"footnotes":""},"categories":[2817],"tags":[1111,11,1997,83,1777,674,1011,27,12,2219,25,60],"class_list":{"0":"post-539494","1":"post","2":"type-post","3":"status-publish","4":"format-standard","5":"has-post-thumbnail","7":"category-bordeaux","8":"tag-actu","9":"tag-actualites","10":"tag-bordeaux","11":"tag-coupe-de-france","12":"tag-eu","13":"tag-europe","14":"tag-fr","15":"tag-france","16":"tag-news","17":"tag-nouvelle-aquitaine","18":"tag-republique-francaise","19":"tag-sports"},"share_on_mastodon":{"url":"https:\/\/pubeurope.com\/@fr\/115563205979565948","error":""},"_links":{"self":[{"href":"https:\/\/www.europesays.com\/fr\/wp-json\/wp\/v2\/posts\/539494","targetHints":{"allow":["GET"]}}],"collection":[{"href":"https:\/\/www.europesays.com\/fr\/wp-json\/wp\/v2\/posts"}],"about":[{"href":"https:\/\/www.europesays.com\/fr\/wp-json\/wp\/v2\/types\/post"}],"author":[{"embeddable":true,"href":"https:\/\/www.europesays.com\/fr\/wp-json\/wp\/v2\/users\/2"}],"replies":[{"embeddable":true,"href":"https:\/\/www.europesays.com\/fr\/wp-json\/wp\/v2\/comments?post=539494"}],"version-history":[{"count":0,"href":"https:\/\/www.europesays.com\/fr\/wp-json\/wp\/v2\/posts\/539494\/revisions"}],"wp:featuredmedia":[{"embeddable":true,"href":"https:\/\/www.europesays.com\/fr\/wp-json\/wp\/v2\/media\/539495"}],"wp:attachment":[{"href":"https:\/\/www.europesays.com\/fr\/wp-json\/wp\/v2\/media?parent=539494"}],"wp:term":[{"taxonomy":"category","embeddable":true,"href":"https:\/\/www.europesays.com\/fr\/wp-json\/wp\/v2\/categories?post=539494"},{"taxonomy":"post_tag","embeddable":true,"href":"https:\/\/www.europesays.com\/fr\/wp-json\/wp\/v2\/tags?post=539494"}],"curies":[{"name":"wp","href":"https:\/\/api.w.org\/{rel}","templated":true}]}}